{"id":7411,"date":"2017-01-03T14:06:03","date_gmt":"2017-01-03T18:06:03","guid":{"rendered":"http:\/\/blogdalucianaoliveira.com.br\/blog\/?p=7411"},"modified":"2017-01-03T14:16:32","modified_gmt":"2017-01-03T18:16:32","slug":"doria-de-porto-velho-anuncia-que-tambem-vai-doar-salarios","status":"publish","type":"post","link":"http:\/\/blogdalucianaoliveira.com.br\/blog\/2017\/01\/03\/doria-de-porto-velho-anuncia-que-tambem-vai-doar-salarios\/","title":{"rendered":"\u2018D\u00d3RIA\u2019 DE PORTO VELHO ANUNCIA QUE TAMB\u00c9M VAI DOAR SAL\u00c1RIOS"},"content":{"rendered":"<p><img data-recalc-dims=\"1\" loading=\"lazy\" decoding=\"async\" data-attachment-id=\"7414\" data-permalink=\"http:\/\/blogdalucianaoliveira.com.br\/blog\/2017\/01\/03\/doria-de-porto-velho-anuncia-que-tambem-vai-doar-salarios\/hildon-kk\/\" data-orig-file=\"https:\/\/i0.wp.com\/blogdalucianaoliveira.com.br\/blog\/wp-content\/uploads\/2017\/01\/HILDON-KK.jpg?fit=680%2C453\" data-orig-size=\"680,453\" data-comments-opened=\"0\" data-image-meta=\"{&quot;aperture&quot;:&quot;0&quot;,&quot;credit&quot;:&quot;&quot;,&quot;camera&quot;:&quot;&quot;,&quot;caption&quot;:&quot;&quot;,&quot;created_timestamp&quot;:&quot;0&quot;,&quot;copyright&quot;:&quot;&quot;,&quot;focal_length&quot;:&quot;0&quot;,&quot;iso&quot;:&quot;0&quot;,&quot;shutter_speed&quot;:&quot;0&quot;,&quot;title&quot;:&quot;&quot;,&quot;orientation&quot;:&quot;0&quot;}\" data-image-title=\"hildon-kk\" data-image-description=\"\" data-image-caption=\"\" data-medium-file=\"https:\/\/i0.wp.com\/blogdalucianaoliveira.com.br\/blog\/wp-content\/uploads\/2017\/01\/HILDON-KK.jpg?fit=300%2C200\" data-large-file=\"https:\/\/i0.wp.com\/blogdalucianaoliveira.com.br\/blog\/wp-content\/uploads\/2017\/01\/HILDON-KK.jpg?fit=600%2C400\" src=\"https:\/\/i0.wp.com\/blogdalucianaoliveira.com.br\/blog\/wp-content\/uploads\/2017\/01\/HILDON-KK.jpg?resize=600%2C400\" alt=\"hildon-kk\" width=\"600\" height=\"400\" class=\"alignnone size-full wp-image-7414\" srcset=\"https:\/\/i0.wp.com\/blogdalucianaoliveira.com.br\/blog\/wp-content\/uploads\/2017\/01\/HILDON-KK.jpg?w=680 680w, https:\/\/i0.wp.com\/blogdalucianaoliveira.com.br\/blog\/wp-content\/uploads\/2017\/01\/HILDON-KK.jpg?resize=300%2C200 300w, https:\/\/i0.wp.com\/blogdalucianaoliveira.com.br\/blog\/wp-content\/uploads\/2017\/01\/HILDON-KK.jpg?resize=450%2C300 450w\" sizes=\"auto, (max-width: 600px) 100vw, 600px\" \/><\/p>\n<p>A compara\u00e7\u00e3o entre os prefeitos tucanos, Hildon Chaves, de Porto Velho e Jo\u00e3o D\u00f3ria, de S\u00e3o Paulo, foi feita pela revista Veja em edi\u00e7\u00e3o de 13 de outubro de 2016.<\/p>\n<p>\u201cCandidato rico, empres\u00e1rio e com perfil distante da tradicional pol\u00edtica\u201d, apontou a revista sobre Chaves.<!--more--><\/p>\n<p> \u201cN\u00f3s somos muito parecidos. Nunca conversei com ele, acompanho a sua carreira \u00e0 dist\u00e2ncia, mas somos parecidos\u201d, afirmou \u00e0 Veja.<\/p>\n<p>N\u00e3o \u00e9 bem assim, mas o novo prefeito da capital de Rond\u00f4nia gostou tanto que publicou a not\u00edcia na sua p\u00e1gina no facebook e os correligion\u00e1rios empestaram as redes sociais com o link da mat\u00e9ria na reta final do segundo turno. <\/p>\n<p>Hildon \u00e9 de fato rico, s\u00f3 que por mais de duas d\u00e9cadas foi promotor, atividade inconcili\u00e1vel com a administra\u00e7\u00e3o privada, portanto quem cuidava das empresas era a esposa e foi o que disse em entrevistas.<\/p>\n<p>Ao inv\u00e9s de manter-se distante de pol\u00edticos tradicionais, se associou a esposa do presidente do partido no estado, Expedito J\u00fanior, cassado por compra de votos, numa empresa no Rio de Janeiro que disse nunca ter sa\u00eddo do papel.<\/p>\n<p>Bom, mas a compara\u00e7\u00e3o entre os dois ajudou a alavancar ainda mais sua campanha e ao que parece, Hildon vai insistir em parecer com D\u00f3ria.<\/p>\n<p>No discurso de posse, prometeu doar seus sal\u00e1rios de prefeito \u00e0 entidades beneficentes.<\/p>\n<p>Exatamente o que D\u00f3ria fez em campanha quando anunciou na R\u00e1dio Bandeirantes que abriria m\u00e3o do equivalente a mais de um R$ 1 milh\u00e3o. <\/p>\n<p>&#8220;Tenho dinheiro suficiente para viver o resto da minha vida sem trabalhar.\u201d<\/p>\n<p>Na \u00e2nsia de obter sucesso com demagogia, como Trump e tantos outros que ca\u00edram na gra\u00e7a de eleitores desiludidos e emburrecidos, D\u00f3ria cometeu uma gafe inesquec\u00edvel. <\/p>\n<p>Disse que ia doar o primeiro sal\u00e1rio para as &#8220;crian\u00e7as defeituosas&#8221; da Associa\u00e7\u00e3o de Assist\u00eancia \u00e0 Crian\u00e7a Deficiente (AACD).<\/p>\n<p>O pol\u00edtico que adota como isca o discurso demag\u00f3gico vive sujeito a morder a l\u00edngua.<\/p>\n<p>Ao gesto que pode parecer sincero aos mais ing\u00eanuos, imp\u00f5e desconfian\u00e7a.<\/p>\n<p>Estivessem sendo sinceros os prefeitos de Porto Velho e S\u00e3o Paulo, simplesmente doariam os sal\u00e1rios sem fazer propaganda.<\/p>\n<p>Terminado o mandato, a\u00ed sim, era s\u00f3 dar um jeito de chegar \u00e0 imprensa a doa\u00e7\u00e3o ao interesse social.<\/p>\n<p>Parece \u00f3bvio n\u00e9? <\/p>\n<p>Mas,n\u00e3o neste tempo em que a demagogia venceu a democracia.<\/p>\n<p>Com o manique\u00edsmo pol\u00edtico em alta, a boa a\u00e7\u00e3o virou arma de marketing poderosa.<\/p>\n<p>Para que uns pare\u00e7am bons e outros maus, \u00e9 s\u00f3 excluir o adv\u00e9rbio \u2018n\u00e3o\u2019 do vers\u00edculo b\u00edblico: quando deres uma esmola ou ajuda, deixes tua m\u00e3o esquerda saber o que faz a direita.<\/p>\n","protected":false},"excerpt":{"rendered":"<p>A compara\u00e7\u00e3o entre os prefeitos tucanos, Hildon Chaves, de Porto Velho e Jo\u00e3o D\u00f3ria, de S\u00e3o Paulo, foi feita pela revista Veja em edi\u00e7\u00e3o de 13 de outubro de 2016. \u201cCandidato rico, empres\u00e1rio e com perfil distante da tradicional pol\u00edtica\u201d, apontou a revista sobre Chaves.<\/p>\n","protected":false},"author":1,"featured_media":0,"comment_status":"closed","ping_status":"open","sticky":false,"template":"","format":"standard","meta":{"_exactmetrics_skip_tracking":false,"_exactmetrics_sitenote_active":false,"_exactmetrics_sitenote_note":"","_exactmetrics_sitenote_category":0,"jetpack_post_was_ever_published":false,"_jetpack_newsletter_access":"","_jetpack_dont_email_post_to_subs":false,"_jetpack_newsletter_tier_id":0,"_jetpack_memberships_contains_paywalled_content":false,"_jetpack_memberships_contains_paid_content":false,"footnotes":"","jetpack_publicize_message":"","jetpack_publicize_feature_enabled":true,"jetpack_social_post_already_shared":true,"jetpack_social_options":{"image_generator_settings":{"template":"highway","enabled":false},"version":2}},"categories":[1],"tags":[],"class_list":["post-7411","post","type-post","status-publish","format-standard","hentry","category-notas"],"jetpack_publicize_connections":[],"jetpack_sharing_enabled":true,"jetpack_featured_media_url":"","jetpack_shortlink":"https:\/\/wp.me\/p7wKYW-1Vx","jetpack-related-posts":[],"_links":{"self":[{"href":"http:\/\/blogdalucianaoliveira.com.br\/blog\/wp-json\/wp\/v2\/posts\/7411","targetHints":{"allow":["GET"]}}],"collection":[{"href":"http:\/\/blogdalucianaoliveira.com.br\/blog\/wp-json\/wp\/v2\/posts"}],"about":[{"href":"http:\/\/blogdalucianaoliveira.com.br\/blog\/wp-json\/wp\/v2\/types\/post"}],"author":[{"embeddable":true,"href":"http:\/\/blogdalucianaoliveira.com.br\/blog\/wp-json\/wp\/v2\/users\/1"}],"replies":[{"embeddable":true,"href":"http:\/\/blogdalucianaoliveira.com.br\/blog\/wp-json\/wp\/v2\/comments?post=7411"}],"version-history":[{"count":7,"href":"http:\/\/blogdalucianaoliveira.com.br\/blog\/wp-json\/wp\/v2\/posts\/7411\/revisions"}],"predecessor-version":[{"id":7420,"href":"http:\/\/blogdalucianaoliveira.com.br\/blog\/wp-json\/wp\/v2\/posts\/7411\/revisions\/7420"}],"wp:attachment":[{"href":"http:\/\/blogdalucianaoliveira.com.br\/blog\/wp-json\/wp\/v2\/media?parent=7411"}],"wp:term":[{"taxonomy":"category","embeddable":true,"href":"http:\/\/blogdalucianaoliveira.com.br\/blog\/wp-json\/wp\/v2\/categories?post=7411"},{"taxonomy":"post_tag","embeddable":true,"href":"http:\/\/blogdalucianaoliveira.com.br\/blog\/wp-json\/wp\/v2\/tags?post=7411"}],"curies":[{"name":"wp","href":"https:\/\/api.w.org\/{rel}","templated":true}]}}