{"id":7455,"date":"2017-01-04T11:33:24","date_gmt":"2017-01-04T15:33:24","guid":{"rendered":"http:\/\/blogdalucianaoliveira.com.br\/blog\/?p=7455"},"modified":"2017-01-04T11:33:24","modified_gmt":"2017-01-04T15:33:24","slug":"governador-diz-que-nao-havia-santo-entre-os-mortos-em-presidio","status":"publish","type":"post","link":"http:\/\/blogdalucianaoliveira.com.br\/blog\/2017\/01\/04\/governador-diz-que-nao-havia-santo-entre-os-mortos-em-presidio\/","title":{"rendered":"GOVERNADOR DIZ QUE N\u00c3O HAVIA \u201cSANTO\u201d ENTRE OS MORTOS EM PRES\u00cdDIO"},"content":{"rendered":"<p><img data-recalc-dims=\"1\" loading=\"lazy\" decoding=\"async\" data-attachment-id=\"7456\" data-permalink=\"http:\/\/blogdalucianaoliveira.com.br\/blog\/2017\/01\/04\/governador-diz-que-nao-havia-santo-entre-os-mortos-em-presidio\/mana\/\" data-orig-file=\"https:\/\/i0.wp.com\/blogdalucianaoliveira.com.br\/blog\/wp-content\/uploads\/2017\/01\/mana.jpg?fit=1000%2C357\" data-orig-size=\"1000,357\" data-comments-opened=\"0\" data-image-meta=\"{&quot;aperture&quot;:&quot;0&quot;,&quot;credit&quot;:&quot;&quot;,&quot;camera&quot;:&quot;&quot;,&quot;caption&quot;:&quot;&quot;,&quot;created_timestamp&quot;:&quot;0&quot;,&quot;copyright&quot;:&quot;&quot;,&quot;focal_length&quot;:&quot;0&quot;,&quot;iso&quot;:&quot;0&quot;,&quot;shutter_speed&quot;:&quot;0&quot;,&quot;title&quot;:&quot;&quot;,&quot;orientation&quot;:&quot;0&quot;}\" data-image-title=\"mana\" data-image-description=\"\" data-image-caption=\"\" data-medium-file=\"https:\/\/i0.wp.com\/blogdalucianaoliveira.com.br\/blog\/wp-content\/uploads\/2017\/01\/mana.jpg?fit=300%2C107\" data-large-file=\"https:\/\/i0.wp.com\/blogdalucianaoliveira.com.br\/blog\/wp-content\/uploads\/2017\/01\/mana.jpg?fit=600%2C214\" src=\"https:\/\/i0.wp.com\/blogdalucianaoliveira.com.br\/blog\/wp-content\/uploads\/2017\/01\/mana.jpg?resize=600%2C214\" alt=\"mana\" width=\"600\" height=\"214\" class=\"alignnone size-full wp-image-7456\" srcset=\"https:\/\/i0.wp.com\/blogdalucianaoliveira.com.br\/blog\/wp-content\/uploads\/2017\/01\/mana.jpg?w=1000 1000w, https:\/\/i0.wp.com\/blogdalucianaoliveira.com.br\/blog\/wp-content\/uploads\/2017\/01\/mana.jpg?resize=300%2C107 300w, https:\/\/i0.wp.com\/blogdalucianaoliveira.com.br\/blog\/wp-content\/uploads\/2017\/01\/mana.jpg?resize=768%2C274 768w, https:\/\/i0.wp.com\/blogdalucianaoliveira.com.br\/blog\/wp-content\/uploads\/2017\/01\/mana.jpg?resize=800%2C286 800w\" sizes=\"auto, (max-width: 600px) 100vw, 600px\" \/><\/p>\n<p>247 &#8211; O governador do Amazonas, Jos\u00e9 Melo (Pros), deu uma declara\u00e7\u00e3o desastrosa na manh\u00e3 desta quarta-feira. Ele afirmou que n\u00e3o tinha nenhum santo&#8221; entre os 56 presos mortos durante rebeli\u00e3o no Compaj (Complexo Penitenci\u00e1rio An\u00edsio Jobim), em Manaus.<!--more--><\/p>\n<p>&#8220;N\u00e3o tinha nenhum santo. Eram estupradores, matadores e pessoas ligadas a outra fac\u00e7\u00e3o, que \u00e9 minoria aqui no Estado do Amazonas. Ontem, como medida de seguran\u00e7a, n\u00f3s retiramos todos [os amea\u00e7ados] quem ainda restavam e segregamos a outro pres\u00eddio para evitar que continuasse acontecendo o pior&#8221;, afirmou o governador \u00e0 r\u00e1dio CBN.<\/p>\n<p>Jos\u00e9 Melto disse que a atual situa\u00e7\u00e3o do sistema carcer\u00e1rio \u00e9 culpa do tr\u00e1fico de drogas. &#8220;A superlota\u00e7\u00e3o \u00e9 um problema comum a todos os Estados. Os recursos para a constru\u00e7\u00e3o de novas pris\u00f5es n\u00e3o foram na mesma velocidade que as secretarias de seguran\u00e7a agiram prendendo as pessoas. Ent\u00e3o resultou nessa situa\u00e7\u00e3o&#8221;.<\/p>\n<p>&#8220;No caso do Amazonas, esse caso \u00e9 mais grave, j\u00e1 que em dois anos de governo, n\u00f3s j\u00e1 apreendemos 21 toneladas de drogas, o que representa o quantitativo apreendido por todos os outros governos que me antecederam, e praticamente dobramos a popula\u00e7\u00e3o carcer\u00e1ria com pris\u00f5es voltadas sobretudo para essa quest\u00e3o de tr\u00e1fico de drogas&#8221;.<\/p>\n<p>O papa Francisco condenou o massacre de Manaus (leia aqui) e fez um apelo para que presos sejam tratados com dignidade no Brasil \u2013 muitos dos mortos foram decapitados.<\/p>\n","protected":false},"excerpt":{"rendered":"<p>247 &#8211; O governador do Amazonas, Jos\u00e9 Melo (Pros), deu uma declara\u00e7\u00e3o desastrosa na manh\u00e3 desta quarta-feira. Ele afirmou que n\u00e3o tinha nenhum santo&#8221; entre os 56 presos mortos durante rebeli\u00e3o no Compaj (Complexo Penitenci\u00e1rio An\u00edsio Jobim), em Manaus.<\/p>\n","protected":false},"author":1,"featured_media":7456,"comment_status":"closed","ping_status":"open","sticky":false,"template":"","format":"standard","meta":{"_exactmetrics_skip_tracking":false,"_exactmetrics_sitenote_active":false,"_exactmetrics_sitenote_note":"","_exactmetrics_sitenote_category":0,"jetpack_post_was_ever_published":false,"_jetpack_newsletter_access":"","_jetpack_dont_email_post_to_subs":false,"_jetpack_newsletter_tier_id":0,"_jetpack_memberships_contains_paywalled_content":false,"_jetpack_memberships_contains_paid_content":false,"footnotes":"","jetpack_publicize_message":"","jetpack_publicize_feature_enabled":true,"jetpack_social_post_already_shared":true,"jetpack_social_options":{"image_generator_settings":{"template":"highway","enabled":false},"version":2}},"categories":[1],"tags":[],"class_list":["post-7455","post","type-post","status-publish","format-standard","has-post-thumbnail","hentry","category-notas"],"jetpack_publicize_connections":[],"jetpack_sharing_enabled":true,"jetpack_featured_media_url":"https:\/\/i0.wp.com\/blogdalucianaoliveira.com.br\/blog\/wp-content\/uploads\/2017\/01\/mana.jpg?fit=1000%2C357","jetpack_shortlink":"https:\/\/wp.me\/p7wKYW-1Wf","jetpack-related-posts":[],"_links":{"self":[{"href":"http:\/\/blogdalucianaoliveira.com.br\/blog\/wp-json\/wp\/v2\/posts\/7455","targetHints":{"allow":["GET"]}}],"collection":[{"href":"http:\/\/blogdalucianaoliveira.com.br\/blog\/wp-json\/wp\/v2\/posts"}],"about":[{"href":"http:\/\/blogdalucianaoliveira.com.br\/blog\/wp-json\/wp\/v2\/types\/post"}],"author":[{"embeddable":true,"href":"http:\/\/blogdalucianaoliveira.com.br\/blog\/wp-json\/wp\/v2\/users\/1"}],"replies":[{"embeddable":true,"href":"http:\/\/blogdalucianaoliveira.com.br\/blog\/wp-json\/wp\/v2\/comments?post=7455"}],"version-history":[{"count":1,"href":"http:\/\/blogdalucianaoliveira.com.br\/blog\/wp-json\/wp\/v2\/posts\/7455\/revisions"}],"predecessor-version":[{"id":7457,"href":"http:\/\/blogdalucianaoliveira.com.br\/blog\/wp-json\/wp\/v2\/posts\/7455\/revisions\/7457"}],"wp:featuredmedia":[{"embeddable":true,"href":"http:\/\/blogdalucianaoliveira.com.br\/blog\/wp-json\/wp\/v2\/media\/7456"}],"wp:attachment":[{"href":"http:\/\/blogdalucianaoliveira.com.br\/blog\/wp-json\/wp\/v2\/media?parent=7455"}],"wp:term":[{"taxonomy":"category","embeddable":true,"href":"http:\/\/blogdalucianaoliveira.com.br\/blog\/wp-json\/wp\/v2\/categories?post=7455"},{"taxonomy":"post_tag","embeddable":true,"href":"http:\/\/blogdalucianaoliveira.com.br\/blog\/wp-json\/wp\/v2\/tags?post=7455"}],"curies":[{"name":"wp","href":"https:\/\/api.w.org\/{rel}","templated":true}]}}