{"id":7464,"date":"2017-01-05T09:33:20","date_gmt":"2017-01-05T13:33:20","guid":{"rendered":"http:\/\/blogdalucianaoliveira.com.br\/blog\/?p=7464"},"modified":"2017-01-05T09:33:20","modified_gmt":"2017-01-05T13:33:20","slug":"tres-dias-depois-temer-fala-o-obvio-acidente-pavoroso","status":"publish","type":"post","link":"http:\/\/blogdalucianaoliveira.com.br\/blog\/2017\/01\/05\/tres-dias-depois-temer-fala-o-obvio-acidente-pavoroso\/","title":{"rendered":"TR\u00caS DIAS DEPOIS, TEMER FALA O \u00d3BVIO: ACIDENTE PAVOROSO"},"content":{"rendered":"<p><img data-recalc-dims=\"1\" loading=\"lazy\" decoding=\"async\" data-attachment-id=\"7465\" data-permalink=\"http:\/\/blogdalucianaoliveira.com.br\/blog\/2017\/01\/05\/tres-dias-depois-temer-fala-o-obvio-acidente-pavoroso\/mana1\/\" data-orig-file=\"https:\/\/i0.wp.com\/blogdalucianaoliveira.com.br\/blog\/wp-content\/uploads\/2017\/01\/mana1.jpg?fit=1000%2C357\" data-orig-size=\"1000,357\" data-comments-opened=\"0\" data-image-meta=\"{&quot;aperture&quot;:&quot;0&quot;,&quot;credit&quot;:&quot;&quot;,&quot;camera&quot;:&quot;&quot;,&quot;caption&quot;:&quot;&quot;,&quot;created_timestamp&quot;:&quot;0&quot;,&quot;copyright&quot;:&quot;&quot;,&quot;focal_length&quot;:&quot;0&quot;,&quot;iso&quot;:&quot;0&quot;,&quot;shutter_speed&quot;:&quot;0&quot;,&quot;title&quot;:&quot;&quot;,&quot;orientation&quot;:&quot;0&quot;}\" data-image-title=\"mana1\" data-image-description=\"\" data-image-caption=\"\" data-medium-file=\"https:\/\/i0.wp.com\/blogdalucianaoliveira.com.br\/blog\/wp-content\/uploads\/2017\/01\/mana1.jpg?fit=300%2C107\" data-large-file=\"https:\/\/i0.wp.com\/blogdalucianaoliveira.com.br\/blog\/wp-content\/uploads\/2017\/01\/mana1.jpg?fit=600%2C214\" src=\"https:\/\/i0.wp.com\/blogdalucianaoliveira.com.br\/blog\/wp-content\/uploads\/2017\/01\/mana1.jpg?resize=600%2C214\" alt=\"mana1\" width=\"600\" height=\"214\" class=\"alignnone size-full wp-image-7465\" srcset=\"https:\/\/i0.wp.com\/blogdalucianaoliveira.com.br\/blog\/wp-content\/uploads\/2017\/01\/mana1.jpg?w=1000 1000w, https:\/\/i0.wp.com\/blogdalucianaoliveira.com.br\/blog\/wp-content\/uploads\/2017\/01\/mana1.jpg?resize=300%2C107 300w, https:\/\/i0.wp.com\/blogdalucianaoliveira.com.br\/blog\/wp-content\/uploads\/2017\/01\/mana1.jpg?resize=768%2C274 768w, https:\/\/i0.wp.com\/blogdalucianaoliveira.com.br\/blog\/wp-content\/uploads\/2017\/01\/mana1.jpg?resize=800%2C286 800w\" sizes=\"auto, (max-width: 600px) 100vw, 600px\" \/><\/p>\n<p>247 &#8211; Ap\u00f3s tr\u00eas dias de sil\u00eancio sobre a chacina que resultou a morte de 56 presos e na fuga de mais de 150 detentos do Complexo Penitenci\u00e1rio An\u00edsio Jobim e, Manaus (AM), Michel Temer abriu a reuni\u00e3o com ministros da \u00e1rea de seguran\u00e7a para discutir o assunto dizendo que o massacre foi um &#8220;acidente pavoroso&#8221;. Ele tamb\u00e9m jogou a responsabilidade da chacina para o governo do Amazonas. <!--more--><\/p>\n<p>Ele tamb\u00e9m prestou solidariedade \u00e0s fam\u00edlias das v\u00edtimas ao afirmar querer \u201c numa primeira fala, mais uma vez, solidarizar-me com as fam\u00edlias que tiveram seus presos vitimados naquele acidente pavoroso que ocorreu no pres\u00eddio de Manaus&#8221;. &#8220;\u00c9 uma solidariedade governamental e tenho certeza de que apadrinhada por aqueles que aqui se acham&#8221;, completou.<\/p>\n<p>Temer tamb\u00e9m culpou o governo do Amazonas pela trag\u00e9dia. Segundo ele, o pres\u00eddio de Manaus \u00e9 privatizado e que por isso, a responsabilidade do governo estadual ainda n\u00e3o est\u00e1 muito &#8220;clara&#8221; e &#8220;objetiva&#8221;. \u201cVoc\u00eas sabem que l\u00e1 em Manaus o pres\u00eddio era terceirizado, era privatizado e, portanto, n\u00e3o houve, por assim dizer, uma responsabilidade muito objetiva, muito clara, muito definida dos agentes estatais\u201d, disse o presidente.<\/p>\n<p>Participam da reuni\u00e3o desta quinta-feira (5) os ministros das Rela\u00e7\u00f5es Exteriores, Jos\u00e9 Serra), Justi\u00e7a, Alexandre de Moraes, Defesa, Raul Jungmann, Seguran\u00e7a Institucional, S\u00e9rgio Etchegoyen e da Casa Civil, Eliseu Padilha. <\/p>\n","protected":false},"excerpt":{"rendered":"<p>247 &#8211; Ap\u00f3s tr\u00eas dias de sil\u00eancio sobre a chacina que resultou a morte de 56 presos e na fuga de mais de 150 detentos do Complexo Penitenci\u00e1rio An\u00edsio Jobim e, Manaus (AM), Michel Temer abriu a reuni\u00e3o com ministros da \u00e1rea de seguran\u00e7a para discutir o assunto dizendo que o massacre foi um &#8220;acidente&#8230;<a class=\"more-link\" href=\"http:\/\/blogdalucianaoliveira.com.br\/blog\/2017\/01\/05\/tres-dias-depois-temer-fala-o-obvio-acidente-pavoroso\/\">Continue a leitura <span class=\"meta-nav\">&raquo;<\/span><\/a><\/p>\n","protected":false},"author":1,"featured_media":7465,"comment_status":"closed","ping_status":"open","sticky":false,"template":"","format":"standard","meta":{"_exactmetrics_skip_tracking":false,"_exactmetrics_sitenote_active":false,"_exactmetrics_sitenote_note":"","_exactmetrics_sitenote_category":0,"jetpack_post_was_ever_published":false,"_jetpack_newsletter_access":"","_jetpack_dont_email_post_to_subs":false,"_jetpack_newsletter_tier_id":0,"_jetpack_memberships_contains_paywalled_content":false,"_jetpack_memberships_contains_paid_content":false,"footnotes":"","jetpack_publicize_message":"","jetpack_publicize_feature_enabled":true,"jetpack_social_post_already_shared":true,"jetpack_social_options":{"image_generator_settings":{"template":"highway","enabled":false},"version":2}},"categories":[1],"tags":[268,266,267,45],"class_list":["post-7464","post","type-post","status-publish","format-standard","has-post-thumbnail","hentry","category-notas","tag-compaj","tag-massacre","tag-presidio","tag-temer"],"jetpack_publicize_connections":[],"jetpack_sharing_enabled":true,"jetpack_featured_media_url":"https:\/\/i0.wp.com\/blogdalucianaoliveira.com.br\/blog\/wp-content\/uploads\/2017\/01\/mana1.jpg?fit=1000%2C357","jetpack_shortlink":"https:\/\/wp.me\/p7wKYW-1Wo","jetpack-related-posts":[],"_links":{"self":[{"href":"http:\/\/blogdalucianaoliveira.com.br\/blog\/wp-json\/wp\/v2\/posts\/7464","targetHints":{"allow":["GET"]}}],"collection":[{"href":"http:\/\/blogdalucianaoliveira.com.br\/blog\/wp-json\/wp\/v2\/posts"}],"about":[{"href":"http:\/\/blogdalucianaoliveira.com.br\/blog\/wp-json\/wp\/v2\/types\/post"}],"author":[{"embeddable":true,"href":"http:\/\/blogdalucianaoliveira.com.br\/blog\/wp-json\/wp\/v2\/users\/1"}],"replies":[{"embeddable":true,"href":"http:\/\/blogdalucianaoliveira.com.br\/blog\/wp-json\/wp\/v2\/comments?post=7464"}],"version-history":[{"count":1,"href":"http:\/\/blogdalucianaoliveira.com.br\/blog\/wp-json\/wp\/v2\/posts\/7464\/revisions"}],"predecessor-version":[{"id":7466,"href":"http:\/\/blogdalucianaoliveira.com.br\/blog\/wp-json\/wp\/v2\/posts\/7464\/revisions\/7466"}],"wp:featuredmedia":[{"embeddable":true,"href":"http:\/\/blogdalucianaoliveira.com.br\/blog\/wp-json\/wp\/v2\/media\/7465"}],"wp:attachment":[{"href":"http:\/\/blogdalucianaoliveira.com.br\/blog\/wp-json\/wp\/v2\/media?parent=7464"}],"wp:term":[{"taxonomy":"category","embeddable":true,"href":"http:\/\/blogdalucianaoliveira.com.br\/blog\/wp-json\/wp\/v2\/categories?post=7464"},{"taxonomy":"post_tag","embeddable":true,"href":"http:\/\/blogdalucianaoliveira.com.br\/blog\/wp-json\/wp\/v2\/tags?post=7464"}],"curies":[{"name":"wp","href":"https:\/\/api.w.org\/{rel}","templated":true}]}}