{"id":747,"date":"2016-05-13T09:21:31","date_gmt":"2016-05-13T13:21:31","guid":{"rendered":"http:\/\/blogdalucianaoliveira.com.br\/blog\/?p=747"},"modified":"2016-05-13T09:26:27","modified_gmt":"2016-05-13T13:26:27","slug":"primeiro-dia-do-governo-temer-um-eu-te-disse-nao-vai-ser-suficiente","status":"publish","type":"post","link":"http:\/\/blogdalucianaoliveira.com.br\/blog\/2016\/05\/13\/primeiro-dia-do-governo-temer-um-eu-te-disse-nao-vai-ser-suficiente\/","title":{"rendered":"Primeiro dia do governo Temer: Um \u201ceu te disse\u201d n\u00e3o vai ser suficiente"},"content":{"rendered":"<p><img data-recalc-dims=\"1\" loading=\"lazy\" decoding=\"async\" data-attachment-id=\"751\" data-permalink=\"http:\/\/blogdalucianaoliveira.com.br\/blog\/2016\/05\/13\/primeiro-dia-do-governo-temer-um-eu-te-disse-nao-vai-ser-suficiente\/image-156\/\" data-orig-file=\"https:\/\/i0.wp.com\/blogdalucianaoliveira.com.br\/blog\/wp-content\/uploads\/2016\/05\/image-3.png?fit=355%2C414\" data-orig-size=\"355,414\" data-comments-opened=\"0\" data-image-meta=\"{&quot;aperture&quot;:&quot;0&quot;,&quot;credit&quot;:&quot;&quot;,&quot;camera&quot;:&quot;&quot;,&quot;caption&quot;:&quot;&quot;,&quot;created_timestamp&quot;:&quot;0&quot;,&quot;copyright&quot;:&quot;&quot;,&quot;focal_length&quot;:&quot;0&quot;,&quot;iso&quot;:&quot;0&quot;,&quot;shutter_speed&quot;:&quot;0&quot;,&quot;title&quot;:&quot;&quot;,&quot;orientation&quot;:&quot;0&quot;}\" data-image-title=\"image\" data-image-description=\"\" data-image-caption=\"\" data-medium-file=\"https:\/\/i0.wp.com\/blogdalucianaoliveira.com.br\/blog\/wp-content\/uploads\/2016\/05\/image-3.png?fit=257%2C300\" data-large-file=\"https:\/\/i0.wp.com\/blogdalucianaoliveira.com.br\/blog\/wp-content\/uploads\/2016\/05\/image-3.png?fit=355%2C414\" src=\"https:\/\/i0.wp.com\/blogdalucianaoliveira.com.br\/blog\/wp-content\/uploads\/2016\/05\/image-3.png?resize=355%2C414\" alt=\"image\" width=\"355\" height=\"414\" class=\"alignnone size-full wp-image-751\" srcset=\"https:\/\/i0.wp.com\/blogdalucianaoliveira.com.br\/blog\/wp-content\/uploads\/2016\/05\/image-3.png?w=355 355w, https:\/\/i0.wp.com\/blogdalucianaoliveira.com.br\/blog\/wp-content\/uploads\/2016\/05\/image-3.png?resize=257%2C300 257w\" sizes=\"auto, (max-width: 355px) 100vw, 355px\" \/><\/p>\n<p>Por Leonardo Sakamoto <\/p>\n<p>Com base no conte\u00fado postado nas redes sociais da esquerda durante o primeiro dia do governo de Michel, \u00e9 poss\u00edvel dizer que o descontentamento e a raiva, feito leite aquecido al\u00e9m do ponto, transbordaram.<!--more--><\/p>\n<p>E n\u00e3o sei quanto tempo vai levar para que a fervura baixe ou mesmo se \u00e9 poss\u00edvel que o leite derramado volte \u00e0 panela. Nem sei se haver\u00e1 panela, que desapereceu ap\u00f3s a queda de Dilma.<\/p>\n<p>A impress\u00e3o \u00e9 de que o novo governo vai estabelecer uma mistura de \u201cblitzkrieg&#8221; (com ataques r\u00e1pidos e de surpresa) com \u201cguerra total&#8221; (de alcance ilimitado, em que n\u00e3o h\u00e1 distin\u00e7\u00e3o entre civis e combatentes) para aprofundar o vi\u00e9s liberal na economia e conservador na sociedade. Se Dilma pode ser acusada de estelionato eleitoral por ignorar parte do que prometeu, Michel vai implantar uma agenda que n\u00e3o foi eleita e que n\u00e3o venceria elei\u00e7\u00f5es presidenciais no Brasil. Uma pauta que nem Dilma, Marina ou A\u00e9cio defenderiam na TV porque sabem que levariam sola.<\/p>\n<p>Gostando dela ou n\u00e3o, mas a Constitui\u00e7\u00e3o de 1988 garante uma sombra diante do deserto que os mais pobres n\u00e3o est\u00e3o dispostos a perder. E, por isso, apenas algo que n\u00e3o foi escolhido seria capaz de produzir o impens\u00e1vel.<\/p>\n<p>O mais interessante \u00e9 que os sentimentos e os coment\u00e1rios mais profundamente negativos, na minha opini\u00e3o, nem est\u00e3o vindo do lado dos petistas \u2013 que ainda est\u00e3o no ciclo da tristeza e da decep\u00e7\u00e3o. Mas daqueles que j\u00e1 faziam oposi\u00e7\u00e3o \u00e0 Dilma pela esquerda.<\/p>\n<p>Gente que n\u00e3o gostava da presidente afastada por conta da prec\u00e1ria situa\u00e7\u00e3o ind\u00edgena, da falta de perspectivas aos jovens negros nas periferias, das tungadas em trabalhadores, da ris\u00edvel reforma agr\u00e1ria, do menosprezo ao meio ambiente, das den\u00fancias de corrup\u00e7\u00e3o, de Belo Monte e afins, e que nunca a defenderia. Mas que foi \u00e0s ruas protestar pelo respeito \u00e0s institui\u00e7\u00f5es democr\u00e1ticas. Gente que pensou: \u201c\u00e9 um governo de merda, mas \u00e9 um governo de merda pelo menos legitimado por elei\u00e7\u00f5es&#8221;.<\/p>\n<p>Ao se depararem com as primeiras medidas adotadas pelo novo governo, que v\u00e3o do rebaixamento das \u00e1reas de fiscaliza\u00e7\u00e3o do Estado e de direitos humanos, passando pelas promessas de mais viol\u00eancia e persegui\u00e7\u00e3o aos movimentos sociais e a garantia de um lugar de destaque ao fundamentalismo religioso crist\u00e3o, at\u00e9 a misoginia da composi\u00e7\u00e3o do novo minist\u00e9rio, com seus r\u00e9us por corrup\u00e7\u00e3o e aberra\u00e7\u00f5es, um discurso de revolta, que j\u00e1 se ensaiava, fluiu feito rio caudaloso nas redes sociais.<\/p>\n<p>N\u00e3o a revolta inocente dos que n\u00e3o sabiam, mas a revolta calejada dos que dizem que isso aconteceria se as pol\u00edticas progressistas deste ciclo social-democrata\/trabalhista (1994-2016) n\u00e3o fossem institucionalizadas, se a educa\u00e7\u00e3o visando ao debate p\u00fablico e ao respeito \u00e0 coisa p\u00fablica n\u00e3o fosse implementada, se as mudan\u00e7as para garantir a democratiza\u00e7\u00e3o da comunica\u00e7\u00e3o (que n\u00e3o calasse vozes, mas garantisse espa\u00e7o a todas elas) n\u00e3o fossem engavetadas.<\/p>\n<p>E, principalmente, se o governo e oposi\u00e7\u00e3o n\u00e3o largassem m\u00e3o de alimentar o que h\u00e1 de pior na pol\u00edtica nacional em nome da governabilidade, primeiro com o PFL, depois com o PMDB. Agora, PT e PSDB tornam-se sat\u00e9lites da realidade que eles mesmos criaram.<\/p>\n<p>Para esse pessoal, que acompanha h\u00e1 anos direitos serem ignorados em nome da governabilidade, um simples \u201ceu te disse&#8221; n\u00e3o ser\u00e1 o bastante.<\/p>\n<p>Essa esquerda, composta por movimentos e coletivos sociais novos, mas tamb\u00e9m alguns tradicionais, estar\u00e1 menos afeita a ceder. At\u00e9 porque j\u00e1 caiu no conto do vig\u00e1rio do PT, que a convidava para um eterno di\u00e1logo que entregava poucos resultados. Mas que ela aceitava porque nutria alguma esperan\u00e7a de que as coisas pudesse mudar. Agora, vendo o quanto essa democracia foi facilmente dobrada, at\u00e9 essa esperan\u00e7a deu lugar a um v\u00e1cuo.<\/p>\n<p>Creio que ser\u00e1 um per\u00edodo tenebroso para o respeito (qui\u00e7\u00e1 exist\u00eancia) aos direitos fundamentais, mas que temos que percorr\u00ea-lo com muita disposi\u00e7\u00e3o ao di\u00e1logo pac\u00edfico, lembrando que o Estado deve garantir a dignidade das pessoas e n\u00e3o ser ele vetor de seu sofrimento.<\/p>\n<p>Ao mesmo tempo, as esquerdas (os movimentos e organiza\u00e7\u00f5es sociais tradicionais, os novos movimentos e coletivos sociais e a esquerda partid\u00e1ria) ter\u00e3o que refletir. E, para al\u00e9m de demandar, pensar se \u00e9 vi\u00e1vel construir um plano de voo para o pa\u00eds. E, atrav\u00e9s disso, disputar novamente essa narrativa.<\/p>\n<p>E se Michel for esperto, n\u00e3o mandar\u00e1 Alexandre de Moraes soltar os cachorros para cima da esquerda que nunca esteve no poder e cansou de concess\u00f5es. Diante da disposi\u00e7\u00e3o dela de n\u00e3o arredar o p\u00e9 de seus minguados direitos, Michel correr\u00e1 o risco de n\u00e3o conseguir convencer a comunidade internacional de que as mortes daqueles militantes sociais pelas m\u00e3os do aparato policial n\u00e3o eram realmente necess\u00e1rias.<\/p>\n","protected":false},"excerpt":{"rendered":"<p>Por Leonardo Sakamoto Com base no conte\u00fado postado nas redes sociais da esquerda durante o primeiro dia do governo de Michel, \u00e9 poss\u00edvel dizer que o descontentamento e a raiva, feito leite aquecido al\u00e9m do ponto, transbordaram.<\/p>\n","protected":false},"author":1,"featured_media":0,"comment_status":"closed","ping_status":"open","sticky":false,"template":"","format":"standard","meta":{"_exactmetrics_skip_tracking":false,"_exactmetrics_sitenote_active":false,"_exactmetrics_sitenote_note":"","_exactmetrics_sitenote_category":0,"jetpack_post_was_ever_published":false,"_jetpack_newsletter_access":"","_jetpack_dont_email_post_to_subs":false,"_jetpack_newsletter_tier_id":0,"_jetpack_memberships_contains_paywalled_content":false,"_jetpack_memberships_contains_paid_content":false,"footnotes":"","jetpack_publicize_message":"","jetpack_publicize_feature_enabled":true,"jetpack_social_post_already_shared":true,"jetpack_social_options":{"image_generator_settings":{"template":"highway","enabled":false},"version":2}},"categories":[1],"tags":[],"class_list":["post-747","post","type-post","status-publish","format-standard","hentry","category-notas"],"jetpack_publicize_connections":[],"jetpack_sharing_enabled":true,"jetpack_featured_media_url":"","jetpack_shortlink":"https:\/\/wp.me\/p7wKYW-c3","jetpack-related-posts":[],"_links":{"self":[{"href":"http:\/\/blogdalucianaoliveira.com.br\/blog\/wp-json\/wp\/v2\/posts\/747","targetHints":{"allow":["GET"]}}],"collection":[{"href":"http:\/\/blogdalucianaoliveira.com.br\/blog\/wp-json\/wp\/v2\/posts"}],"about":[{"href":"http:\/\/blogdalucianaoliveira.com.br\/blog\/wp-json\/wp\/v2\/types\/post"}],"author":[{"embeddable":true,"href":"http:\/\/blogdalucianaoliveira.com.br\/blog\/wp-json\/wp\/v2\/users\/1"}],"replies":[{"embeddable":true,"href":"http:\/\/blogdalucianaoliveira.com.br\/blog\/wp-json\/wp\/v2\/comments?post=747"}],"version-history":[{"count":4,"href":"http:\/\/blogdalucianaoliveira.com.br\/blog\/wp-json\/wp\/v2\/posts\/747\/revisions"}],"predecessor-version":[{"id":755,"href":"http:\/\/blogdalucianaoliveira.com.br\/blog\/wp-json\/wp\/v2\/posts\/747\/revisions\/755"}],"wp:attachment":[{"href":"http:\/\/blogdalucianaoliveira.com.br\/blog\/wp-json\/wp\/v2\/media?parent=747"}],"wp:term":[{"taxonomy":"category","embeddable":true,"href":"http:\/\/blogdalucianaoliveira.com.br\/blog\/wp-json\/wp\/v2\/categories?post=747"},{"taxonomy":"post_tag","embeddable":true,"href":"http:\/\/blogdalucianaoliveira.com.br\/blog\/wp-json\/wp\/v2\/tags?post=747"}],"curies":[{"name":"wp","href":"https:\/\/api.w.org\/{rel}","templated":true}]}}