{"id":7470,"date":"2017-01-05T12:06:00","date_gmt":"2017-01-05T16:06:00","guid":{"rendered":"http:\/\/blogdalucianaoliveira.com.br\/blog\/?p=7470"},"modified":"2017-01-05T12:08:50","modified_gmt":"2017-01-05T16:08:50","slug":"e-para-presidios-como-o-compaj-que-querem-mandar-menores","status":"publish","type":"post","link":"http:\/\/blogdalucianaoliveira.com.br\/blog\/2017\/01\/05\/e-para-presidios-como-o-compaj-que-querem-mandar-menores\/","title":{"rendered":"\u00c9 para pres\u00eddios como o Compaj que querem mandar menores"},"content":{"rendered":"<p><img data-recalc-dims=\"1\" loading=\"lazy\" decoding=\"async\" data-attachment-id=\"7456\" data-permalink=\"http:\/\/blogdalucianaoliveira.com.br\/blog\/2017\/01\/04\/governador-diz-que-nao-havia-santo-entre-os-mortos-em-presidio\/mana\/\" data-orig-file=\"https:\/\/i0.wp.com\/blogdalucianaoliveira.com.br\/blog\/wp-content\/uploads\/2017\/01\/mana.jpg?fit=1000%2C357\" data-orig-size=\"1000,357\" data-comments-opened=\"0\" data-image-meta=\"{&quot;aperture&quot;:&quot;0&quot;,&quot;credit&quot;:&quot;&quot;,&quot;camera&quot;:&quot;&quot;,&quot;caption&quot;:&quot;&quot;,&quot;created_timestamp&quot;:&quot;0&quot;,&quot;copyright&quot;:&quot;&quot;,&quot;focal_length&quot;:&quot;0&quot;,&quot;iso&quot;:&quot;0&quot;,&quot;shutter_speed&quot;:&quot;0&quot;,&quot;title&quot;:&quot;&quot;,&quot;orientation&quot;:&quot;0&quot;}\" data-image-title=\"mana\" data-image-description=\"\" data-image-caption=\"\" data-medium-file=\"https:\/\/i0.wp.com\/blogdalucianaoliveira.com.br\/blog\/wp-content\/uploads\/2017\/01\/mana.jpg?fit=300%2C107\" data-large-file=\"https:\/\/i0.wp.com\/blogdalucianaoliveira.com.br\/blog\/wp-content\/uploads\/2017\/01\/mana.jpg?fit=600%2C214\" src=\"https:\/\/i0.wp.com\/blogdalucianaoliveira.com.br\/blog\/wp-content\/uploads\/2017\/01\/mana.jpg?resize=600%2C214\" alt=\"mana\" width=\"600\" height=\"214\" class=\"alignnone size-full wp-image-7456\" srcset=\"https:\/\/i0.wp.com\/blogdalucianaoliveira.com.br\/blog\/wp-content\/uploads\/2017\/01\/mana.jpg?w=1000 1000w, https:\/\/i0.wp.com\/blogdalucianaoliveira.com.br\/blog\/wp-content\/uploads\/2017\/01\/mana.jpg?resize=300%2C107 300w, https:\/\/i0.wp.com\/blogdalucianaoliveira.com.br\/blog\/wp-content\/uploads\/2017\/01\/mana.jpg?resize=768%2C274 768w, https:\/\/i0.wp.com\/blogdalucianaoliveira.com.br\/blog\/wp-content\/uploads\/2017\/01\/mana.jpg?resize=800%2C286 800w\" sizes=\"auto, (max-width: 600px) 100vw, 600px\" \/><\/p>\n<p>Toda vez que ocorre um confronto sangrento em pres\u00eddios o pa\u00eds reage com assombro, como se do \u00faltimo ao mais recente alguma pol\u00edtica preventiva tivesse sido adotada.<!--more--><\/p>\n<p>A guerra entre fac\u00e7\u00f5es que resultou em 56 mortes no Complexo Penitenci\u00e1rio An\u00edsio Jobim (Compaj), em Manaus, seguiu o roteiro de outras: houve alerta por meio de relat\u00f3rio e absoluta omiss\u00e3o por parte do Estado. <\/p>\n<p>Exatamente como noticiei dias antes da matan\u00e7a que resultou em 27 mortes no Pres\u00eddio Urso Branco em 2002, em Porto Velho, Rond\u00f4nia.<br \/>\nComo editora do Jornal Di\u00e1rio da Amaz\u00f4nia interrompi a licen\u00e7a maternidade para ouvir e divulgar o alerta da Comiss\u00e3o Justi\u00e7a e Paz da Arquidiocese de Porto Velho.<\/p>\n<p>O relat\u00f3rio apontava \u201ca superlota\u00e7\u00e3o, relatos de torturas, assassinatos de presos por outros internos, a\u00e7\u00f5es violentas pela Pol\u00edcia Militar em tentativa de controlar o pres\u00eddio\u201d e a imin\u00eancia de confronto por conta de uma redistribui\u00e7\u00e3o de presos nas celas da unidade.<\/p>\n<p><img data-recalc-dims=\"1\" loading=\"lazy\" decoding=\"async\" data-attachment-id=\"7472\" data-permalink=\"http:\/\/blogdalucianaoliveira.com.br\/blog\/2017\/01\/05\/e-para-presidios-como-o-compaj-que-querem-mandar-menores\/urso\/\" data-orig-file=\"https:\/\/i0.wp.com\/blogdalucianaoliveira.com.br\/blog\/wp-content\/uploads\/2017\/01\/urso.jpg?fit=800%2C534\" data-orig-size=\"800,534\" data-comments-opened=\"0\" data-image-meta=\"{&quot;aperture&quot;:&quot;0&quot;,&quot;credit&quot;:&quot;&quot;,&quot;camera&quot;:&quot;&quot;,&quot;caption&quot;:&quot;&quot;,&quot;created_timestamp&quot;:&quot;0&quot;,&quot;copyright&quot;:&quot;&quot;,&quot;focal_length&quot;:&quot;0&quot;,&quot;iso&quot;:&quot;0&quot;,&quot;shutter_speed&quot;:&quot;0&quot;,&quot;title&quot;:&quot;&quot;,&quot;orientation&quot;:&quot;0&quot;}\" data-image-title=\"urso\" data-image-description=\"\" data-image-caption=\"\" data-medium-file=\"https:\/\/i0.wp.com\/blogdalucianaoliveira.com.br\/blog\/wp-content\/uploads\/2017\/01\/urso.jpg?fit=300%2C200\" data-large-file=\"https:\/\/i0.wp.com\/blogdalucianaoliveira.com.br\/blog\/wp-content\/uploads\/2017\/01\/urso.jpg?fit=600%2C401\" src=\"https:\/\/i0.wp.com\/blogdalucianaoliveira.com.br\/blog\/wp-content\/uploads\/2017\/01\/urso.jpg?resize=600%2C401\" alt=\"urso\" width=\"600\" height=\"401\" class=\"alignnone size-full wp-image-7472\" srcset=\"https:\/\/i0.wp.com\/blogdalucianaoliveira.com.br\/blog\/wp-content\/uploads\/2017\/01\/urso.jpg?w=800 800w, https:\/\/i0.wp.com\/blogdalucianaoliveira.com.br\/blog\/wp-content\/uploads\/2017\/01\/urso.jpg?resize=300%2C200 300w, https:\/\/i0.wp.com\/blogdalucianaoliveira.com.br\/blog\/wp-content\/uploads\/2017\/01\/urso.jpg?resize=768%2C513 768w, https:\/\/i0.wp.com\/blogdalucianaoliveira.com.br\/blog\/wp-content\/uploads\/2017\/01\/urso.jpg?resize=449%2C300 449w\" sizes=\"auto, (max-width: 600px) 100vw, 600px\" \/><\/p>\n<p>A mat\u00e9ria foi manchete, mas o governo do estado n\u00e3o fez nada para impedir a chacina e nem a sociedade se preocupou com o aviso de que presos iriam decepar cabe\u00e7as.<\/p>\n<p>De l\u00e1 pra c\u00e1, seguiram relatos de tortura, superlota\u00e7\u00e3o, motins, rebeli\u00f5es com feridos e mortos no mesmo pres\u00eddio.<\/p>\n<p>Quem cai no sistema prisional em Rond\u00f4nia sai pior do que entrou, porque n\u00e3o h\u00e1 nada que estimule \u00e0 ressocializa\u00e7\u00e3o, exatamente como ocorre em todo o pa\u00eds.<\/p>\n<p>Apesar disso, a bancada de Rond\u00f4nia na C\u00e2mara votou maci\u00e7amente pela aprova\u00e7\u00e3o da redu\u00e7\u00e3o da maioridade de 18 para 16 anos.<\/p>\n<p>\u00c9 para esse ambiente que institucionaliza a barb\u00e1rie que querem mandar menores que praticam crimes. <\/p>\n<p>Quando a PEC da redu\u00e7\u00e3o foi aprovada ap\u00f3s uma manobra de Eduardo Cunha, chorei de raiva e tristeza.<\/p>\n<p>Foram 323 votos a favor e 155 contra no primeiro turno e 320 a 152 no segundo.<\/p>\n<p>A mim estava mais do que claro que os parlamentares aprovaram uma mentira, a da ilus\u00e3o do encarceramento como forma de combate \u00e0 viol\u00eancia.<\/p>\n<p>A mim e a mais de 200 entidades governamentais e n\u00e3o governamentais \u2013 campanhas, grupos, redes, pastorais, conselhos \u2013 ligadas, sobretudo aos direitos da crian\u00e7a, do adolescente e da juventude.<\/p>\n<p>Se simplesmente prender resolvesse o problema da viol\u00eancia, o Brasil que tem a quarta maior popula\u00e7\u00e3o carcer\u00e1ria do mundo, atr\u00e1s apenas dos Estados Unidos, China e R\u00fassia, seria um dos pa\u00edses mais seguros pra se viver.<\/p>\n<p>Mas, se nosso sistema prisional \u00e9 a prova da incompet\u00eancia do Estado por absoluta inefici\u00eancia, a sociedade brasileira de um modo geral o avaliza.<\/p>\n<p>Eu sei, voc\u00ea sabe, mas prevalece a banaliza\u00e7\u00e3o do mal.<\/p>\n<p>Como foi poss\u00edvel que a popula\u00e7\u00e3o carcer\u00e1ria no Amazonas saltasse de 3.600 detentos para 12 mil nos \u00faltimos quatro anos, sem que ningu\u00e9m se importasse?<\/p>\n<p>No Brasil o aumento da popula\u00e7\u00e3o carcer\u00e1ria foi de 575% em duas d\u00e9cadas e meia, segundo dados do Minist\u00e9rio da Justi\u00e7a.<\/p>\n<p>Quando soube do banho de sangue em Manaus, escrevi numa rede social: quer ver como logo vai aparecer algu\u00e9m dizendo que achou foi pouco?<br \/>\nE, em segundos, algu\u00e9m respondeu: \u201cbandido bom \u00e9 bandido morto por bandido\u201d.<\/p>\n<p>Por a\u00e7\u00e3o, omiss\u00e3o ou est\u00edmulo \u00e0 barb\u00e1rie, quem escapa de ser tachado como bandido? <\/p>\n<p>\u201cA injusti\u00e7a num lugar qualquer \u00e9 uma amea\u00e7a \u00e0 justi\u00e7a em todo o lugar &#8220;, disse Martin Luther King na Carta da Pris\u00e3o de Birmingham&#8221; <\/p>\n","protected":false},"excerpt":{"rendered":"<p>Toda vez que ocorre um confronto sangrento em pres\u00eddios o pa\u00eds reage com assombro, como se do \u00faltimo ao mais recente alguma pol\u00edtica preventiva tivesse sido adotada.<\/p>\n","protected":false},"author":1,"featured_media":0,"comment_status":"closed","ping_status":"open","sticky":false,"template":"","format":"standard","meta":{"_exactmetrics_skip_tracking":false,"_exactmetrics_sitenote_active":false,"_exactmetrics_sitenote_note":"","_exactmetrics_sitenote_category":0,"jetpack_post_was_ever_published":false,"_jetpack_newsletter_access":"","_jetpack_dont_email_post_to_subs":false,"_jetpack_newsletter_tier_id":0,"_jetpack_memberships_contains_paywalled_content":false,"_jetpack_memberships_contains_paid_content":false,"footnotes":"","jetpack_publicize_message":"","jetpack_publicize_feature_enabled":true,"jetpack_social_post_already_shared":true,"jetpack_social_options":{"image_generator_settings":{"template":"highway","enabled":false},"version":2}},"categories":[1],"tags":[],"class_list":["post-7470","post","type-post","status-publish","format-standard","hentry","category-notas"],"jetpack_publicize_connections":[],"jetpack_sharing_enabled":true,"jetpack_featured_media_url":"","jetpack_shortlink":"https:\/\/wp.me\/p7wKYW-1Wu","jetpack-related-posts":[],"_links":{"self":[{"href":"http:\/\/blogdalucianaoliveira.com.br\/blog\/wp-json\/wp\/v2\/posts\/7470","targetHints":{"allow":["GET"]}}],"collection":[{"href":"http:\/\/blogdalucianaoliveira.com.br\/blog\/wp-json\/wp\/v2\/posts"}],"about":[{"href":"http:\/\/blogdalucianaoliveira.com.br\/blog\/wp-json\/wp\/v2\/types\/post"}],"author":[{"embeddable":true,"href":"http:\/\/blogdalucianaoliveira.com.br\/blog\/wp-json\/wp\/v2\/users\/1"}],"replies":[{"embeddable":true,"href":"http:\/\/blogdalucianaoliveira.com.br\/blog\/wp-json\/wp\/v2\/comments?post=7470"}],"version-history":[{"count":4,"href":"http:\/\/blogdalucianaoliveira.com.br\/blog\/wp-json\/wp\/v2\/posts\/7470\/revisions"}],"predecessor-version":[{"id":7475,"href":"http:\/\/blogdalucianaoliveira.com.br\/blog\/wp-json\/wp\/v2\/posts\/7470\/revisions\/7475"}],"wp:attachment":[{"href":"http:\/\/blogdalucianaoliveira.com.br\/blog\/wp-json\/wp\/v2\/media?parent=7470"}],"wp:term":[{"taxonomy":"category","embeddable":true,"href":"http:\/\/blogdalucianaoliveira.com.br\/blog\/wp-json\/wp\/v2\/categories?post=7470"},{"taxonomy":"post_tag","embeddable":true,"href":"http:\/\/blogdalucianaoliveira.com.br\/blog\/wp-json\/wp\/v2\/tags?post=7470"}],"curies":[{"name":"wp","href":"https:\/\/api.w.org\/{rel}","templated":true}]}}