{"id":756,"date":"2016-05-13T09:59:44","date_gmt":"2016-05-13T13:59:44","guid":{"rendered":"http:\/\/blogdalucianaoliveira.com.br\/blog\/?p=756"},"modified":"2016-05-13T09:59:44","modified_gmt":"2016-05-13T13:59:44","slug":"prepare-se-para-ver-um-escandalo-envolvendo-gente-grauda","status":"publish","type":"post","link":"http:\/\/blogdalucianaoliveira.com.br\/blog\/2016\/05\/13\/prepare-se-para-ver-um-escandalo-envolvendo-gente-grauda\/","title":{"rendered":"Prepare-se para ver um esc\u00e2ndalo envolvendo gente gra\u00fada"},"content":{"rendered":"<p><img data-recalc-dims=\"1\" loading=\"lazy\" decoding=\"async\" data-attachment-id=\"757\" data-permalink=\"http:\/\/blogdalucianaoliveira.com.br\/blog\/2016\/05\/13\/prepare-se-para-ver-um-escandalo-envolvendo-gente-grauda\/image-157\/\" data-orig-file=\"https:\/\/i0.wp.com\/blogdalucianaoliveira.com.br\/blog\/wp-content\/uploads\/2016\/05\/image-134.jpeg?fit=200%2C133\" data-orig-size=\"200,133\" data-comments-opened=\"0\" data-image-meta=\"{&quot;aperture&quot;:&quot;0&quot;,&quot;credit&quot;:&quot;&quot;,&quot;camera&quot;:&quot;&quot;,&quot;caption&quot;:&quot;&quot;,&quot;created_timestamp&quot;:&quot;0&quot;,&quot;copyright&quot;:&quot;&quot;,&quot;focal_length&quot;:&quot;0&quot;,&quot;iso&quot;:&quot;0&quot;,&quot;shutter_speed&quot;:&quot;0&quot;,&quot;title&quot;:&quot;&quot;,&quot;orientation&quot;:&quot;0&quot;}\" data-image-title=\"image\" data-image-description=\"\" data-image-caption=\"\" data-medium-file=\"https:\/\/i0.wp.com\/blogdalucianaoliveira.com.br\/blog\/wp-content\/uploads\/2016\/05\/image-134.jpeg?fit=200%2C133\" data-large-file=\"https:\/\/i0.wp.com\/blogdalucianaoliveira.com.br\/blog\/wp-content\/uploads\/2016\/05\/image-134.jpeg?fit=200%2C133\" src=\"https:\/\/i0.wp.com\/blogdalucianaoliveira.com.br\/blog\/wp-content\/uploads\/2016\/05\/image-134.jpeg?resize=200%2C133\" alt=\"image\" width=\"200\" height=\"133\" class=\"alignnone size-full wp-image-757\" \/><\/p>\n<p>Os deputados Lazinho da Fetagro (PT) e Cleiton Roque (PSB) apresentaram \u00e0 Mesa Diretora da Assembleia Legislativa requerimento coletivo solicitando a realiza\u00e7\u00e3o de audi\u00eancia p\u00fablica para o dia 9 de junho, \u00e0s 9h, no Plen\u00e1rio da Casa de Leis. \u00c1rea de ter\u00e1 no interior do munic\u00edpio envolve mais de centenas de fam\u00edlias.<!--more--><\/p>\n<p>Na pauta do debate, o lit\u00edgio coletivo fundi\u00e1rio da Linha 45, do munic\u00edpio de Candeias do Jamari em \u00e1rea de 29 mil hectares compreendidos pelos im\u00f3veis, Brasileira, Scalerita e Terras da Uni\u00e3o, envolvendo mais de duas mil fam\u00edlias que residem e produzem sobre a \u00e1rea citada.<\/p>\n<p>De acordo com os parlamentares, a audi\u00eancia p\u00fablica visa \u00e0 busca de uma solu\u00e7\u00e3o efetiva para o que se pode chamar de maior conflito agr\u00e1rio do pa\u00eds, levando-se em conta o tamanho da \u00e1rea litigiosa e a quantidade de pessoas hoje envolvidas.<\/p>\n<p>A \u00e1rea em quest\u00e3o constitui uma regi\u00e3o com cerca de dois mil moradores, escolas p\u00fablicas, posto de sa\u00fade, supermercado, hot\u00e9is e com\u00e9rcio em geral, al\u00e9m de rede el\u00e9trica do Programa Luz para Todos, ruas asfaltadas, entre outros.<\/p>\n<p><img data-recalc-dims=\"1\" loading=\"lazy\" decoding=\"async\" data-attachment-id=\"758\" data-permalink=\"http:\/\/blogdalucianaoliveira.com.br\/blog\/2016\/05\/13\/prepare-se-para-ver-um-escandalo-envolvendo-gente-grauda\/image-158\/\" data-orig-file=\"https:\/\/i0.wp.com\/blogdalucianaoliveira.com.br\/blog\/wp-content\/uploads\/2016\/05\/image-135.jpeg?fit=256%2C256\" data-orig-size=\"256,256\" data-comments-opened=\"0\" data-image-meta=\"{&quot;aperture&quot;:&quot;0&quot;,&quot;credit&quot;:&quot;&quot;,&quot;camera&quot;:&quot;&quot;,&quot;caption&quot;:&quot;&quot;,&quot;created_timestamp&quot;:&quot;0&quot;,&quot;copyright&quot;:&quot;&quot;,&quot;focal_length&quot;:&quot;0&quot;,&quot;iso&quot;:&quot;0&quot;,&quot;shutter_speed&quot;:&quot;0&quot;,&quot;title&quot;:&quot;&quot;,&quot;orientation&quot;:&quot;0&quot;}\" data-image-title=\"image\" data-image-description=\"\" data-image-caption=\"\" data-medium-file=\"https:\/\/i0.wp.com\/blogdalucianaoliveira.com.br\/blog\/wp-content\/uploads\/2016\/05\/image-135.jpeg?fit=256%2C256\" data-large-file=\"https:\/\/i0.wp.com\/blogdalucianaoliveira.com.br\/blog\/wp-content\/uploads\/2016\/05\/image-135.jpeg?fit=256%2C256\" src=\"https:\/\/i0.wp.com\/blogdalucianaoliveira.com.br\/blog\/wp-content\/uploads\/2016\/05\/image-135.jpeg?resize=256%2C256\" alt=\"image\" width=\"256\" height=\"256\" class=\"alignnone size-full wp-image-758\" srcset=\"https:\/\/i0.wp.com\/blogdalucianaoliveira.com.br\/blog\/wp-content\/uploads\/2016\/05\/image-135.jpeg?w=256 256w, https:\/\/i0.wp.com\/blogdalucianaoliveira.com.br\/blog\/wp-content\/uploads\/2016\/05\/image-135.jpeg?resize=150%2C150 150w\" sizes=\"auto, (max-width: 256px) 100vw, 256px\" \/><\/p>\n<p>Os deputados ressaltaram que a \u00e1rea gerou um lit\u00edgio que se estende ao longo de quase 20 anos e que se apresenta hoje como uma gigantesca demanda s\u00f3cia. A preocupa\u00e7\u00e3o \u00e9 de a qualquer momento estourar em um grave conflito com severas consequ\u00eancias e baixas de ambas as partes, tanto da for\u00e7a p\u00fablica, quanto de civis devido ao elevado estado de animosidade que se verifica no local.<\/p>\n<p>Lazinho e Cleiton Roque alertam para a urgente necessidade de uma interven\u00e7\u00e3o r\u00e1pida e eficaz dos \u00f3rg\u00e3os envolvidos e respons\u00e1veis pela pol\u00edtica agr\u00e1ria e urbana da Uni\u00e3o, do Estado  e do munic\u00edpio de Candeias do Jamari.<\/p>\n<p>\u201cPara que assim se manifestem e apresentem interesses em pacificar ou, quem sabe solucionar o conflito possess\u00f3rio\u201d, conclu\u00edram os deputados.<\/p>\n<p>ALE\/RO &#8211; DECOM &#8211; [Juliana Martins ]<\/p>\n<p>Foto: Jos\u00e9 Hilde<\/p>\n","protected":false},"excerpt":{"rendered":"<p>Os deputados Lazinho da Fetagro (PT) e Cleiton Roque (PSB) apresentaram \u00e0 Mesa Diretora da Assembleia Legislativa requerimento coletivo solicitando a realiza\u00e7\u00e3o de audi\u00eancia p\u00fablica para o dia 9 de junho, \u00e0s 9h, no Plen\u00e1rio da Casa de Leis. \u00c1rea de ter\u00e1 no interior do munic\u00edpio envolve mais de centenas de fam\u00edlias.<\/p>\n","protected":false},"author":1,"featured_media":0,"comment_status":"closed","ping_status":"open","sticky":false,"template":"","format":"standard","meta":{"_exactmetrics_skip_tracking":false,"_exactmetrics_sitenote_active":false,"_exactmetrics_sitenote_note":"","_exactmetrics_sitenote_category":0,"jetpack_post_was_ever_published":false,"_jetpack_newsletter_access":"","_jetpack_dont_email_post_to_subs":false,"_jetpack_newsletter_tier_id":0,"_jetpack_memberships_contains_paywalled_content":false,"_jetpack_memberships_contains_paid_content":false,"footnotes":"","jetpack_publicize_message":"","jetpack_publicize_feature_enabled":true,"jetpack_social_post_already_shared":true,"jetpack_social_options":{"image_generator_settings":{"template":"highway","enabled":false},"version":2}},"categories":[1],"tags":[],"class_list":["post-756","post","type-post","status-publish","format-standard","hentry","category-notas"],"jetpack_publicize_connections":[],"jetpack_sharing_enabled":true,"jetpack_featured_media_url":"","jetpack_shortlink":"https:\/\/wp.me\/p7wKYW-cc","jetpack-related-posts":[],"_links":{"self":[{"href":"http:\/\/blogdalucianaoliveira.com.br\/blog\/wp-json\/wp\/v2\/posts\/756","targetHints":{"allow":["GET"]}}],"collection":[{"href":"http:\/\/blogdalucianaoliveira.com.br\/blog\/wp-json\/wp\/v2\/posts"}],"about":[{"href":"http:\/\/blogdalucianaoliveira.com.br\/blog\/wp-json\/wp\/v2\/types\/post"}],"author":[{"embeddable":true,"href":"http:\/\/blogdalucianaoliveira.com.br\/blog\/wp-json\/wp\/v2\/users\/1"}],"replies":[{"embeddable":true,"href":"http:\/\/blogdalucianaoliveira.com.br\/blog\/wp-json\/wp\/v2\/comments?post=756"}],"version-history":[{"count":1,"href":"http:\/\/blogdalucianaoliveira.com.br\/blog\/wp-json\/wp\/v2\/posts\/756\/revisions"}],"predecessor-version":[{"id":759,"href":"http:\/\/blogdalucianaoliveira.com.br\/blog\/wp-json\/wp\/v2\/posts\/756\/revisions\/759"}],"wp:attachment":[{"href":"http:\/\/blogdalucianaoliveira.com.br\/blog\/wp-json\/wp\/v2\/media?parent=756"}],"wp:term":[{"taxonomy":"category","embeddable":true,"href":"http:\/\/blogdalucianaoliveira.com.br\/blog\/wp-json\/wp\/v2\/categories?post=756"},{"taxonomy":"post_tag","embeddable":true,"href":"http:\/\/blogdalucianaoliveira.com.br\/blog\/wp-json\/wp\/v2\/tags?post=756"}],"curies":[{"name":"wp","href":"https:\/\/api.w.org\/{rel}","templated":true}]}}