{"id":7577,"date":"2017-01-11T11:01:03","date_gmt":"2017-01-11T15:01:03","guid":{"rendered":"http:\/\/blogdalucianaoliveira.com.br\/blog\/?p=7577"},"modified":"2017-01-11T11:01:03","modified_gmt":"2017-01-11T15:01:03","slug":"espero-que-temer-que-nao-foi-ao-amazonas-tenha-chance-de-assistir-a-serie","status":"publish","type":"post","link":"http:\/\/blogdalucianaoliveira.com.br\/blog\/2017\/01\/11\/espero-que-temer-que-nao-foi-ao-amazonas-tenha-chance-de-assistir-a-serie\/","title":{"rendered":"Espero que Temer \u2014 que n\u00e3o foi ao Amazonas \u2014 tenha chance de assistir \u00e0 s\u00e9rie"},"content":{"rendered":"<p><img data-recalc-dims=\"1\" loading=\"lazy\" decoding=\"async\" data-attachment-id=\"7578\" data-permalink=\"http:\/\/blogdalucianaoliveira.com.br\/blog\/2017\/01\/11\/espero-que-temer-que-nao-foi-ao-amazonas-tenha-chance-de-assistir-a-serie\/dois-2\/\" data-orig-file=\"https:\/\/i0.wp.com\/blogdalucianaoliveira.com.br\/blog\/wp-content\/uploads\/2017\/01\/dois.jpg?fit=690%2C306\" data-orig-size=\"690,306\" data-comments-opened=\"0\" data-image-meta=\"{&quot;aperture&quot;:&quot;0&quot;,&quot;credit&quot;:&quot;&quot;,&quot;camera&quot;:&quot;&quot;,&quot;caption&quot;:&quot;&quot;,&quot;created_timestamp&quot;:&quot;0&quot;,&quot;copyright&quot;:&quot;&quot;,&quot;focal_length&quot;:&quot;0&quot;,&quot;iso&quot;:&quot;0&quot;,&quot;shutter_speed&quot;:&quot;0&quot;,&quot;title&quot;:&quot;&quot;,&quot;orientation&quot;:&quot;0&quot;}\" data-image-title=\"dois\" data-image-description=\"\" data-image-caption=\"\" data-medium-file=\"https:\/\/i0.wp.com\/blogdalucianaoliveira.com.br\/blog\/wp-content\/uploads\/2017\/01\/dois.jpg?fit=300%2C133\" data-large-file=\"https:\/\/i0.wp.com\/blogdalucianaoliveira.com.br\/blog\/wp-content\/uploads\/2017\/01\/dois.jpg?fit=600%2C266\" src=\"https:\/\/i0.wp.com\/blogdalucianaoliveira.com.br\/blog\/wp-content\/uploads\/2017\/01\/dois.jpg?resize=600%2C266\" alt=\"dois\" width=\"600\" height=\"266\" class=\"alignnone size-full wp-image-7578\" srcset=\"https:\/\/i0.wp.com\/blogdalucianaoliveira.com.br\/blog\/wp-content\/uploads\/2017\/01\/dois.jpg?w=690 690w, https:\/\/i0.wp.com\/blogdalucianaoliveira.com.br\/blog\/wp-content\/uploads\/2017\/01\/dois.jpg?resize=300%2C133 300w, https:\/\/i0.wp.com\/blogdalucianaoliveira.com.br\/blog\/wp-content\/uploads\/2017\/01\/dois.jpg?resize=676%2C300 676w\" sizes=\"auto, (max-width: 600px) 100vw, 600px\" \/><\/p>\n<p>No Almanaqueiras<br \/>\nPor Maria Ribeiro<\/p>\n<p>Li \u201cDois irm\u00e3os\u201d em tr\u00eas dias. Completamente fascinada pelos g\u00eameos inimigos Omar e Yaqub, por Zana e seu amor lascivo por somente um dos seus meninos, pelo colo familiar da criada Domingas e pela amoralidade da ca\u00e7ula Rania, lembrei-me de Nelson Rodrigues. \u201cO adulto n\u00e3o existe. O homem \u00e9 um menino perene\u201d. Touch\u00e9.<!--more--><\/p>\n<p>N\u00e3o h\u00e1 um \u00fanico dia desta minha vidinha besta de meu Deus em que n\u00e3o negocie com a minha menina. E ela \u00e9 exigente, a pirralha. Acredita em justi\u00e7a, gratid\u00e3o, sentimentos nobres, direitos iguais, praticamente uma mini Meryl Streep (incluindo o gosto pelos brilhos&#8230; rsrs). O problema, quer dizer, o inferno, pequena Meryl, s\u00e3o os outros. Manja o existencialista franc\u00eas?<\/p>\n<p>Ent\u00e3o&#8230; Os outros e os \u201cminioutros\u201d, o que \u00e9 ainda mais grave. Que muitas vezes adquirem carteira de motorista e at\u00e9 t\u00edtulos de doutor honoris causa sem haver amadurecido de fato&#8230; (sem plural, n\u00e3o \u00e9 isso? No sentido de existir? Nunca sei&#8230; bora aumentar a gram\u00e1tica e esquecer esse papo de filosofia&#8230;).<\/p>\n<p>Vai saber se Donald Trump teve amor de m\u00e3e? Se n\u00e3o foi um filho rejeitado, \u00e0 sombra de um irm\u00e3o charmoso e carism\u00e1tico, como no romance de Milton Hatoum? Se n\u00e3o teve um pai violento e castrador cuja m\u00e3e era constantemente subjugada na frente do pobre milion\u00e1rio? Se n\u00e3o come at\u00e9 hoje sozinho e trancado no quarto o pote inteiro de pasta de amendoim vendo \u201cEsqueceram de mim 2\u201d? Um pouco de empatia n\u00e3o custa nada, povo de dois mil e dezessete&#8230;<\/p>\n<p>Como saber se Jo\u00e3o Doria teve oportunidade de se fantasiar de gari no carnaval quando crian\u00e7a? De viver uma inf\u00e2ncia l\u00fadica e dar vaz\u00e3o a toda a multiplicidade do seu ser? \u00c9, minha gente, n\u00e3o d\u00e1 pra sair por a\u00ed julgando assim, sem saber dos traumas da meninice do pessoal, poxa&#8230;<\/p>\n<p>Quem garante que o garoto Michel Temer foi estimulado a defender os coleguinhas castigados por engano? \u00c0s vezes o adulto ainda n\u00e3o chegou, galera. Pior, \u00e0s vezes n\u00e3o chega nunca. E quase sempre falta um pouco de Freud no curr\u00edculo. Um pouco de Freud e um amigo verdadeiro.<\/p>\n<p>Desculpa falar, presidente, mas o senhor tem que ir a Manaus. \u00c9, eu sei, entendo, mas se t\u00e1 calor pra vossa excel\u00eancia, imagina o quanto n\u00e3o devia estar para os falecidos detentos! N\u00e3o, doutor, l\u00e1 n\u00e3o tem ar-condicionado, n\u00e3o. Ventilador? Ventilador eu j\u00e1 n\u00e3o sei&#8230; Se em Curitiba \u00e9 mais fresco? No inverno eu sei que sim, mas agora em janeiro acho que a fornalha \u00e9 meio que democr\u00e1tica. Pelo menos isso. N\u00e3o, desculpe, n\u00e3o foi isso que eu quis dizer.<\/p>\n<p>Ent\u00e3o. Faltou esse personagem a\u00ed. Tanto pro magnata americano \u2014 que vai entrar para o \u201cGuinness Book\u201d pelo recorde de declara\u00e7\u00f5es infelizes a mulheres e imigrantes \u2014 quanto pro presidente brasileiro. Acontece que em n\u00e3o havendo esse personagem do amigo verdadeiro \u2014 rar\u00edssimo, ali\u00e1s \u2014 e na aus\u00eancia da transforma\u00e7\u00e3o do menino em homem feito, perdemos a \u00fanica arma poss\u00edvel em meio a trag\u00e9dias como a que acabou com a vida dos 61 infelizes em Manaus: a boa lideran\u00e7a.<\/p>\n<p>Ao pegar um avi\u00e3o, cruzar o Brasil e ver o rosto de cada familiar desesperado, ou simplesmente visitar as depend\u00eancias do complexo penitenci\u00e1rio Anisio Jobim, nosso l\u00edder confortaria centenas de mulheres e crian\u00e7as ao lhes passar uma mensagem t\u00e3o simples quanto fundamental. Voc\u00eas s\u00e3o importantes, diria ele, sem precisar dizer. Somos importantes, pensariam alguns, sem precisar pensar. Pois bem. Foi o que fizeram, cada um a seu modo, Meryl Streep e Milton Hatoum.<\/p>\n<p>Hatoum ao olhar pra sua Manaus da inf\u00e2ncia com a mistura exata do menino e do homem. Quando escreveu o romance, n\u00e3o era mais o garoto meio liban\u00eas meio amazonense criado numa Manaus onde a floresta ainda era quintal e refer\u00eancia. Aos 47 anos, idade em que lan\u00e7ou \u201cDois irm\u00e3os\u201d, j\u00e1 tendo morado em outros pa\u00edses e em outras cidades brasileiras, o escritor j\u00e1 tinha dado a m\u00e3o ao garoto. Vamos juntos, parece ter dito sem dizer.<\/p>\n<p>Talvez seja meu livro preferido, e n\u00e3o me refiro apenas \u00e0 escrita impec\u00e1vel. A brasilidade sem esfor\u00e7o presente em cada pagina, a migra\u00e7\u00e3o, as casas flutuantes, o Rio Negro, a umidade, o calor, a proximidade com os \u00edndios, a promiscuidade familiar, e, principalmente, a particularidade da geografia me obrigaram a conhecer os cen\u00e1rios do romance um m\u00eas depois de t\u00ea-lo lido. Coisa boa o Brasil ver o Brasil. Ainda mais com o g\u00eanio Fagund\u00e3o naquelas imagens \u00e0 la Visconti do Luiz Fernando Carvalho.<\/p>\n<p>E o que a americana de \u201cKramer vs. Kramer\u201d tem a ver com isso? Bom, a\u00ed voltamos \u00e0 dupla din\u00e2mica lideran\u00e7a e maturidade. Quando uma atriz como Meryl Streep usa o microfone e a audi\u00eancia imensa de um Globo de Ouro pra falar da import\u00e2ncia da diversidade e da responsabilidade de estar no poder, bom, ent\u00e3o estamos falando de duas vozes contra o status quo.<\/p>\n<p>Espero que nosso presidente \u2014 que n\u00e3o foi ao Amazonas, mas est\u00e1 em Portugal, que est\u00e1 mais fresquinho \u2014 tenha chance de assistir \u00e0 s\u00e9rie. \u00c9 uma beleza uma obra dessas na TV aberta. Mas, qualquer coisa, se ele preferir ou achar mais chique a l\u00edngua inglesa, o discurso da garota grande de New Jersey j\u00e1 \u00e9 alguma coisa.<\/p>\n","protected":false},"excerpt":{"rendered":"<p>No Almanaqueiras Por Maria Ribeiro Li \u201cDois irm\u00e3os\u201d em tr\u00eas dias. Completamente fascinada pelos g\u00eameos inimigos Omar e Yaqub, por Zana e seu amor lascivo por somente um dos seus meninos, pelo colo familiar da criada Domingas e pela amoralidade da ca\u00e7ula Rania, lembrei-me de Nelson Rodrigues. \u201cO adulto n\u00e3o existe. O homem \u00e9 um&#8230;<a class=\"more-link\" href=\"http:\/\/blogdalucianaoliveira.com.br\/blog\/2017\/01\/11\/espero-que-temer-que-nao-foi-ao-amazonas-tenha-chance-de-assistir-a-serie\/\">Continue a leitura <span class=\"meta-nav\">&raquo;<\/span><\/a><\/p>\n","protected":false},"author":1,"featured_media":0,"comment_status":"closed","ping_status":"open","sticky":false,"template":"","format":"standard","meta":{"_exactmetrics_skip_tracking":false,"_exactmetrics_sitenote_active":false,"_exactmetrics_sitenote_note":"","_exactmetrics_sitenote_category":0,"jetpack_post_was_ever_published":false,"_jetpack_newsletter_access":"","_jetpack_dont_email_post_to_subs":false,"_jetpack_newsletter_tier_id":0,"_jetpack_memberships_contains_paywalled_content":false,"_jetpack_memberships_contains_paid_content":false,"footnotes":"","jetpack_publicize_message":"","jetpack_publicize_feature_enabled":true,"jetpack_social_post_already_shared":true,"jetpack_social_options":{"image_generator_settings":{"template":"highway","enabled":false},"version":2}},"categories":[1],"tags":[],"class_list":["post-7577","post","type-post","status-publish","format-standard","hentry","category-notas"],"jetpack_publicize_connections":[],"jetpack_sharing_enabled":true,"jetpack_featured_media_url":"","jetpack_shortlink":"https:\/\/wp.me\/p7wKYW-1Yd","jetpack-related-posts":[],"_links":{"self":[{"href":"http:\/\/blogdalucianaoliveira.com.br\/blog\/wp-json\/wp\/v2\/posts\/7577","targetHints":{"allow":["GET"]}}],"collection":[{"href":"http:\/\/blogdalucianaoliveira.com.br\/blog\/wp-json\/wp\/v2\/posts"}],"about":[{"href":"http:\/\/blogdalucianaoliveira.com.br\/blog\/wp-json\/wp\/v2\/types\/post"}],"author":[{"embeddable":true,"href":"http:\/\/blogdalucianaoliveira.com.br\/blog\/wp-json\/wp\/v2\/users\/1"}],"replies":[{"embeddable":true,"href":"http:\/\/blogdalucianaoliveira.com.br\/blog\/wp-json\/wp\/v2\/comments?post=7577"}],"version-history":[{"count":1,"href":"http:\/\/blogdalucianaoliveira.com.br\/blog\/wp-json\/wp\/v2\/posts\/7577\/revisions"}],"predecessor-version":[{"id":7579,"href":"http:\/\/blogdalucianaoliveira.com.br\/blog\/wp-json\/wp\/v2\/posts\/7577\/revisions\/7579"}],"wp:attachment":[{"href":"http:\/\/blogdalucianaoliveira.com.br\/blog\/wp-json\/wp\/v2\/media?parent=7577"}],"wp:term":[{"taxonomy":"category","embeddable":true,"href":"http:\/\/blogdalucianaoliveira.com.br\/blog\/wp-json\/wp\/v2\/categories?post=7577"},{"taxonomy":"post_tag","embeddable":true,"href":"http:\/\/blogdalucianaoliveira.com.br\/blog\/wp-json\/wp\/v2\/tags?post=7577"}],"curies":[{"name":"wp","href":"https:\/\/api.w.org\/{rel}","templated":true}]}}