{"id":7581,"date":"2017-01-11T16:55:59","date_gmt":"2017-01-11T20:55:59","guid":{"rendered":"http:\/\/blogdalucianaoliveira.com.br\/blog\/?p=7581"},"modified":"2017-01-11T18:12:03","modified_gmt":"2017-01-11T22:12:03","slug":"a-logica-do-absurdo","status":"publish","type":"post","link":"http:\/\/blogdalucianaoliveira.com.br\/blog\/2017\/01\/11\/a-logica-do-absurdo\/","title":{"rendered":"A l\u00f3gica do absurdo"},"content":{"rendered":"<p><img data-recalc-dims=\"1\" loading=\"lazy\" decoding=\"async\" data-attachment-id=\"7582\" data-permalink=\"http:\/\/blogdalucianaoliveira.com.br\/blog\/2017\/01\/11\/a-logica-do-absurdo\/img_0373\/\" data-orig-file=\"https:\/\/i0.wp.com\/blogdalucianaoliveira.com.br\/blog\/wp-content\/uploads\/2017\/01\/IMG_0373.jpg?fit=507%2C290\" data-orig-size=\"507,290\" data-comments-opened=\"0\" data-image-meta=\"{&quot;aperture&quot;:&quot;0&quot;,&quot;credit&quot;:&quot;&quot;,&quot;camera&quot;:&quot;&quot;,&quot;caption&quot;:&quot;&quot;,&quot;created_timestamp&quot;:&quot;0&quot;,&quot;copyright&quot;:&quot;&quot;,&quot;focal_length&quot;:&quot;0&quot;,&quot;iso&quot;:&quot;0&quot;,&quot;shutter_speed&quot;:&quot;0&quot;,&quot;title&quot;:&quot;&quot;,&quot;orientation&quot;:&quot;0&quot;}\" data-image-title=\"IMG_0373\" data-image-description=\"\" data-image-caption=\"\" data-medium-file=\"https:\/\/i0.wp.com\/blogdalucianaoliveira.com.br\/blog\/wp-content\/uploads\/2017\/01\/IMG_0373.jpg?fit=300%2C172\" data-large-file=\"https:\/\/i0.wp.com\/blogdalucianaoliveira.com.br\/blog\/wp-content\/uploads\/2017\/01\/IMG_0373.jpg?fit=507%2C290\" src=\"https:\/\/i0.wp.com\/blogdalucianaoliveira.com.br\/blog\/wp-content\/uploads\/2017\/01\/IMG_0373.jpg?resize=507%2C290\" alt=\"IMG_0373\" width=\"507\" height=\"290\" class=\"alignnone size-full wp-image-7582\" srcset=\"https:\/\/i0.wp.com\/blogdalucianaoliveira.com.br\/blog\/wp-content\/uploads\/2017\/01\/IMG_0373.jpg?w=507 507w, https:\/\/i0.wp.com\/blogdalucianaoliveira.com.br\/blog\/wp-content\/uploads\/2017\/01\/IMG_0373.jpg?resize=300%2C172 300w\" sizes=\"auto, (max-width: 507px) 100vw, 507px\" \/><\/p>\n<p>Tem uma galera que acha errado o Estado cuidar com dignidade de presos e pagar indeniza\u00e7\u00f5es quando um ou mais morrem sob sua tutela. <!--more--><\/p>\n<p>Isso, sem considerar quem e por que morreu.<br \/>\nO julgamento pessoal inclui nenhuma dosimetria sobre os que foram condenados \u00e0 restri\u00e7\u00e3o da liberdade, n\u00e3o a morte.<br \/>\n44% dos presos s\u00e3o provis\u00f3rios, mas \u00e9 dai?<br \/>\nJusti\u00e7a? Que impere a justi\u00e7a dos mais bandidos e pronto.<br \/>\nE os agentes expostos \u00e0 barb\u00e1rie? Fodam-se? Quem mandou trabalhar l\u00e1?<br \/>\nO que defendem inconscientemente \u00e9 o desprezo do Estado com obriga\u00e7\u00f5es pelas quais pagamos.<br \/>\nSe houvesse uma contribui\u00e7\u00e3o facultativa espec\u00edfica pra garantir s\u00f3 comida aos presos, certamente muitos recusariam.<br \/>\nPor sorte, morreriam n\u00e9?<br \/>\nE da\u00ed se sa\u00edssem mais brutalizados e fossem bater na porta dos que apostam no descaso como solu\u00e7\u00e3o pra seguran\u00e7a p\u00fablica?<br \/>\nL\u00f3gica zero, mas tudo bem.<br \/>\n\u00c9 ao Estado que compete o controle social, portanto, o que \u00e9 determinado como pol\u00edtica governamental reflete no padr\u00e3o de comportamento geral.<br \/>\nJ\u00e1 estamos brutalizados a ponto de n\u00e3o vermos que a indiferen\u00e7a s\u00f3 agigantou o cen\u00e1rio ca\u00f3tico no sistema prisional.<br \/>\nE da\u00ed?<br \/>\nTem tanta gente citando casos concretos, exce\u00e7\u00f5es como regras, ignorando estat\u00edsticas e todo o trabalho cient\u00edfico sobre essa quest\u00e3o, que \u00e9 mais f\u00e1cil aderir ao discurso do exterm\u00ednio em massa.<br \/>\nPena de morte com a bala paga pela fam\u00edlia, que tal?<br \/>\nNo pa\u00eds do judici\u00e1rio mais honesto do mundo, n\u00e3o haveria seletividade, nem erro.<br \/>\nOs crimes praticados por ricos n\u00e3o prescreveriam por demora.<br \/>\nS\u00e9rio que acreditam isso?<br \/>\nN\u00e3o pode ser, porque n\u00e3o temos um pa\u00eds, nem uma sociedade, temos um fingimento.<\/p>\n","protected":false},"excerpt":{"rendered":"<p>Tem uma galera que acha errado o Estado cuidar com dignidade de presos e pagar indeniza\u00e7\u00f5es quando um ou mais morrem sob sua tutela.<\/p>\n","protected":false},"author":1,"featured_media":0,"comment_status":"closed","ping_status":"open","sticky":false,"template":"","format":"standard","meta":{"_exactmetrics_skip_tracking":false,"_exactmetrics_sitenote_active":false,"_exactmetrics_sitenote_note":"","_exactmetrics_sitenote_category":0,"jetpack_post_was_ever_published":false,"_jetpack_newsletter_access":"","_jetpack_dont_email_post_to_subs":false,"_jetpack_newsletter_tier_id":0,"_jetpack_memberships_contains_paywalled_content":false,"_jetpack_memberships_contains_paid_content":false,"footnotes":"","jetpack_publicize_message":"","jetpack_publicize_feature_enabled":true,"jetpack_social_post_already_shared":true,"jetpack_social_options":{"image_generator_settings":{"template":"highway","enabled":false},"version":2}},"categories":[1],"tags":[],"class_list":["post-7581","post","type-post","status-publish","format-standard","hentry","category-notas"],"jetpack_publicize_connections":[],"jetpack_sharing_enabled":true,"jetpack_featured_media_url":"","jetpack_shortlink":"https:\/\/wp.me\/p7wKYW-1Yh","jetpack-related-posts":[],"_links":{"self":[{"href":"http:\/\/blogdalucianaoliveira.com.br\/blog\/wp-json\/wp\/v2\/posts\/7581","targetHints":{"allow":["GET"]}}],"collection":[{"href":"http:\/\/blogdalucianaoliveira.com.br\/blog\/wp-json\/wp\/v2\/posts"}],"about":[{"href":"http:\/\/blogdalucianaoliveira.com.br\/blog\/wp-json\/wp\/v2\/types\/post"}],"author":[{"embeddable":true,"href":"http:\/\/blogdalucianaoliveira.com.br\/blog\/wp-json\/wp\/v2\/users\/1"}],"replies":[{"embeddable":true,"href":"http:\/\/blogdalucianaoliveira.com.br\/blog\/wp-json\/wp\/v2\/comments?post=7581"}],"version-history":[{"count":2,"href":"http:\/\/blogdalucianaoliveira.com.br\/blog\/wp-json\/wp\/v2\/posts\/7581\/revisions"}],"predecessor-version":[{"id":7602,"href":"http:\/\/blogdalucianaoliveira.com.br\/blog\/wp-json\/wp\/v2\/posts\/7581\/revisions\/7602"}],"wp:attachment":[{"href":"http:\/\/blogdalucianaoliveira.com.br\/blog\/wp-json\/wp\/v2\/media?parent=7581"}],"wp:term":[{"taxonomy":"category","embeddable":true,"href":"http:\/\/blogdalucianaoliveira.com.br\/blog\/wp-json\/wp\/v2\/categories?post=7581"},{"taxonomy":"post_tag","embeddable":true,"href":"http:\/\/blogdalucianaoliveira.com.br\/blog\/wp-json\/wp\/v2\/tags?post=7581"}],"curies":[{"name":"wp","href":"https:\/\/api.w.org\/{rel}","templated":true}]}}