{"id":7603,"date":"2017-01-12T11:33:42","date_gmt":"2017-01-12T15:33:42","guid":{"rendered":"http:\/\/blogdalucianaoliveira.com.br\/blog\/?p=7603"},"modified":"2017-01-12T11:43:58","modified_gmt":"2017-01-12T15:43:58","slug":"suspiro-na-queda-de-juros-abafa-clamor-contra-corrupcao","status":"publish","type":"post","link":"http:\/\/blogdalucianaoliveira.com.br\/blog\/2017\/01\/12\/suspiro-na-queda-de-juros-abafa-clamor-contra-corrupcao\/","title":{"rendered":"Suspiro na queda de juros abafa clamor contra corrup\u00e7\u00e3o"},"content":{"rendered":"<p> <img data-recalc-dims=\"1\" loading=\"lazy\" decoding=\"async\" data-attachment-id=\"7604\" data-permalink=\"http:\/\/blogdalucianaoliveira.com.br\/blog\/2017\/01\/12\/suspiro-na-queda-de-juros-abafa-clamor-contra-corrupcao\/aecio_jornal_nacional_azeredo\/\" data-orig-file=\"https:\/\/i0.wp.com\/blogdalucianaoliveira.com.br\/blog\/wp-content\/uploads\/2017\/01\/Aecio_Jornal_Nacional_Azeredo.jpg?fit=780%2C496\" data-orig-size=\"780,496\" data-comments-opened=\"0\" data-image-meta=\"{&quot;aperture&quot;:&quot;0&quot;,&quot;credit&quot;:&quot;&quot;,&quot;camera&quot;:&quot;&quot;,&quot;caption&quot;:&quot;&quot;,&quot;created_timestamp&quot;:&quot;0&quot;,&quot;copyright&quot;:&quot;&quot;,&quot;focal_length&quot;:&quot;0&quot;,&quot;iso&quot;:&quot;0&quot;,&quot;shutter_speed&quot;:&quot;0&quot;,&quot;title&quot;:&quot;&quot;,&quot;orientation&quot;:&quot;0&quot;}\" data-image-title=\"Aecio_Jornal_Nacional_Azeredo\" data-image-description=\"\" data-image-caption=\"\" data-medium-file=\"https:\/\/i0.wp.com\/blogdalucianaoliveira.com.br\/blog\/wp-content\/uploads\/2017\/01\/Aecio_Jornal_Nacional_Azeredo.jpg?fit=300%2C191\" data-large-file=\"https:\/\/i0.wp.com\/blogdalucianaoliveira.com.br\/blog\/wp-content\/uploads\/2017\/01\/Aecio_Jornal_Nacional_Azeredo.jpg?fit=600%2C382\" src=\"https:\/\/i0.wp.com\/blogdalucianaoliveira.com.br\/blog\/wp-content\/uploads\/2017\/01\/Aecio_Jornal_Nacional_Azeredo.jpg?resize=600%2C382\" alt=\"Aecio_Jornal_Nacional_Azeredo\" width=\"600\" height=\"382\" class=\"alignnone size-full wp-image-7604\" srcset=\"https:\/\/i0.wp.com\/blogdalucianaoliveira.com.br\/blog\/wp-content\/uploads\/2017\/01\/Aecio_Jornal_Nacional_Azeredo.jpg?w=780 780w, https:\/\/i0.wp.com\/blogdalucianaoliveira.com.br\/blog\/wp-content\/uploads\/2017\/01\/Aecio_Jornal_Nacional_Azeredo.jpg?resize=300%2C191 300w, https:\/\/i0.wp.com\/blogdalucianaoliveira.com.br\/blog\/wp-content\/uploads\/2017\/01\/Aecio_Jornal_Nacional_Azeredo.jpg?resize=768%2C488 768w, https:\/\/i0.wp.com\/blogdalucianaoliveira.com.br\/blog\/wp-content\/uploads\/2017\/01\/Aecio_Jornal_Nacional_Azeredo.jpg?resize=472%2C300 472w\" sizes=\"auto, (max-width: 600px) 100vw, 600px\" \/><\/p>\n<p>Os crimes foram praticados em 1998, a den\u00fancia apresentada pela Procuradoria-Geral da Rep\u00fablica em 2007 e a primeira condena\u00e7\u00e3o saiu em 2015.<!--more--><\/p>\n<p>Isso mesmo, 17 anos se passaram at\u00e9 que o ex-governador de Minas Gerais Eduardo Azeredo (PSDB) fosse condenado a 20 anos e dez meses de pris\u00e3o em regime fechado por peculato e lavagem de dinheiro na a\u00e7\u00e3o penal do caso conhecido como \u201cmensal\u00e3o tucano\u201d.<\/p>\n<p>Tanto tempo, que tenho duas amigas e um parente que realmente acreditam que o ex-presidente nacional do PSDB \u00e9 inocente e quem come\u00e7ou com essa hist\u00f3ria de mensal\u00e3o foi o PT.<\/p>\n<p>Sim, mostrei a senten\u00e7a que julgou Azeredo culpado pelo desvio de ao menos R$ 3,5 milh\u00f5es de estatais mineiras por meio das empresas de publicidade de Marcos Val\u00e9rio para bancar sua campanha, mas minhas \u2018amigas\u2019 me bloquearam nas redes sociais.<\/p>\n<p>A demora beneficiou Walfrido dos Mares Guia, ex-vice-governador de Minas e coordenador da campanha de Azeredo em 1998, pois os crimes imputados prescreveram.<\/p>\n<p>Azeredo se manteve em atividades partid\u00e1rias enquanto aguardava decis\u00e3o de primeira inst\u00e2ncia, subiu no palanque de A\u00e9cio Neves na disputa pela presid\u00eancia da rep\u00fablica e foi contratado como diretor executivo da Federa\u00e7\u00e3o das Ind\u00fastrias do Estado de Minas Gerais (Fiemg), com sal\u00e1rio de R$ 25 mil mensais.<\/p>\n<p>Em nota o PSDB alegou surpresa com a decis\u00e3o e, claro, negou que Azeredo tenha desviado dinheiro de estatais para sua campanha \u00e0 reelei\u00e7\u00e3o ao governo de Minas em 1998.<\/p>\n<p>Mais de um ano ap\u00f3s a senten\u00e7a a Justi\u00e7a de Minas Gerais determinou o bloqueio dos bens do tucano.<\/p>\n<p>A not\u00edcia est\u00e1 nos principiais ve\u00edculos de comunica\u00e7\u00e3o, mas n\u00e3o gerou histeria coletiva nas redes sociais contra a demora no judici\u00e1rio que promove a impunidade.<\/p>\n<p>O PSDB n\u00e3o emitiu nota como costumeiramente faz quando um petista \u00e9 alvo de qualquer decis\u00e3o judicial por corrup\u00e7\u00e3o. <\/p>\n<p>O foco agora \u00e9 animar o mercado com a redu\u00e7\u00e3o da taxa de juros em 0.75, que os tucanos propagam que s\u00f3 foi poss\u00edvel sem o PT no poder.<\/p>\n<p>E as den\u00fancias contra Serra, Alckmin e A\u00e9cio nas dela\u00e7\u00f5es da Lava Jato? N\u00e3o pense em corrup\u00e7\u00e3o, mas na queda da infla\u00e7\u00e3o. <\/p>\n<p>Daqui pra frente o ovo dentro da galinha ser\u00e1 a pauta pra abafar os esc\u00e2ndalos de corrup\u00e7\u00e3o.<\/p>\n<p>Os engavetadores da &#8216;grande&#8217; m\u00eddia n\u00e3o tiram f\u00e9rias.<\/p>\n<p>Como disse J\u00falio Prestes ao Dr. Prot\u00e1sio, m\u00e9dico e amigo que pedia coragem ao caudilho diante da traqueostomia para conter um c\u00e2ncer: \u201cCoragem eu tenho Doutor Prot\u00e1sio, o que me falta \u00e9 ar.\u201d <\/p>\n","protected":false},"excerpt":{"rendered":"<p>Os crimes foram praticados em 1998, a den\u00fancia apresentada pela Procuradoria-Geral da Rep\u00fablica em 2007 e a primeira condena\u00e7\u00e3o saiu em 2015.<\/p>\n","protected":false},"author":1,"featured_media":0,"comment_status":"closed","ping_status":"open","sticky":false,"template":"","format":"standard","meta":{"_exactmetrics_skip_tracking":false,"_exactmetrics_sitenote_active":false,"_exactmetrics_sitenote_note":"","_exactmetrics_sitenote_category":0,"jetpack_post_was_ever_published":false,"_jetpack_newsletter_access":"","_jetpack_dont_email_post_to_subs":false,"_jetpack_newsletter_tier_id":0,"_jetpack_memberships_contains_paywalled_content":false,"_jetpack_memberships_contains_paid_content":false,"footnotes":"","jetpack_publicize_message":"","jetpack_publicize_feature_enabled":true,"jetpack_social_post_already_shared":true,"jetpack_social_options":{"image_generator_settings":{"template":"highway","enabled":false},"version":2}},"categories":[1],"tags":[272,273,22],"class_list":["post-7603","post","type-post","status-publish","format-standard","hentry","category-notas","tag-azeredo","tag-mensalao","tag-psdb"],"jetpack_publicize_connections":[],"jetpack_sharing_enabled":true,"jetpack_featured_media_url":"","jetpack_shortlink":"https:\/\/wp.me\/p7wKYW-1YD","jetpack-related-posts":[],"_links":{"self":[{"href":"http:\/\/blogdalucianaoliveira.com.br\/blog\/wp-json\/wp\/v2\/posts\/7603","targetHints":{"allow":["GET"]}}],"collection":[{"href":"http:\/\/blogdalucianaoliveira.com.br\/blog\/wp-json\/wp\/v2\/posts"}],"about":[{"href":"http:\/\/blogdalucianaoliveira.com.br\/blog\/wp-json\/wp\/v2\/types\/post"}],"author":[{"embeddable":true,"href":"http:\/\/blogdalucianaoliveira.com.br\/blog\/wp-json\/wp\/v2\/users\/1"}],"replies":[{"embeddable":true,"href":"http:\/\/blogdalucianaoliveira.com.br\/blog\/wp-json\/wp\/v2\/comments?post=7603"}],"version-history":[{"count":6,"href":"http:\/\/blogdalucianaoliveira.com.br\/blog\/wp-json\/wp\/v2\/posts\/7603\/revisions"}],"predecessor-version":[{"id":7610,"href":"http:\/\/blogdalucianaoliveira.com.br\/blog\/wp-json\/wp\/v2\/posts\/7603\/revisions\/7610"}],"wp:attachment":[{"href":"http:\/\/blogdalucianaoliveira.com.br\/blog\/wp-json\/wp\/v2\/media?parent=7603"}],"wp:term":[{"taxonomy":"category","embeddable":true,"href":"http:\/\/blogdalucianaoliveira.com.br\/blog\/wp-json\/wp\/v2\/categories?post=7603"},{"taxonomy":"post_tag","embeddable":true,"href":"http:\/\/blogdalucianaoliveira.com.br\/blog\/wp-json\/wp\/v2\/tags?post=7603"}],"curies":[{"name":"wp","href":"https:\/\/api.w.org\/{rel}","templated":true}]}}