{"id":7611,"date":"2017-01-12T12:06:23","date_gmt":"2017-01-12T16:06:23","guid":{"rendered":"http:\/\/blogdalucianaoliveira.com.br\/blog\/?p=7611"},"modified":"2017-01-12T12:09:14","modified_gmt":"2017-01-12T16:09:14","slug":"servidores-denunciam-direcionamento-de-gratificacao-a-apadrinhados","status":"publish","type":"post","link":"http:\/\/blogdalucianaoliveira.com.br\/blog\/2017\/01\/12\/servidores-denunciam-direcionamento-de-gratificacao-a-apadrinhados\/","title":{"rendered":"Servidores denunciam direcionamento de gratifica\u00e7\u00e3o a &#8216;apadrinhados&#8217;"},"content":{"rendered":"<p><img data-recalc-dims=\"1\" loading=\"lazy\" decoding=\"async\" data-attachment-id=\"7612\" data-permalink=\"http:\/\/blogdalucianaoliveira.com.br\/blog\/2017\/01\/12\/servidores-denunciam-direcionamento-de-gratificacao-a-apadrinhados\/cama\/\" data-orig-file=\"https:\/\/i0.wp.com\/blogdalucianaoliveira.com.br\/blog\/wp-content\/uploads\/2017\/01\/cama.jpg?fit=960%2C540\" data-orig-size=\"960,540\" data-comments-opened=\"0\" data-image-meta=\"{&quot;aperture&quot;:&quot;0&quot;,&quot;credit&quot;:&quot;&quot;,&quot;camera&quot;:&quot;&quot;,&quot;caption&quot;:&quot;&quot;,&quot;created_timestamp&quot;:&quot;0&quot;,&quot;copyright&quot;:&quot;&quot;,&quot;focal_length&quot;:&quot;0&quot;,&quot;iso&quot;:&quot;0&quot;,&quot;shutter_speed&quot;:&quot;0&quot;,&quot;title&quot;:&quot;&quot;,&quot;orientation&quot;:&quot;0&quot;}\" data-image-title=\"cama\" data-image-description=\"\" data-image-caption=\"\" data-medium-file=\"https:\/\/i0.wp.com\/blogdalucianaoliveira.com.br\/blog\/wp-content\/uploads\/2017\/01\/cama.jpg?fit=300%2C169\" data-large-file=\"https:\/\/i0.wp.com\/blogdalucianaoliveira.com.br\/blog\/wp-content\/uploads\/2017\/01\/cama.jpg?fit=600%2C338\" src=\"https:\/\/i0.wp.com\/blogdalucianaoliveira.com.br\/blog\/wp-content\/uploads\/2017\/01\/cama.jpg?resize=600%2C338\" alt=\"cama\" width=\"600\" height=\"338\" class=\"alignnone size-full wp-image-7612\" srcset=\"https:\/\/i0.wp.com\/blogdalucianaoliveira.com.br\/blog\/wp-content\/uploads\/2017\/01\/cama.jpg?w=960 960w, https:\/\/i0.wp.com\/blogdalucianaoliveira.com.br\/blog\/wp-content\/uploads\/2017\/01\/cama.jpg?resize=300%2C169 300w, https:\/\/i0.wp.com\/blogdalucianaoliveira.com.br\/blog\/wp-content\/uploads\/2017\/01\/cama.jpg?resize=768%2C432 768w, https:\/\/i0.wp.com\/blogdalucianaoliveira.com.br\/blog\/wp-content\/uploads\/2017\/01\/cama.jpg?resize=533%2C300 533w\" sizes=\"auto, (max-width: 600px) 100vw, 600px\" \/><\/p>\n<p>A den\u00fancia \u00e9 de que s\u00f3 servidores que apoiaram a reelei\u00e7\u00e3o da vereadora Elis Regina (PCdoB), foram beneficiados com a incorpora\u00e7\u00e3o da GPE &#8211; Gratifica\u00e7\u00e3o Produtividade Especial aos sal\u00e1rios, aprovada em sess\u00e3o extraordin\u00e1ria da C\u00e2mara de Vereadores de Porto Velho.<!--more--><\/p>\n<p>Em reportagem veiculada na SICTV, servidores dizem que isso s\u00f3 foi poss\u00edvel por meio de um acordo entre a vereadora e o prefeito Hildon Chaves.<\/p>\n<p>Dos quase 12 mil servidores municipais s\u00f3 932 servidores ganharam o direito \u00e0 gratifica\u00e7\u00e3o que varia de R$ 600 a 1.800 reais, entre eles a pr\u00f3pria vereadora.<\/p>\n<p>O vereador Aleks Palitot (PTB) reclamou a pressa na aprova\u00e7\u00e3o da incorpora\u00e7\u00e3o, pois ocorreu em primeira sess\u00e3o da legislatura junto \u00e0 vota\u00e7\u00e3o do projeto de restrutura\u00e7\u00e3o organizacional da prefeitura que tem mais de 100 artigos.<\/p>\n<p>J\u00e1 foram protocoladas den\u00fancias contra a aprova\u00e7\u00e3o da gratifica\u00e7\u00e3o a um pequeno grupo de servidores junto \u00e0 C\u00e2mara de Vereadores, Tribunal de Contas, Minist\u00e9rio P\u00fablico, sindicatos.<\/p>\n<p>Confira a reportagem:<\/p>\n<div class=\"jetpack-video-wrapper\"><iframe loading=\"lazy\" title=\"Servidores denunciam lei aprovada na c\u00e2mara que beneficia apenas um vereador\" width=\"600\" height=\"450\" src=\"https:\/\/www.youtube.com\/embed\/oNlq5fbrDjw?feature=oembed\" frameborder=\"0\" allow=\"accelerometer; autoplay; clipboard-write; encrypted-media; gyroscope; picture-in-picture; web-share\" referrerpolicy=\"strict-origin-when-cross-origin\" allowfullscreen><\/iframe><\/div>\n","protected":false},"excerpt":{"rendered":"<p>A den\u00fancia \u00e9 de que s\u00f3 servidores que apoiaram a reelei\u00e7\u00e3o da vereadora Elis Regina (PCdoB), foram beneficiados com a incorpora\u00e7\u00e3o da GPE &#8211; Gratifica\u00e7\u00e3o Produtividade Especial aos sal\u00e1rios, aprovada em sess\u00e3o extraordin\u00e1ria da C\u00e2mara de Vereadores de Porto Velho.<\/p>\n","protected":false},"author":1,"featured_media":0,"comment_status":"closed","ping_status":"open","sticky":false,"template":"","format":"standard","meta":{"_exactmetrics_skip_tracking":false,"_exactmetrics_sitenote_active":false,"_exactmetrics_sitenote_note":"","_exactmetrics_sitenote_category":0,"jetpack_post_was_ever_published":false,"_jetpack_newsletter_access":"","_jetpack_dont_email_post_to_subs":false,"_jetpack_newsletter_tier_id":0,"_jetpack_memberships_contains_paywalled_content":false,"_jetpack_memberships_contains_paid_content":false,"footnotes":"","jetpack_publicize_message":"","jetpack_publicize_feature_enabled":true,"jetpack_social_post_already_shared":true,"jetpack_social_options":{"image_generator_settings":{"template":"highway","enabled":false},"version":2}},"categories":[1],"tags":[],"class_list":["post-7611","post","type-post","status-publish","format-standard","hentry","category-notas"],"jetpack_publicize_connections":[],"jetpack_sharing_enabled":true,"jetpack_featured_media_url":"","jetpack_shortlink":"https:\/\/wp.me\/p7wKYW-1YL","jetpack-related-posts":[],"_links":{"self":[{"href":"http:\/\/blogdalucianaoliveira.com.br\/blog\/wp-json\/wp\/v2\/posts\/7611","targetHints":{"allow":["GET"]}}],"collection":[{"href":"http:\/\/blogdalucianaoliveira.com.br\/blog\/wp-json\/wp\/v2\/posts"}],"about":[{"href":"http:\/\/blogdalucianaoliveira.com.br\/blog\/wp-json\/wp\/v2\/types\/post"}],"author":[{"embeddable":true,"href":"http:\/\/blogdalucianaoliveira.com.br\/blog\/wp-json\/wp\/v2\/users\/1"}],"replies":[{"embeddable":true,"href":"http:\/\/blogdalucianaoliveira.com.br\/blog\/wp-json\/wp\/v2\/comments?post=7611"}],"version-history":[{"count":4,"href":"http:\/\/blogdalucianaoliveira.com.br\/blog\/wp-json\/wp\/v2\/posts\/7611\/revisions"}],"predecessor-version":[{"id":7616,"href":"http:\/\/blogdalucianaoliveira.com.br\/blog\/wp-json\/wp\/v2\/posts\/7611\/revisions\/7616"}],"wp:attachment":[{"href":"http:\/\/blogdalucianaoliveira.com.br\/blog\/wp-json\/wp\/v2\/media?parent=7611"}],"wp:term":[{"taxonomy":"category","embeddable":true,"href":"http:\/\/blogdalucianaoliveira.com.br\/blog\/wp-json\/wp\/v2\/categories?post=7611"},{"taxonomy":"post_tag","embeddable":true,"href":"http:\/\/blogdalucianaoliveira.com.br\/blog\/wp-json\/wp\/v2\/tags?post=7611"}],"curies":[{"name":"wp","href":"https:\/\/api.w.org\/{rel}","templated":true}]}}