{"id":7620,"date":"2017-01-12T15:01:27","date_gmt":"2017-01-12T19:01:27","guid":{"rendered":"http:\/\/blogdalucianaoliveira.com.br\/blog\/?p=7620"},"modified":"2017-01-12T15:01:27","modified_gmt":"2017-01-12T19:01:27","slug":"o-estado-tem-que-ser-limpo-nao-pode-matar","status":"publish","type":"post","link":"http:\/\/blogdalucianaoliveira.com.br\/blog\/2017\/01\/12\/o-estado-tem-que-ser-limpo-nao-pode-matar\/","title":{"rendered":"O Estado tem que ser limpo. N\u00e3o pode matar"},"content":{"rendered":"<p><img data-recalc-dims=\"1\" loading=\"lazy\" decoding=\"async\" data-attachment-id=\"7621\" data-permalink=\"http:\/\/blogdalucianaoliveira.com.br\/blog\/2017\/01\/12\/o-estado-tem-que-ser-limpo-nao-pode-matar\/img_0403\/\" data-orig-file=\"https:\/\/i0.wp.com\/blogdalucianaoliveira.com.br\/blog\/wp-content\/uploads\/2017\/01\/IMG_0403.jpg?fit=650%2C375\" data-orig-size=\"650,375\" data-comments-opened=\"0\" data-image-meta=\"{&quot;aperture&quot;:&quot;0&quot;,&quot;credit&quot;:&quot;&quot;,&quot;camera&quot;:&quot;&quot;,&quot;caption&quot;:&quot;&quot;,&quot;created_timestamp&quot;:&quot;0&quot;,&quot;copyright&quot;:&quot;&quot;,&quot;focal_length&quot;:&quot;0&quot;,&quot;iso&quot;:&quot;0&quot;,&quot;shutter_speed&quot;:&quot;0&quot;,&quot;title&quot;:&quot;&quot;,&quot;orientation&quot;:&quot;1&quot;}\" data-image-title=\"IMG_0403\" data-image-description=\"\" data-image-caption=\"\" data-medium-file=\"https:\/\/i0.wp.com\/blogdalucianaoliveira.com.br\/blog\/wp-content\/uploads\/2017\/01\/IMG_0403.jpg?fit=300%2C173\" data-large-file=\"https:\/\/i0.wp.com\/blogdalucianaoliveira.com.br\/blog\/wp-content\/uploads\/2017\/01\/IMG_0403.jpg?fit=600%2C346\" src=\"https:\/\/i0.wp.com\/blogdalucianaoliveira.com.br\/blog\/wp-content\/uploads\/2017\/01\/IMG_0403.jpg?resize=600%2C346\" alt=\"IMG_0403\" width=\"600\" height=\"346\" class=\"alignnone size-full wp-image-7621\" srcset=\"https:\/\/i0.wp.com\/blogdalucianaoliveira.com.br\/blog\/wp-content\/uploads\/2017\/01\/IMG_0403.jpg?w=650 650w, https:\/\/i0.wp.com\/blogdalucianaoliveira.com.br\/blog\/wp-content\/uploads\/2017\/01\/IMG_0403.jpg?resize=300%2C173 300w, https:\/\/i0.wp.com\/blogdalucianaoliveira.com.br\/blog\/wp-content\/uploads\/2017\/01\/IMG_0403.jpg?resize=520%2C300 520w\" sizes=\"auto, (max-width: 600px) 100vw, 600px\" \/><\/p>\n<p>TEM QUE INDENIZAR, sim!<\/p>\n<p>Por Professor Nazareno<\/p>\n<p>Quem critica a pol\u00edtica de direitos humanos n\u00e3o entende bulhufas da Conven\u00e7\u00e3o de Genebra da qual o Brasil \u00e9 signat\u00e1rio e, em tese, concorda com o Fascismo, o Nazismo e os campos de concentra\u00e7\u00e3o. <\/p>\n<p>Muitas vezes s\u00e3o pessoas hip\u00f3critas e est\u00fapidas que se dizem crist\u00e3s e n\u00e3o respeitam sequer o direito dos outros e a doutrina da religi\u00e3o que segue. <\/p>\n<p>Prefiro conviver com um milh\u00e3o de bandidos e assassinos soltos nas ruas a ter um s\u00f3 Estado assassino. Dos primeiros podemos, com um pouco de sorte, nos livrar. Do segundo, ningu\u00e9m est\u00e1 a salvo. Bandido \u00e9 o indiv\u00edduo que comete bandidagens. <\/p>\n<p>O Estado tem que ser limpo. N\u00e3o pode matar, n\u00e3o pode castigar, n\u00e3o pode extorquir, n\u00e3o pode estuprar, n\u00e3o pode nem ter religi\u00e3o. Se for para n\u00e3o respeitar direitos humanos, n\u00e3o se responsabilizar pelo sujeito que prendeu e fazer o que n\u00e3o est\u00e1 na lei, n\u00e3o adianta prender. <\/p>\n<p>Tem que deixar solto. A Lei de Tali\u00e3o \u00e9 coisa do passado. O Estado \u00e9 moderno. Geralmente quem critica a pol\u00edtica dos direitos humanos \u00e9 mesmo que n\u00e3o tem nenhum parente l\u00e1 no sistema carcer\u00e1rio. Bandido bom \u00e9 bandido PRESO, JULGADO, CONDENADO e CUMPRINDO legalmente a sua pena. E sem direito a nenhum privil\u00e9gio e ter a sua integridade f\u00edsica assegurada por quem o prendeu. <\/p>\n<p>Onde est\u00e1 escrito que deve sofrer maus tratos s\u00f3 por que \u00e9 bandido? Se n\u00e3o est\u00e1 escrito, o Estado e todos t\u00eam que respeitar. Simples assim. Lugar de bandido n\u00e3o \u00e9 na casa de quem defende o \u00f3bvio, mas dentro do sistema carcer\u00e1rio sem direitos e regalias que n\u00e3o constam na lei. <\/p>\n<p>Da mesma forma que, quem foi assaltado ou perdeu um parente morto por um bandido, deveria ser tamb\u00e9m indenizado pelo Estado, que deveria garantir a seguran\u00e7a de TODOS.<\/p>\n","protected":false},"excerpt":{"rendered":"<p>TEM QUE INDENIZAR, sim! Por Professor Nazareno Quem critica a pol\u00edtica de direitos humanos n\u00e3o entende bulhufas da Conven\u00e7\u00e3o de Genebra da qual o Brasil \u00e9 signat\u00e1rio e, em tese, concorda com o Fascismo, o Nazismo e os campos de concentra\u00e7\u00e3o. Muitas vezes s\u00e3o pessoas hip\u00f3critas e est\u00fapidas que se dizem crist\u00e3s e n\u00e3o respeitam&#8230;<a class=\"more-link\" href=\"http:\/\/blogdalucianaoliveira.com.br\/blog\/2017\/01\/12\/o-estado-tem-que-ser-limpo-nao-pode-matar\/\">Continue a leitura <span class=\"meta-nav\">&raquo;<\/span><\/a><\/p>\n","protected":false},"author":1,"featured_media":0,"comment_status":"closed","ping_status":"open","sticky":false,"template":"","format":"standard","meta":{"_exactmetrics_skip_tracking":false,"_exactmetrics_sitenote_active":false,"_exactmetrics_sitenote_note":"","_exactmetrics_sitenote_category":0,"jetpack_post_was_ever_published":false,"_jetpack_newsletter_access":"","_jetpack_dont_email_post_to_subs":false,"_jetpack_newsletter_tier_id":0,"_jetpack_memberships_contains_paywalled_content":false,"_jetpack_memberships_contains_paid_content":false,"footnotes":"","jetpack_publicize_message":"","jetpack_publicize_feature_enabled":true,"jetpack_social_post_already_shared":true,"jetpack_social_options":{"image_generator_settings":{"template":"highway","enabled":false},"version":2}},"categories":[1],"tags":[],"class_list":["post-7620","post","type-post","status-publish","format-standard","hentry","category-notas"],"jetpack_publicize_connections":[],"jetpack_sharing_enabled":true,"jetpack_featured_media_url":"","jetpack_shortlink":"https:\/\/wp.me\/p7wKYW-1YU","jetpack-related-posts":[],"_links":{"self":[{"href":"http:\/\/blogdalucianaoliveira.com.br\/blog\/wp-json\/wp\/v2\/posts\/7620","targetHints":{"allow":["GET"]}}],"collection":[{"href":"http:\/\/blogdalucianaoliveira.com.br\/blog\/wp-json\/wp\/v2\/posts"}],"about":[{"href":"http:\/\/blogdalucianaoliveira.com.br\/blog\/wp-json\/wp\/v2\/types\/post"}],"author":[{"embeddable":true,"href":"http:\/\/blogdalucianaoliveira.com.br\/blog\/wp-json\/wp\/v2\/users\/1"}],"replies":[{"embeddable":true,"href":"http:\/\/blogdalucianaoliveira.com.br\/blog\/wp-json\/wp\/v2\/comments?post=7620"}],"version-history":[{"count":1,"href":"http:\/\/blogdalucianaoliveira.com.br\/blog\/wp-json\/wp\/v2\/posts\/7620\/revisions"}],"predecessor-version":[{"id":7622,"href":"http:\/\/blogdalucianaoliveira.com.br\/blog\/wp-json\/wp\/v2\/posts\/7620\/revisions\/7622"}],"wp:attachment":[{"href":"http:\/\/blogdalucianaoliveira.com.br\/blog\/wp-json\/wp\/v2\/media?parent=7620"}],"wp:term":[{"taxonomy":"category","embeddable":true,"href":"http:\/\/blogdalucianaoliveira.com.br\/blog\/wp-json\/wp\/v2\/categories?post=7620"},{"taxonomy":"post_tag","embeddable":true,"href":"http:\/\/blogdalucianaoliveira.com.br\/blog\/wp-json\/wp\/v2\/tags?post=7620"}],"curies":[{"name":"wp","href":"https:\/\/api.w.org\/{rel}","templated":true}]}}