{"id":763,"date":"2016-05-13T12:06:05","date_gmt":"2016-05-13T16:06:05","guid":{"rendered":"http:\/\/blogdalucianaoliveira.com.br\/blog\/?p=763"},"modified":"2016-05-13T12:06:05","modified_gmt":"2016-05-13T16:06:05","slug":"a-verdade-e-como-a-poesia-e-quase-todo-mundo-detesta-poesia","status":"publish","type":"post","link":"http:\/\/blogdalucianaoliveira.com.br\/blog\/2016\/05\/13\/a-verdade-e-como-a-poesia-e-quase-todo-mundo-detesta-poesia\/","title":{"rendered":"A verdade \u00e9 como a poesia. E quase todo mundo detesta poesia"},"content":{"rendered":"<p>Ministros do Temer = Pol\u00edticos derrotados e investigados 7 x 0 Mulheres, negros e \u00edndios.<\/p>\n<p>Suspeitos de crimes e de envolvimento no esquema de corrup\u00e7\u00e3o na Petrobras, candidatos que fracassaram nas urnas, ex-ministros de Dilma, Lula e FHC. Veja o \u201cminist\u00e9rio de not\u00e1veis\u201d do novo presidente:<\/p>\n<p><img data-recalc-dims=\"1\" loading=\"lazy\" decoding=\"async\" data-attachment-id=\"764\" data-permalink=\"http:\/\/blogdalucianaoliveira.com.br\/blog\/2016\/05\/13\/a-verdade-e-como-a-poesia-e-quase-todo-mundo-detesta-poesia\/image-160\/\" data-orig-file=\"https:\/\/i0.wp.com\/blogdalucianaoliveira.com.br\/blog\/wp-content\/uploads\/2016\/05\/image-4.png?fit=287%2C270\" data-orig-size=\"287,270\" data-comments-opened=\"0\" data-image-meta=\"{&quot;aperture&quot;:&quot;0&quot;,&quot;credit&quot;:&quot;&quot;,&quot;camera&quot;:&quot;&quot;,&quot;caption&quot;:&quot;&quot;,&quot;created_timestamp&quot;:&quot;0&quot;,&quot;copyright&quot;:&quot;&quot;,&quot;focal_length&quot;:&quot;0&quot;,&quot;iso&quot;:&quot;0&quot;,&quot;shutter_speed&quot;:&quot;0&quot;,&quot;title&quot;:&quot;&quot;,&quot;orientation&quot;:&quot;0&quot;}\" data-image-title=\"image\" data-image-description=\"\" data-image-caption=\"\" data-medium-file=\"https:\/\/i0.wp.com\/blogdalucianaoliveira.com.br\/blog\/wp-content\/uploads\/2016\/05\/image-4.png?fit=287%2C270\" data-large-file=\"https:\/\/i0.wp.com\/blogdalucianaoliveira.com.br\/blog\/wp-content\/uploads\/2016\/05\/image-4.png?fit=287%2C270\" class=\"alignnone size-full wp-image-764\" src=\"https:\/\/i0.wp.com\/blogdalucianaoliveira.com.br\/blog\/wp-content\/uploads\/2016\/05\/image-4.png?resize=287%2C270\" alt=\"image\" width=\"287\" height=\"270\" \/><\/p>\n<p>&nbsp;<\/p>\n<p>Do Congresso\u00a0 em Foco<\/p>\n<p>Sem negro nem mulher, mas com pol\u00edticos investigados e com dificuldade para se elegerem. Ap\u00f3s cogitar um \u201cminist\u00e9rio de not\u00e1veis\u201d, com intelectuais e especialistas em suas respectivas \u00e1reas, o presidente em exerc\u00edcio Michel Temer (PMDB) anunciou uma equipe com candidatos que n\u00e3o tiveram voto suficiente em suas \u00faltimas elei\u00e7\u00f5es, suspeitos de cometer crimes e velhos conhecidos dos governos Dilma, Lula e Fernando Henrique Cardoso.<\/p>\n<p>Ao menos tr\u00eas dos 23 novos ministros s\u00e3o alvos da Opera\u00e7\u00e3o Lava Jato: Romero Juc\u00e1 (Planejamento), Geddel Vieira (Secretaria de Governo) e Henrique Eduardo Alves (Turismo). Com a posse, Geddel e Henrique Eduardo ter\u00e3o seus casos remetidos do juiz S\u00e9rgio Moro para o Supremo Tribunal Federal (STF) \u2013 a partir de agora, s\u00f3 podem ser investigados ou julgados pela mais alta corte do pa\u00eds. Em seu primeiro discurso como presidente, o peemedebista defendeu a continuidade da Lava Jato. Ele mesmo pode se tornar alvo da opera\u00e7\u00e3o que investiga o maior esquema de corrup\u00e7\u00e3o descoberto no pa\u00eds. A Procuradoria-Geral da Rep\u00fablica examina se pede a abertura de investiga\u00e7\u00e3o contra Temer em raz\u00e3o de cita\u00e7\u00f5es e documentos apreendidos (leia mais abaixo).<\/p>\n<p>Tamb\u00e9m respondem a inqu\u00e9rito no Supremo Gilberto Kassab (Ci\u00eancia, Tecnologia e Comunica\u00e7\u00f5es), Maur\u00edcio Quintella Lessa (Transportes) e Ricardo Barros (Sa\u00fade). Outros dois novos ministros s\u00e3o filhos de investigados na Lava Jato: Helder Barbalho (Integra\u00e7\u00e3o Nacional) e Fernando Coelho Filho (Minas e Energia), herdeiros pol\u00edticos dos senadores Jader Barbalho (PMDB-PA) e Fernando Bezerra Coelho (PSB-PE), suspeitos de receber recursos desviados da Petrobras. Um dos homens mais pr\u00f3ximos de Temer, o ministro da Casa Civil, Eliseu Padilha, foi citado na dela\u00e7\u00e3o premiada do ex-senador cassado Delc\u00eddio do Amaral (MS). Mas n\u00e3o h\u00e1 inqu\u00e9rito em andamento contra ele.<\/p>\n<p>A lista de ministros de Michel Temer<\/p>\n<p>As suspeitas que perseguem a vida de Temer<\/p>\n<p>As a\u00e7\u00f5es da Lava Jato tamb\u00e9m causaram constrangimento a seis novos ministros, cujos nomes figuram a lista apreendida na casa de um executivo da Odebrecht, no Rio de Janeiro, em que s\u00e3o atribu\u00eddos repasses a pol\u00edticos. Na rela\u00e7\u00e3o aparecem, al\u00e9m de Juc\u00e1 e Henrique Eduardo Alves, Jos\u00e9 Serra (Rela\u00e7\u00f5es Exteriores), Bruno Ara\u00fajo (Cidades), Mendon\u00e7a Filho (Educa\u00e7\u00e3o e Cultura) e Ricardo Barros (Sa\u00fade). Os pap\u00e9is, entre os quais c\u00f3pias de planilhas com v\u00e1rias anota\u00e7\u00f5es a m\u00e3o, atribuem doa\u00e7\u00f5es eleitorais a perto de tr\u00eas centenas de pol\u00edticos. A veracidade das informa\u00e7\u00f5es que constam da lista, no entanto, ainda \u00e9 investigada.<\/p>\n<p>Jorge Piccciani, deputado estadual, presidente do PMDB no Rio de Janeiro e pai do novo ministro do Esporte, Leonardo Picciani, tamb\u00e9m \u00e9 citado na lista da Odebrecht. L\u00edder do PMDB na C\u00e2mara, Picciani votou contra o impeachment de Dilma no \u00faltimo dia 17.<\/p>\n<p>Sob suspeita<\/p>\n<p>Novo titular da Sa\u00fade, pasta que concentra o maior or\u00e7amento de toda a Esplanada dos Minist\u00e9rios, Ricardo Barros tamb\u00e9m \u00e9 investigado no Supremo (Inqu\u00e9rito 4157) por corrup\u00e7\u00e3o, peculato e crime contra a Lei de Licita\u00e7\u00f5es. A previs\u00e3o or\u00e7ament\u00e1ria para o minist\u00e9rio, este ano, \u00e9 de R$ 118,5 bilh\u00f5es. O deputado paranaense, agora licenciado, chegou a ser apontado como prov\u00e1vel ministro da Sa\u00fade de Dilma quando a presidente negociava com o PP, um m\u00eas atr\u00e1s, votos contra o impeachment. A legenda recuou e decidiu se aliar aos peemedebistas.<\/p>\n<p>L\u00edder do PR na C\u00e2mara at\u00e9 o m\u00eas passado, quando abriu m\u00e3o da fun\u00e7\u00e3o para votar a favor do impeachment, o deputado Maur\u00edcio Quintella Lessa (AL) \u00e9 alvo de inqu\u00e9rito que apura den\u00fancia de desvio de recursos de dois conv\u00eanios do Fundo Nacional de Desenvolvimento da Educa\u00e7\u00e3o quando era secret\u00e1rio estadual de Educa\u00e7\u00e3o em Alagoas, no governo de seu primo, o ex-governador e atual deputado Ronaldo Lessa. Quintella \u00e9 o novo ministro dos Transportes, pasta que est\u00e1 com o PR desde o governo Lula.<\/p>\n<p>Sem mandato, com cargo<\/p>\n<p>Assim como Michel Temer, que teve dificuldade para se eleger deputado federal em sua \u00faltima passagem pela C\u00e2mara e que foi suplente em suas duas primeiras legislaturas, outros integrantes do primeiro escal\u00e3o tamb\u00e9m t\u00eam sofrido nas urnas. Eliseu Padilha, que comandou o Minist\u00e9rio dos Transportes, no governo FHC, e a Avia\u00e7\u00e3o Civil, na gest\u00e3o Dilma, assumiu seu \u00faltimo mandato como suplente. Padilha n\u00e3o disputou a \u00faltima elei\u00e7\u00e3o.<\/p>\n<p>Deputado federal por mais de 40 anos consecutivos, o ex-presidente da C\u00e2mara Henrique Eduardo Alves ficou sem mandato ao perder, em 2014, o governo do Rio Grande do Norte. Como consola\u00e7\u00e3o, recebeu o Minist\u00e9rio do Turismo de Dilma. Menos de dois meses ap\u00f3s entregar o cargo, quando o PMDB rompeu com a petista, o potiguar est\u00e1 de volta ao mesmo gabinete.<\/p>\n<p>Presidente do PSD, Kassab \u00e9 outro ex-ministro de Dilma de volta ao Executivo. Trocou Cidades por Ci\u00eancia e Tecnologia e Comunica\u00e7\u00f5es (produto de fus\u00e3o das duas pastas). O ex-prefeito de S\u00e3o Paulo n\u00e3o conseguiu se eleger senador em 2014, a exemplo de Geddel Vieira Lima, candidato na Bahia. Helder Barbalho tamb\u00e9m foi chamado por Dilma depois de perder a disputa pelo governo do Par\u00e1. Embora tenha resistido a deixar a petista, o paraense responder\u00e1 agora a Temer. Representante do PPS no governo Temer, Raul Jungmann (PE) estava na C\u00e2mara at\u00e9 esta quinta-feira como suplente. N\u00e3o teve votos suficientes para se eleger diretamente.<\/p>\n<p>Lava Jato<\/p>\n<p>O procurador-geral da Rep\u00fablica, Rodrigo Janot, estuda se pede a abertura de inqu\u00e9rito contra Temer na Lava Jato. O nome dele foi citado nas dela\u00e7\u00f5es do ex-l\u00edder do governo no Senado Delc\u00eddio do Amaral e do lobista J\u00falio Camargo, o mesmo que confessou ter repassado US$ 5 milh\u00f5es em propina a Eduardo Cunha; na planilha apreendida com um dos ex-executivos da Camargo Corr\u00eaa; e em uma troca de mensagens por telefone entre Cunha e o ex-presidente da OAS L\u00e9o Pinheiro. No \u00faltimo caso, Cunha diz a L\u00e9o Pinheiro que os deputados est\u00e3o incomodados de Temer j\u00e1 ter recebido a parte dela na propina, pelas m\u00e3os do ex-governador do Rio Moreira Franco, enquanto os aliados do presidente afastado da C\u00e2mara continuavam a ver navios.<\/p>\n<p>Na mira da Lava Jato, o senador Romero Juc\u00e1, que assume o Planejamento, responde a cinco inqu\u00e9ritos no Supremo pelos crimes de lavagem de dinheiro, forma\u00e7\u00e3o de quadrilha e corrup\u00e7\u00e3o passiva, crimes eleitorais, de responsabilidade, contra a ordem tribut\u00e1ria, apropria\u00e7\u00e3o ind\u00e9bita previdenci\u00e1ria e falsidade ideol\u00f3gica. Dois deles foram desencadeados pelas opera\u00e7\u00f5es Zelotes e Lava Jato. O novo ministro \u00e9 suspeito de ter recebido propina por contratos na Petrobras e no setor el\u00e9trico e por modifica\u00e7\u00f5es em medida provis\u00f3ria que beneficiou montadoras automobil\u00edsticas.<\/p>\n<p>Um dos procedimentos diz respeito \u00e0 origem e ao destino de R$ 100 mil jogados para fora de um carro por um de seus auxiliares momentos antes de ser abordado pela pol\u00edcia. O ato ocorreu durante a campanha eleitoral de 2010. O assessor disse que o dinheiro seria usado na campanha de Juc\u00e1.<\/p>\n<p>Em dezembro do ano passado, a casa de Henrique Eduardo Alves foi alvo de busca e apreens\u00e3o da Pol\u00edcia Federal em uma das fases da Lava Jato, a Catilin\u00e1rias. O potiguar \u00e9 suspeito de ter recebido dinheiro do dono da OAS, L\u00e9o Pinheiro, em troca de favores no Congresso e em tribunais.<\/p>\n<p>Ministro da Integra\u00e7\u00e3o Nacional no governo Lula e ex-vice-presidente da Caixa Econ\u00f4mica Federal no primeiro mandato de Dilma, Geddel tem nome citado em mensagens trocadas entre o presidente afastado da C\u00e2mara Eduardo Cunha (PMDB-RJ) com L\u00e9o Pinheiro trata do atendimento de interesses da OAS em \u00f3rg\u00e3os do governo, como a Caixa. Segundo os investigadores, h\u00e1 ind\u00edcios de que o ex-deputado baiano pediu doa\u00e7\u00f5es da OAS para sua campanha ao Senado e para outros pol\u00edticos do PMDB da Bahia.<\/p>\n","protected":false},"excerpt":{"rendered":"<p>Ministros do Temer = Pol\u00edticos derrotados e investigados 7 x 0 Mulheres, negros e \u00edndios. Suspeitos de crimes e de envolvimento no esquema de corrup\u00e7\u00e3o na Petrobras, candidatos que fracassaram nas urnas, ex-ministros de Dilma, Lula e FHC. Veja o \u201cminist\u00e9rio de not\u00e1veis\u201d do novo presidente: &nbsp; Do Congresso\u00a0 em Foco Sem negro nem mulher,&#8230;<a class=\"more-link\" href=\"http:\/\/blogdalucianaoliveira.com.br\/blog\/2016\/05\/13\/a-verdade-e-como-a-poesia-e-quase-todo-mundo-detesta-poesia\/\">Continue a leitura <span class=\"meta-nav\">&raquo;<\/span><\/a><\/p>\n","protected":false},"author":1,"featured_media":0,"comment_status":"closed","ping_status":"open","sticky":false,"template":"","format":"standard","meta":{"_exactmetrics_skip_tracking":false,"_exactmetrics_sitenote_active":false,"_exactmetrics_sitenote_note":"","_exactmetrics_sitenote_category":0,"jetpack_post_was_ever_published":false,"_jetpack_newsletter_access":"","_jetpack_dont_email_post_to_subs":false,"_jetpack_newsletter_tier_id":0,"_jetpack_memberships_contains_paywalled_content":false,"_jetpack_memberships_contains_paid_content":false,"footnotes":"","jetpack_publicize_message":"","jetpack_publicize_feature_enabled":true,"jetpack_social_post_already_shared":true,"jetpack_social_options":{"image_generator_settings":{"template":"highway","enabled":false},"version":2}},"categories":[1],"tags":[],"class_list":["post-763","post","type-post","status-publish","format-standard","hentry","category-notas"],"jetpack_publicize_connections":[],"jetpack_sharing_enabled":true,"jetpack_featured_media_url":"","jetpack_shortlink":"https:\/\/wp.me\/p7wKYW-cj","jetpack-related-posts":[],"_links":{"self":[{"href":"http:\/\/blogdalucianaoliveira.com.br\/blog\/wp-json\/wp\/v2\/posts\/763","targetHints":{"allow":["GET"]}}],"collection":[{"href":"http:\/\/blogdalucianaoliveira.com.br\/blog\/wp-json\/wp\/v2\/posts"}],"about":[{"href":"http:\/\/blogdalucianaoliveira.com.br\/blog\/wp-json\/wp\/v2\/types\/post"}],"author":[{"embeddable":true,"href":"http:\/\/blogdalucianaoliveira.com.br\/blog\/wp-json\/wp\/v2\/users\/1"}],"replies":[{"embeddable":true,"href":"http:\/\/blogdalucianaoliveira.com.br\/blog\/wp-json\/wp\/v2\/comments?post=763"}],"version-history":[{"count":2,"href":"http:\/\/blogdalucianaoliveira.com.br\/blog\/wp-json\/wp\/v2\/posts\/763\/revisions"}],"predecessor-version":[{"id":1182,"href":"http:\/\/blogdalucianaoliveira.com.br\/blog\/wp-json\/wp\/v2\/posts\/763\/revisions\/1182"}],"wp:attachment":[{"href":"http:\/\/blogdalucianaoliveira.com.br\/blog\/wp-json\/wp\/v2\/media?parent=763"}],"wp:term":[{"taxonomy":"category","embeddable":true,"href":"http:\/\/blogdalucianaoliveira.com.br\/blog\/wp-json\/wp\/v2\/categories?post=763"},{"taxonomy":"post_tag","embeddable":true,"href":"http:\/\/blogdalucianaoliveira.com.br\/blog\/wp-json\/wp\/v2\/tags?post=763"}],"curies":[{"name":"wp","href":"https:\/\/api.w.org\/{rel}","templated":true}]}}