{"id":7720,"date":"2017-01-17T10:47:13","date_gmt":"2017-01-17T14:47:13","guid":{"rendered":"http:\/\/blogdalucianaoliveira.com.br\/blog\/?p=7720"},"modified":"2017-01-17T10:47:13","modified_gmt":"2017-01-17T14:47:13","slug":"para-os-pobres-e-dura-lex-sed-lex-a-lei-e-dura-mas-e-a-lei-para-os-ricos-e-dura-lex-sed-latex-a-lei-e-dura-mas-estica","status":"publish","type":"post","link":"http:\/\/blogdalucianaoliveira.com.br\/blog\/2017\/01\/17\/para-os-pobres-e-dura-lex-sed-lex-a-lei-e-dura-mas-e-a-lei-para-os-ricos-e-dura-lex-sed-latex-a-lei-e-dura-mas-estica\/","title":{"rendered":"&#8220;Para os pobres, \u00e9 dura lex, sed lex. A lei \u00e9 dura, mas \u00e9 a lei. Para os ricos, \u00e9 dura lex, sed latex. A lei \u00e9 dura, mas estica\u201d"},"content":{"rendered":"<p><img data-recalc-dims=\"1\" loading=\"lazy\" decoding=\"async\" data-attachment-id=\"7721\" data-permalink=\"http:\/\/blogdalucianaoliveira.com.br\/blog\/2017\/01\/17\/para-os-pobres-e-dura-lex-sed-lex-a-lei-e-dura-mas-e-a-lei-para-os-ricos-e-dura-lex-sed-latex-a-lei-e-dura-mas-estica\/boulo\/\" data-orig-file=\"https:\/\/i0.wp.com\/blogdalucianaoliveira.com.br\/blog\/wp-content\/uploads\/2017\/01\/boulo.jpg?fit=1000%2C357\" data-orig-size=\"1000,357\" data-comments-opened=\"0\" data-image-meta=\"{&quot;aperture&quot;:&quot;0&quot;,&quot;credit&quot;:&quot;&quot;,&quot;camera&quot;:&quot;&quot;,&quot;caption&quot;:&quot;&quot;,&quot;created_timestamp&quot;:&quot;0&quot;,&quot;copyright&quot;:&quot;&quot;,&quot;focal_length&quot;:&quot;0&quot;,&quot;iso&quot;:&quot;0&quot;,&quot;shutter_speed&quot;:&quot;0&quot;,&quot;title&quot;:&quot;&quot;,&quot;orientation&quot;:&quot;0&quot;}\" data-image-title=\"boulo\" data-image-description=\"\" data-image-caption=\"\" data-medium-file=\"https:\/\/i0.wp.com\/blogdalucianaoliveira.com.br\/blog\/wp-content\/uploads\/2017\/01\/boulo.jpg?fit=300%2C107\" data-large-file=\"https:\/\/i0.wp.com\/blogdalucianaoliveira.com.br\/blog\/wp-content\/uploads\/2017\/01\/boulo.jpg?fit=600%2C214\" src=\"https:\/\/i0.wp.com\/blogdalucianaoliveira.com.br\/blog\/wp-content\/uploads\/2017\/01\/boulo.jpg?resize=600%2C214\" alt=\"boulo\" width=\"600\" height=\"214\" class=\"alignnone size-full wp-image-7721\" srcset=\"https:\/\/i0.wp.com\/blogdalucianaoliveira.com.br\/blog\/wp-content\/uploads\/2017\/01\/boulo.jpg?w=1000 1000w, https:\/\/i0.wp.com\/blogdalucianaoliveira.com.br\/blog\/wp-content\/uploads\/2017\/01\/boulo.jpg?resize=300%2C107 300w, https:\/\/i0.wp.com\/blogdalucianaoliveira.com.br\/blog\/wp-content\/uploads\/2017\/01\/boulo.jpg?resize=768%2C274 768w, https:\/\/i0.wp.com\/blogdalucianaoliveira.com.br\/blog\/wp-content\/uploads\/2017\/01\/boulo.jpg?resize=800%2C286 800w\" sizes=\"auto, (max-width: 600px) 100vw, 600px\" \/><\/p>\n<p>PM USA VIOL\u00caNCIA E PRENDE BOULOS EM REINTEGRA\u00c7\u00c3O DE POSSE EM S\u00c3O PAULO<\/p>\n<p>Da Rede Brasil Atual &#8211; Com bombas, balas de borracha, g\u00e1s lacrimog\u00eanio e muita viol\u00eancia, a tropa de choque da Pol\u00edcia Militar executou na manh\u00e3 de hoje (17) a\u00e7\u00e3o de reintegra\u00e7\u00e3o de posse da Ocupa\u00e7\u00e3o Colonial, na regi\u00e3o de S\u00e3o Mateus, zona leste de S\u00e3o Paulo. <!--more--><\/p>\n<p>No local, cerca de 700 fam\u00edlias ocupavam uma \u00e1rea composta por dois terrenos particulares e um terreno da prefeitura e que agora n\u00e3o tem para onde ir.<\/p>\n<p>Dezenas de policiais do batalh\u00e3o de choque, al\u00e9m de caminh\u00f5es blindados, estavam concentrados desde o in\u00edcio da manh\u00e3. A Justi\u00e7a de S\u00e3o Paulo decidiu pela reintegra\u00e7\u00e3o h\u00e1 cinco dias. Os moradores da ocupa\u00e7\u00e3o tentaram negociar o adiamento da desocupa\u00e7\u00e3o para que, ao menos, as fam\u00edlias fossem devidamente cadastradas em programas de habita\u00e7\u00e3o da prefeitura.<\/p>\n<p>O Minist\u00e9rio P\u00fablico de S\u00e3o Paulo (MP-SP) tamb\u00e9m chegou a entrar com a\u00e7\u00e3o pedindo a suspens\u00e3o da reintegra\u00e7\u00e3o. Ainda assim, a reintegra\u00e7\u00e3o foi executada, antes mesmo que a Justi\u00e7a pudesse julgar o pedido do MP.<\/p>\n<p>Lideran\u00e7as do Movimento dos Trabalhadores Sem-Teto (MTST) pediam que os policiais aguardassem algumas horas at\u00e9 o hor\u00e1rio de abertura do F\u00f3rum, quando o recurso poderia ser julgado. &#8220;Se o juiz acata esse pedido de adiamento, olha a situa\u00e7\u00e3o que vai se criar&#8221;, apelava Guilherme Boulos, l\u00edder do movimento.<\/p>\n<p>&#8220;Um terreno abandonado h\u00e1 mais de quarenta anos. Ningu\u00e9m nunca fez nada. Agora que a gente fez alguma coisa para sair do aluguel, eles v\u00eam tomar&#8221;, reclamou outro morador.<\/p>\n<p>Os moradores chegaram a esbo\u00e7ar resist\u00eancia, com uma barricada na rua de acesso \u00e0 ocupa\u00e7\u00e3o. H\u00e1 relatos de moradores feridos, rep\u00f3rteres que sofreram asfixia devido ao uso de g\u00e1s lacrimog\u00eanio pelos policiais, e at\u00e9 animais de estima\u00e7\u00e3o machucados pela a\u00e7\u00e3o policial. A rep\u00f3rter da R\u00e1dio Brasil Atual, Anelize Moreira, tamb\u00e9m passou mal, por efeitos das bombas de g\u00e1s.<\/p>\n<p>\u00c9 a primeira reintegra\u00e7\u00e3o de posse executada na gest\u00e3o do prefeito Jo\u00e3o D\u00f3ria (PSDB), que afirmou diversas vezes que n\u00e3o iria tolerar ocupa\u00e7\u00f5es.<\/p>\n<p>At\u00e9 \u00e0s 9h30, os moradores ainda acompanhavam a desocupa\u00e7\u00e3o e tentavam retirar seus pertences. Eles dever\u00e3o rumar para um novo acampamento, ainda sem local definido. &#8220;N\u00e3o tenho lugar. N\u00e3o sei o que vou fazer. Vou por as minhas coisas na garagem de uma amiga, e n\u00e3o tenho para onde ir. Sou sozinha, tenho 70 anos. N\u00e3o sei o que fazer da minha vida&#8221;, relatou uma moradora da ocupa\u00e7\u00e3o. Os moradores da Ocupa\u00e7\u00e3o Colonial encontravam-se dispersos pela regi\u00e3o, abrigados da chuva por vizinhos. As crian\u00e7as foram abrigadas em uma igreja tamb\u00e9m nas proximidades.<\/p>\n<p>Em sua p\u00e1gina no Facebook, o MTST comunicou que Guilherme Boulos, havia sido preso pela PM de S\u00e3o Paulo. Em nota, o movimento classifica a pris\u00e3o como &#8220;absurda&#8221; e ressalta que Boulos esteve o tempo todo procurando uma media\u00e7\u00e3o para o conflito. Boulous foi preso por desobedi\u00eancia, e conduzido ao 49\u00ba DP, onde presta depoimento. <\/p>\n<p>Leia a nota na \u00edntegra: <\/p>\n<p>&#8220;Pris\u00e3o absurda de Guilherme Boulos<\/p>\n<p>O companheiro Guilherme Boulos, membro da coordena\u00e7\u00e3o nacional do MTST, que estava acompanhando a reintegra\u00e7\u00e3o de posse da ocupa\u00e7\u00e3o Colonial, visando garantir uma desfecho favor\u00e1vel para as mais de 3000 pessoas da ocupa\u00e7\u00e3o, acaba de ser preso pela PM de S\u00e3o Paulo sob a acusa\u00e7\u00e3o de desobedi\u00eancia civil.<\/p>\n<p>Um verdadeiro absurdo, uma vez que Guilherme Boulos esteve o tempo todo procurando uma media\u00e7\u00e3o para o conflito.<br \/>\nNeste momento, o companheiro Guilherme est\u00e1 detido no 49\u00aa DP de S\u00e3o Mateus.<\/p>\n<p>N\u00e3o aceitaremos calados que al\u00e9m de massacrem o povo da ocupa\u00e7\u00e3o Colonial, jogando-os nas ruas, ainda querem prender quem tentou o tempo todo e de forma pac\u00edfica ajuda-los.<\/p>\n<p>Movimento dos Trabalhadores Sem Teto&#8221;<\/p>\n","protected":false},"excerpt":{"rendered":"<p>PM USA VIOL\u00caNCIA E PRENDE BOULOS EM REINTEGRA\u00c7\u00c3O DE POSSE EM S\u00c3O PAULO Da Rede Brasil Atual &#8211; Com bombas, balas de borracha, g\u00e1s lacrimog\u00eanio e muita viol\u00eancia, a tropa de choque da Pol\u00edcia Militar executou na manh\u00e3 de hoje (17) a\u00e7\u00e3o de reintegra\u00e7\u00e3o de posse da Ocupa\u00e7\u00e3o Colonial, na regi\u00e3o de S\u00e3o Mateus, zona&#8230;<a class=\"more-link\" href=\"http:\/\/blogdalucianaoliveira.com.br\/blog\/2017\/01\/17\/para-os-pobres-e-dura-lex-sed-lex-a-lei-e-dura-mas-e-a-lei-para-os-ricos-e-dura-lex-sed-latex-a-lei-e-dura-mas-estica\/\">Continue a leitura <span class=\"meta-nav\">&raquo;<\/span><\/a><\/p>\n","protected":false},"author":1,"featured_media":0,"comment_status":"closed","ping_status":"open","sticky":false,"template":"","format":"standard","meta":{"_exactmetrics_skip_tracking":false,"_exactmetrics_sitenote_active":false,"_exactmetrics_sitenote_note":"","_exactmetrics_sitenote_category":0,"jetpack_post_was_ever_published":false,"_jetpack_newsletter_access":"","_jetpack_dont_email_post_to_subs":false,"_jetpack_newsletter_tier_id":0,"_jetpack_memberships_contains_paywalled_content":false,"_jetpack_memberships_contains_paid_content":false,"footnotes":"","jetpack_publicize_message":"","jetpack_publicize_feature_enabled":true,"jetpack_social_post_already_shared":true,"jetpack_social_options":{"image_generator_settings":{"template":"highway","enabled":false},"version":2}},"categories":[1],"tags":[274,275,42],"class_list":["post-7720","post","type-post","status-publish","format-standard","hentry","category-notas","tag-boulos","tag-ocupacao","tag-prisao"],"jetpack_publicize_connections":[],"jetpack_sharing_enabled":true,"jetpack_featured_media_url":"","jetpack_shortlink":"https:\/\/wp.me\/p7wKYW-20w","jetpack-related-posts":[],"_links":{"self":[{"href":"http:\/\/blogdalucianaoliveira.com.br\/blog\/wp-json\/wp\/v2\/posts\/7720","targetHints":{"allow":["GET"]}}],"collection":[{"href":"http:\/\/blogdalucianaoliveira.com.br\/blog\/wp-json\/wp\/v2\/posts"}],"about":[{"href":"http:\/\/blogdalucianaoliveira.com.br\/blog\/wp-json\/wp\/v2\/types\/post"}],"author":[{"embeddable":true,"href":"http:\/\/blogdalucianaoliveira.com.br\/blog\/wp-json\/wp\/v2\/users\/1"}],"replies":[{"embeddable":true,"href":"http:\/\/blogdalucianaoliveira.com.br\/blog\/wp-json\/wp\/v2\/comments?post=7720"}],"version-history":[{"count":1,"href":"http:\/\/blogdalucianaoliveira.com.br\/blog\/wp-json\/wp\/v2\/posts\/7720\/revisions"}],"predecessor-version":[{"id":7722,"href":"http:\/\/blogdalucianaoliveira.com.br\/blog\/wp-json\/wp\/v2\/posts\/7720\/revisions\/7722"}],"wp:attachment":[{"href":"http:\/\/blogdalucianaoliveira.com.br\/blog\/wp-json\/wp\/v2\/media?parent=7720"}],"wp:term":[{"taxonomy":"category","embeddable":true,"href":"http:\/\/blogdalucianaoliveira.com.br\/blog\/wp-json\/wp\/v2\/categories?post=7720"},{"taxonomy":"post_tag","embeddable":true,"href":"http:\/\/blogdalucianaoliveira.com.br\/blog\/wp-json\/wp\/v2\/tags?post=7720"}],"curies":[{"name":"wp","href":"https:\/\/api.w.org\/{rel}","templated":true}]}}