{"id":7723,"date":"2017-01-17T11:37:36","date_gmt":"2017-01-17T15:37:36","guid":{"rendered":"http:\/\/blogdalucianaoliveira.com.br\/blog\/?p=7723"},"modified":"2017-01-17T20:48:39","modified_gmt":"2017-01-18T00:48:39","slug":"por-que-boulos-foi-preso-tentando-impedir-um-conflito","status":"publish","type":"post","link":"http:\/\/blogdalucianaoliveira.com.br\/blog\/2017\/01\/17\/por-que-boulos-foi-preso-tentando-impedir-um-conflito\/","title":{"rendered":"Boulos foi preso, porque voltou o abuso e a repress\u00e3o"},"content":{"rendered":"<p><img data-recalc-dims=\"1\" loading=\"lazy\" decoding=\"async\" data-attachment-id=\"7724\" data-permalink=\"http:\/\/blogdalucianaoliveira.com.br\/blog\/2017\/01\/17\/por-que-boulos-foi-preso-tentando-impedir-um-conflito\/boulo-2\/\" data-orig-file=\"https:\/\/i0.wp.com\/blogdalucianaoliveira.com.br\/blog\/wp-content\/uploads\/2017\/01\/boulo-1.jpg?fit=960%2C641\" data-orig-size=\"960,641\" data-comments-opened=\"0\" data-image-meta=\"{&quot;aperture&quot;:&quot;0&quot;,&quot;credit&quot;:&quot;&quot;,&quot;camera&quot;:&quot;&quot;,&quot;caption&quot;:&quot;&quot;,&quot;created_timestamp&quot;:&quot;0&quot;,&quot;copyright&quot;:&quot;&quot;,&quot;focal_length&quot;:&quot;0&quot;,&quot;iso&quot;:&quot;0&quot;,&quot;shutter_speed&quot;:&quot;0&quot;,&quot;title&quot;:&quot;&quot;,&quot;orientation&quot;:&quot;0&quot;}\" data-image-title=\"boulo\" data-image-description=\"\" data-image-caption=\"\" data-medium-file=\"https:\/\/i0.wp.com\/blogdalucianaoliveira.com.br\/blog\/wp-content\/uploads\/2017\/01\/boulo-1.jpg?fit=300%2C200\" data-large-file=\"https:\/\/i0.wp.com\/blogdalucianaoliveira.com.br\/blog\/wp-content\/uploads\/2017\/01\/boulo-1.jpg?fit=600%2C401\" src=\"https:\/\/i0.wp.com\/blogdalucianaoliveira.com.br\/blog\/wp-content\/uploads\/2017\/01\/boulo-1.jpg?resize=600%2C401\" alt=\"boulo\" width=\"600\" height=\"401\" class=\"alignnone size-full wp-image-7724\" srcset=\"https:\/\/i0.wp.com\/blogdalucianaoliveira.com.br\/blog\/wp-content\/uploads\/2017\/01\/boulo-1.jpg?w=960 960w, https:\/\/i0.wp.com\/blogdalucianaoliveira.com.br\/blog\/wp-content\/uploads\/2017\/01\/boulo-1.jpg?resize=300%2C200 300w, https:\/\/i0.wp.com\/blogdalucianaoliveira.com.br\/blog\/wp-content\/uploads\/2017\/01\/boulo-1.jpg?resize=768%2C513 768w, https:\/\/i0.wp.com\/blogdalucianaoliveira.com.br\/blog\/wp-content\/uploads\/2017\/01\/boulo-1.jpg?resize=449%2C300 449w\" sizes=\"auto, (max-width: 600px) 100vw, 600px\" \/><\/p>\n<p>Esses dias meu companheiro, advogado militante em causas sociais no estado de Rond\u00f4nia, falou alto enquanto almo\u00e7\u00e1vamos num restaurante a palavra &#8220;democr\u00e1tico&#8221;.<\/p>\n<p>O interrompi alertando para o perigo que corremos com olhares desconfiados e at\u00e9 amea\u00e7adores quando deixamos essa palavra escapar em p\u00fablico.<!--more--><\/p>\n<p>Disse que ele podia usar os palavr\u00f5es mais pesados, cal\u00fanias e xingamentos preconceituosos, mas n\u00e3o falar &#8220;democr\u00e1tico&#8221; num espa\u00e7o onde transitam fascistas, hip\u00f3critas, c\u00ednicos e corruptos descarados.<\/p>\n<p>Que loucura \u00e9 essa de citar garantias constitucionais num ambiente p\u00fablico?<\/p>\n<p>Que pa\u00eds acha que estamos vivendo?<\/p>\n<p>H\u00e1 9 meses os piores parasitas da pol\u00edtica brasileira enterraram a democracia, a Constitui\u00e7\u00e3o Federal n\u00e3o serviu como probi\u00f3tico e hoje n\u00e3o serve como papel higi\u00eanico. <\/p>\n<p>Nesta ter\u00e7a-feira, 17, Guilherme Boulos, coordenador do Movimento dos Trabalhadores Sem Teto, MTST, foi preso ao tentar IMPEDIR um conflito violento durante desocupa\u00e7\u00e3o de um terreno abandonado h\u00e1 40 anos.<\/p>\n<p>Por que ele foi preso?<\/p>\n<p>Como exatamente tentou obstruir o cumprimento da reintegra\u00e7\u00e3o de posse?<\/p>\n<p>\u201cAlegaram incita\u00e7\u00e3o \u00e0 viol\u00eancia e descumprimento de ordem judicial, que \u00e9 descabido. Fui negociar com o oficial de Justi\u00e7a. Ele estava presente para oficiar que o Minist\u00e9rio P\u00fablico havia pedido a suspens\u00e3o da reintegra\u00e7\u00e3o ontem (segunda-feira, 16) e o juiz ainda n\u00e3o tinha julgado. E (fui falar) que seria razo\u00e1vel eles esperarem o resultado antes de reintegrar as pessoas. Foi o que eu disse pra eles. Se isso \u00e9 incita\u00e7\u00e3o \u00e0 viol\u00eancia, ent\u00e3o eu incuti a viol\u00eancia\u201d, disse Boulos.<\/p>\n<p>Ah, mas os papagaios virtuais, que t\u00eam o sangue velho dos ditadores correndo nas veias, v\u00e3o encontrar milhares de argumentos &#8216;morais&#8217;, mas n\u00e3o jur\u00eddicos pra justificar a pris\u00e3o arbitr\u00e1ria. E v\u00e3o, porque \u00e9 mais f\u00e1cil confiar cegamente no que a m\u00eddia tradicional divulga.<\/p>\n<p>Em novos tempos de abuso e repress\u00e3o, s\u00f3 o fato de ser lideran\u00e7a de movimento social justifica o tratamento violento diferenciado.<\/p>\n<p>Quando o senador Fernando Collor (PTB-AL) teve tr\u00eas carros de luxo apreendidos, usou foi a tribuna pra xingar o procurador-geral da rep\u00fablica, Rodrigo Janot, a quem chamou de &#8220;filho da puta&#8221; e &#8220;calhorda&#8221;. Lembram?<\/p>\n<p>&#8220;Para os pobres, \u00e9 dura lex, sed lex. A lei \u00e9 dura, mas \u00e9 a lei.<br \/>\nPara os ricos, \u00e9 dura lex, sed latex. A lei \u00e9 dura, mas estica\u201d<\/p>\n","protected":false},"excerpt":{"rendered":"<p>Esses dias meu companheiro, advogado militante em causas sociais no estado de Rond\u00f4nia, falou alto enquanto almo\u00e7\u00e1vamos num restaurante a palavra &#8220;democr\u00e1tico&#8221;. O interrompi alertando para o perigo que corremos com olhares desconfiados e at\u00e9 amea\u00e7adores quando deixamos essa palavra escapar em p\u00fablico.<\/p>\n","protected":false},"author":1,"featured_media":0,"comment_status":"closed","ping_status":"open","sticky":false,"template":"","format":"standard","meta":{"_exactmetrics_skip_tracking":false,"_exactmetrics_sitenote_active":false,"_exactmetrics_sitenote_note":"","_exactmetrics_sitenote_category":0,"jetpack_post_was_ever_published":false,"_jetpack_newsletter_access":"","_jetpack_dont_email_post_to_subs":false,"_jetpack_newsletter_tier_id":0,"_jetpack_memberships_contains_paywalled_content":false,"_jetpack_memberships_contains_paid_content":false,"footnotes":"","jetpack_publicize_message":"","jetpack_publicize_feature_enabled":true,"jetpack_social_post_already_shared":true,"jetpack_social_options":{"image_generator_settings":{"template":"highway","enabled":false},"version":2}},"categories":[1],"tags":[],"class_list":["post-7723","post","type-post","status-publish","format-standard","hentry","category-notas"],"jetpack_publicize_connections":[],"jetpack_sharing_enabled":true,"jetpack_featured_media_url":"","jetpack_shortlink":"https:\/\/wp.me\/p7wKYW-20z","jetpack-related-posts":[],"_links":{"self":[{"href":"http:\/\/blogdalucianaoliveira.com.br\/blog\/wp-json\/wp\/v2\/posts\/7723","targetHints":{"allow":["GET"]}}],"collection":[{"href":"http:\/\/blogdalucianaoliveira.com.br\/blog\/wp-json\/wp\/v2\/posts"}],"about":[{"href":"http:\/\/blogdalucianaoliveira.com.br\/blog\/wp-json\/wp\/v2\/types\/post"}],"author":[{"embeddable":true,"href":"http:\/\/blogdalucianaoliveira.com.br\/blog\/wp-json\/wp\/v2\/users\/1"}],"replies":[{"embeddable":true,"href":"http:\/\/blogdalucianaoliveira.com.br\/blog\/wp-json\/wp\/v2\/comments?post=7723"}],"version-history":[{"count":14,"href":"http:\/\/blogdalucianaoliveira.com.br\/blog\/wp-json\/wp\/v2\/posts\/7723\/revisions"}],"predecessor-version":[{"id":7747,"href":"http:\/\/blogdalucianaoliveira.com.br\/blog\/wp-json\/wp\/v2\/posts\/7723\/revisions\/7747"}],"wp:attachment":[{"href":"http:\/\/blogdalucianaoliveira.com.br\/blog\/wp-json\/wp\/v2\/media?parent=7723"}],"wp:term":[{"taxonomy":"category","embeddable":true,"href":"http:\/\/blogdalucianaoliveira.com.br\/blog\/wp-json\/wp\/v2\/categories?post=7723"},{"taxonomy":"post_tag","embeddable":true,"href":"http:\/\/blogdalucianaoliveira.com.br\/blog\/wp-json\/wp\/v2\/tags?post=7723"}],"curies":[{"name":"wp","href":"https:\/\/api.w.org\/{rel}","templated":true}]}}