{"id":7754,"date":"2017-01-18T09:52:15","date_gmt":"2017-01-18T13:52:15","guid":{"rendered":"http:\/\/blogdalucianaoliveira.com.br\/blog\/?p=7754"},"modified":"2017-01-18T09:52:15","modified_gmt":"2017-01-18T13:52:15","slug":"a-imagem-de-um-pais-dominado-por-mafias","status":"publish","type":"post","link":"http:\/\/blogdalucianaoliveira.com.br\/blog\/2017\/01\/18\/a-imagem-de-um-pais-dominado-por-mafias\/","title":{"rendered":"A imagem de um pa\u00eds dominado por m\u00e1fias"},"content":{"rendered":"<p><img data-recalc-dims=\"1\" loading=\"lazy\" decoding=\"async\" data-attachment-id=\"7755\" data-permalink=\"http:\/\/blogdalucianaoliveira.com.br\/blog\/2017\/01\/18\/a-imagem-de-um-pais-dominado-por-mafias\/pcc\/\" data-orig-file=\"https:\/\/i0.wp.com\/blogdalucianaoliveira.com.br\/blog\/wp-content\/uploads\/2017\/01\/pcc.jpg?fit=490%2C280\" data-orig-size=\"490,280\" data-comments-opened=\"0\" data-image-meta=\"{&quot;aperture&quot;:&quot;0&quot;,&quot;credit&quot;:&quot;&quot;,&quot;camera&quot;:&quot;&quot;,&quot;caption&quot;:&quot;&quot;,&quot;created_timestamp&quot;:&quot;0&quot;,&quot;copyright&quot;:&quot;&quot;,&quot;focal_length&quot;:&quot;0&quot;,&quot;iso&quot;:&quot;0&quot;,&quot;shutter_speed&quot;:&quot;0&quot;,&quot;title&quot;:&quot;&quot;,&quot;orientation&quot;:&quot;0&quot;}\" data-image-title=\"pcc\" data-image-description=\"\" data-image-caption=\"\" data-medium-file=\"https:\/\/i0.wp.com\/blogdalucianaoliveira.com.br\/blog\/wp-content\/uploads\/2017\/01\/pcc.jpg?fit=300%2C171\" data-large-file=\"https:\/\/i0.wp.com\/blogdalucianaoliveira.com.br\/blog\/wp-content\/uploads\/2017\/01\/pcc.jpg?fit=490%2C280\" src=\"https:\/\/i0.wp.com\/blogdalucianaoliveira.com.br\/blog\/wp-content\/uploads\/2017\/01\/pcc.jpg?resize=490%2C280\" alt=\"pcc\" width=\"490\" height=\"280\" class=\"alignnone size-full wp-image-7755\" srcset=\"https:\/\/i0.wp.com\/blogdalucianaoliveira.com.br\/blog\/wp-content\/uploads\/2017\/01\/pcc.jpg?w=490 490w, https:\/\/i0.wp.com\/blogdalucianaoliveira.com.br\/blog\/wp-content\/uploads\/2017\/01\/pcc.jpg?resize=300%2C171 300w\" sizes=\"auto, (max-width: 490px) 100vw, 490px\" \/><\/p>\n<p>&#8220;Essa conflu\u00eancia de eventos transmite ao mundo a p\u00e9ssima id\u00e9ia de que o Brasil est\u00e1 dominado por m\u00e1fias, foi entregue \u00e0 bandidagem \u2013 na pol\u00edtica, na economia e nos pres\u00eddios.&#8221;<!--more--><\/p>\n<p>No 247<br \/>\nPor Jeferson Miola<\/p>\n<p>A imprensa internacional, \u00e0 diferen\u00e7a da brasileira, assinalou com realismo os passos da conspira\u00e7\u00e3o da oligarquia brasileira que redundou no golpe de Estado jur\u00eddico-midi\u00e1tico-parlamentar perpetrado atrav\u00e9s do impeachment fraudulento da Presidente Dilma.<\/p>\n<p>Um analista portugu\u00eas especializado em Brasil resumiu com not\u00e1vel precis\u00e3o o contexto da aprova\u00e7\u00e3o do impeachment inconstitucional pelos deputados em 17 de abril de 2016: \u201cuma assembl\u00e9ia geral de bandidos comandada por um bandido chamado Eduardo Cunha\u201d!<\/p>\n<p>A carnificina nos pres\u00eddios do pa\u00eds \u2013 142 presos mortos em 15 dias \u2013 colocou o Brasil em evid\u00eancia no mapa da estupidez humana. A m\u00eddia internacional repercute enormemente esses eventos medievais, e alude que a guerra de m\u00e1fias nas pris\u00f5es acontece em meio \u00e0 depress\u00e3o econ\u00f4mica, e em meio \u00e0 profunda degrada\u00e7\u00e3o \u00e9tica, moral e tremenda impopularidade do Temer. Avalia-se que essa conjun\u00e7\u00e3o explosiva \u00e9 fator potencial de instabilidade pol\u00edtica e social.<\/p>\n<p>A barb\u00e1rie nos pres\u00eddios desnuda a fal\u00eancia absoluta do sistema de execu\u00e7\u00e3o penal, assim como do arcaico c\u00f3digo de processo penal, que castiga com priva\u00e7\u00e3o de liberdade inclusive crimes fam\u00e9licos e consumo de drogas.<\/p>\n<p>Esta barb\u00e1rie evidencia, ainda, o retumbante fracasso de um Poder Judici\u00e1rio remunerado a peso de ouro, muito acima do teto constitucional, e que goza mais de 60 dias de f\u00e9rias por ano, enquanto metade da popula\u00e7\u00e3o carcer\u00e1ria brasileira, em pris\u00e3o provis\u00f3ria, apodrece em masmorras medievais sem julgamento e, menos ainda, condena\u00e7\u00e3o judicial.<\/p>\n<p>O epis\u00f3dio \u00e9 um alerta da vulnerabilidade da sociedade \u00e0s m\u00e1fias criminosas que comandam e organizam o crime organizado tanto de dentro, como de fora dos pres\u00eddios, dispondo de recursos b\u00e9licos e de comunica\u00e7\u00e3o mais sofisticados que as Pol\u00edcias.<\/p>\n<p>O governo federal tem responsabilidade por este desfecho. Ignorou os pedidos de socorro dos governadores no ano passado e agora, no momento cr\u00edtico dos acontecimentos, faz propostas equivocadas, aumentando o risco de esparrame do caos para todo sistema penitenci\u00e1rio.<\/p>\n<p>A matan\u00e7a nos pres\u00eddios acontece no momento em que o governo \u00e9 avariado por mais um grave esc\u00e2ndalo de corrup\u00e7\u00e3o: a revela\u00e7\u00e3o da m\u00e1fia criminosa de Eduardo Cunha e Geddel Vieira Lima, outro comandante do quartel-general do Temer na conspira\u00e7\u00e3o.<\/p>\n<p>Desde o in\u00edcio do governo golpista em 12 de maio de 2016, quase uma dezena de autoridades foi demitida por desvios \u00e9ticos ou corrup\u00e7\u00e3o \u2013 um recorde de praticamente duas demiss\u00f5es a cada m\u00eas. A outra parcela do governo que ainda n\u00e3o foi defenestrada, a come\u00e7ar pelo pr\u00f3prio Temer e demais s\u00f3cios \u2013 o \u201cprimo\u201d Eliseu Padilha e o \u201cangor\u00e1\u201d Moreira Franco \u2013 \u00e9 denunciada na Lava Jato e em outros crimes, e poder\u00e1 ser processada.<\/p>\n<p>Essa conflu\u00eancia de eventos transmite ao mundo a p\u00e9ssima id\u00e9ia de que o Brasil est\u00e1 dominado por m\u00e1fias, foi entregue \u00e0 bandidagem \u2013 na pol\u00edtica, na economia e nos pres\u00eddios.<\/p>\n<p>J\u00e1 n\u00e3o adianta a promessa de redu\u00e7\u00e3o de juros, de retomada do cr\u00e9dito e dos est\u00edmulos econ\u00f4micos; tampouco ajuda a proje\u00e7\u00e3o de crescimento de 3,4% do PIB mundial no ano e a ora\u00e7\u00e3o fervorosa, porque a economia destru\u00edda pelo PMDB, PSDB e aliados n\u00e3o sair\u00e1 da depress\u00e3o profunda enquanto o governo ileg\u00edtimo estiver ocupando o Pal\u00e1cio do Planalto.<\/p>\n<p>Somente um governo legitimado pelo sufr\u00e1gio popular ter\u00e1 confian\u00e7a e condi\u00e7\u00f5es de retirar o pa\u00eds desta cat\u00e1strofe econ\u00f4mica, social e humanit\u00e1ria. O Brasil precisa urgentemente de elei\u00e7\u00f5es diretas.<\/p>\n<p>Os golpistas n\u00e3o est\u00e3o destruindo somente a economia, os direitos sociais, a Petrobr\u00e1s, a engenharia nacional, os empregos e a soberania do Brasil, mas est\u00e3o legando ao mundo a imagem de um pa\u00eds dominado por m\u00e1fias. \u00c9 preciso virar urgentemente esta p\u00e1gina tenebrosa da hist\u00f3ria do Brasil; \u00e9 urgente elei\u00e7\u00e3o direta j\u00e1!<\/p>\n","protected":false},"excerpt":{"rendered":"<p>&#8220;Essa conflu\u00eancia de eventos transmite ao mundo a p\u00e9ssima id\u00e9ia de que o Brasil est\u00e1 dominado por m\u00e1fias, foi entregue \u00e0 bandidagem \u2013 na pol\u00edtica, na economia e nos pres\u00eddios.&#8221;<\/p>\n","protected":false},"author":1,"featured_media":0,"comment_status":"closed","ping_status":"open","sticky":false,"template":"","format":"standard","meta":{"_exactmetrics_skip_tracking":false,"_exactmetrics_sitenote_active":false,"_exactmetrics_sitenote_note":"","_exactmetrics_sitenote_category":0,"jetpack_post_was_ever_published":false,"_jetpack_newsletter_access":"","_jetpack_dont_email_post_to_subs":false,"_jetpack_newsletter_tier_id":0,"_jetpack_memberships_contains_paywalled_content":false,"_jetpack_memberships_contains_paid_content":false,"footnotes":"","jetpack_publicize_message":"","jetpack_publicize_feature_enabled":true,"jetpack_social_post_already_shared":true,"jetpack_social_options":{"image_generator_settings":{"template":"highway","enabled":false},"version":2}},"categories":[1],"tags":[],"class_list":["post-7754","post","type-post","status-publish","format-standard","hentry","category-notas"],"jetpack_publicize_connections":[],"jetpack_sharing_enabled":true,"jetpack_featured_media_url":"","jetpack_shortlink":"https:\/\/wp.me\/p7wKYW-214","jetpack-related-posts":[],"_links":{"self":[{"href":"http:\/\/blogdalucianaoliveira.com.br\/blog\/wp-json\/wp\/v2\/posts\/7754","targetHints":{"allow":["GET"]}}],"collection":[{"href":"http:\/\/blogdalucianaoliveira.com.br\/blog\/wp-json\/wp\/v2\/posts"}],"about":[{"href":"http:\/\/blogdalucianaoliveira.com.br\/blog\/wp-json\/wp\/v2\/types\/post"}],"author":[{"embeddable":true,"href":"http:\/\/blogdalucianaoliveira.com.br\/blog\/wp-json\/wp\/v2\/users\/1"}],"replies":[{"embeddable":true,"href":"http:\/\/blogdalucianaoliveira.com.br\/blog\/wp-json\/wp\/v2\/comments?post=7754"}],"version-history":[{"count":1,"href":"http:\/\/blogdalucianaoliveira.com.br\/blog\/wp-json\/wp\/v2\/posts\/7754\/revisions"}],"predecessor-version":[{"id":7756,"href":"http:\/\/blogdalucianaoliveira.com.br\/blog\/wp-json\/wp\/v2\/posts\/7754\/revisions\/7756"}],"wp:attachment":[{"href":"http:\/\/blogdalucianaoliveira.com.br\/blog\/wp-json\/wp\/v2\/media?parent=7754"}],"wp:term":[{"taxonomy":"category","embeddable":true,"href":"http:\/\/blogdalucianaoliveira.com.br\/blog\/wp-json\/wp\/v2\/categories?post=7754"},{"taxonomy":"post_tag","embeddable":true,"href":"http:\/\/blogdalucianaoliveira.com.br\/blog\/wp-json\/wp\/v2\/tags?post=7754"}],"curies":[{"name":"wp","href":"https:\/\/api.w.org\/{rel}","templated":true}]}}