{"id":7757,"date":"2017-01-18T10:01:54","date_gmt":"2017-01-18T14:01:54","guid":{"rendered":"http:\/\/blogdalucianaoliveira.com.br\/blog\/?p=7757"},"modified":"2017-01-18T10:01:54","modified_gmt":"2017-01-18T14:01:54","slug":"e-ainda-querem-mandar-menores-a-presidios","status":"publish","type":"post","link":"http:\/\/blogdalucianaoliveira.com.br\/blog\/2017\/01\/18\/e-ainda-querem-mandar-menores-a-presidios\/","title":{"rendered":"E ainda querem mandar menores a pres\u00eddios"},"content":{"rendered":"<p><img data-recalc-dims=\"1\" loading=\"lazy\" decoding=\"async\" data-attachment-id=\"7758\" data-permalink=\"http:\/\/blogdalucianaoliveira.com.br\/blog\/2017\/01\/18\/e-ainda-querem-mandar-menores-a-presidios\/alca\/\" data-orig-file=\"https:\/\/i0.wp.com\/blogdalucianaoliveira.com.br\/blog\/wp-content\/uploads\/2017\/01\/alca.jpg?fit=620%2C465\" data-orig-size=\"620,465\" data-comments-opened=\"0\" data-image-meta=\"{&quot;aperture&quot;:&quot;0&quot;,&quot;credit&quot;:&quot;&quot;,&quot;camera&quot;:&quot;&quot;,&quot;caption&quot;:&quot;&quot;,&quot;created_timestamp&quot;:&quot;0&quot;,&quot;copyright&quot;:&quot;&quot;,&quot;focal_length&quot;:&quot;0&quot;,&quot;iso&quot;:&quot;0&quot;,&quot;shutter_speed&quot;:&quot;0&quot;,&quot;title&quot;:&quot;&quot;,&quot;orientation&quot;:&quot;0&quot;}\" data-image-title=\"alca\" data-image-description=\"\" data-image-caption=\"\" data-medium-file=\"https:\/\/i0.wp.com\/blogdalucianaoliveira.com.br\/blog\/wp-content\/uploads\/2017\/01\/alca.jpg?fit=300%2C225\" data-large-file=\"https:\/\/i0.wp.com\/blogdalucianaoliveira.com.br\/blog\/wp-content\/uploads\/2017\/01\/alca.jpg?fit=600%2C450\" src=\"https:\/\/i0.wp.com\/blogdalucianaoliveira.com.br\/blog\/wp-content\/uploads\/2017\/01\/alca.jpg?resize=600%2C450\" alt=\"alca\" width=\"600\" height=\"450\" class=\"alignnone size-full wp-image-7758\" srcset=\"https:\/\/i0.wp.com\/blogdalucianaoliveira.com.br\/blog\/wp-content\/uploads\/2017\/01\/alca.jpg?w=620 620w, https:\/\/i0.wp.com\/blogdalucianaoliveira.com.br\/blog\/wp-content\/uploads\/2017\/01\/alca.jpg?resize=300%2C225 300w, https:\/\/i0.wp.com\/blogdalucianaoliveira.com.br\/blog\/wp-content\/uploads\/2017\/01\/alca.jpg?resize=400%2C300 400w\" sizes=\"auto, (max-width: 600px) 100vw, 600px\" \/><\/p>\n<p>Caos prisional: interrompendo o ciclo do erro<!--more--><\/p>\n<p>N\u00e3o adianta construir novos pres\u00eddios sem adotar um plano estrat\u00e9gico de curto, m\u00e9dio e longo prazos para o sistema penal<\/p>\n<p>No El Pa\u00eds<\/p>\n<p>Com o fim do seu segundo mandato na presid\u00eancia dos Estados Unidos, Barack Obama protagoniza um feito hist\u00f3rico: entrega as cadeias americanas com menos presos do que quando assumiu. No mesmo per\u00edodo viu a taxa de crimes cair quase 20% e atingir os menores n\u00edveis em d\u00e9cadas, segundo a Ag\u00eancia Federal de Investiga\u00e7\u00e3o (FBI).<\/p>\n<p>Na cidade de Nova York, por exemplo, os 2.200 homic\u00eddios por ano na d\u00e9cada de 90 ca\u00edram para 350 (redu\u00e7\u00e3o de quase 85%). A taxa de crimes violentos sofreu queda de 58% ao mesmo tempo que derrubou em 55% o encarceramento somando cadeias locais, segundo o especialista da Universidade de Harvard, Vicent Schiraldi e Judith Greene, diretora da Justice Strategies.<\/p>\n<p>A que se devem esses avan\u00e7os nos Estados Unidos? Houve amplos esfor\u00e7os para estimular o desencarceramento de criminosos n\u00e3o violentos, sobretudo os presos por crimes de drogas, e para ampliar as alternativas penais, mais baratas e com melhores resultados em termos de ressocializa\u00e7\u00e3o.<\/p>\n<p>Infelizmente o caso brasileiro percorre o caminho oposto. Em pouco mais de dez anos a popula\u00e7\u00e3o carcer\u00e1ria brasileira dobrou, mas continuamos convivendo com um alt\u00edssimo patamar de mortes violentas. Obviamente faltam vagas, mas n\u00e3o d\u00e1 para colocar toda culpa nesta falha de gest\u00e3o, basta lembrar que mesmo tendo triplicado o n\u00famero de vagas de 2000 a 2014 nosso d\u00e9ficit de vagas dobrou, segundo o Minist\u00e9rio da Justi\u00e7a.<\/p>\n<p>Observa-se, ainda, que quatro em cada dez presos no Brasil s\u00e3o provis\u00f3rios, ou seja, mesmo sem saber se s\u00e3o culpados, mas optamos por mant\u00ea-los presos, mesmo aqueles que possivelmente ser\u00e3o absolvidos ou receber\u00e3o pena que n\u00e3o os privam de liberdade. Entre os condenados, quatro em dez cometeram crimes como furto ou tr\u00e1fico (sendo a maioria microtraficantes). Aqueles sentenciados por homic\u00eddio atingem somente 10% do total de encarcerados.<\/p>\n<p>Entretanto, a administra\u00e7\u00e3o p\u00fablica segue com a sua f\u00e9 inabal\u00e1vel na pena de pris\u00e3o como panaceia para todos crimes, a julgar pelo novo Plano Nacional de Seguran\u00e7a P\u00fablica. A proposta concentra recursos no custeio da For\u00e7a Nacional e na constru\u00e7\u00e3o e reforma de pres\u00eddios, relegando ao segundo plano investimentos em centrais e n\u00facleos de alternativas penais nos Estados. Ademais, cabe perguntar de onde sair\u00e3o os recursos para novos custeios de agentes penitenci\u00e1rios e escoltas se muitos Estados sequer conseguem honrar os sal\u00e1rios do funcionalismo existente. N\u00e3o adianta construir novos pres\u00eddios sem adotar um plano estrat\u00e9gico de curto, m\u00e9dio e longo prazos para o sistema penal. Com o tempo, as celas se lotam, a seguran\u00e7a se torna prec\u00e1ria, h\u00e1 novas mortes e as autoridades anunciam a transfer\u00eancia dos l\u00edderes de fac\u00e7\u00f5es e a constru\u00e7\u00e3o de mais vagas.<\/p>\n<p>Um primeiro passo que ajudaria a diminuir a popula\u00e7\u00e3o carcer\u00e1ria e restabelecer a presen\u00e7a do Estado no interior dos pres\u00eddios, seria investir pesado na estrutura para realiza\u00e7\u00e3o de audi\u00eancias de cust\u00f3dia, que permite o contato pessoal imediato de presos com ju\u00edzes logo ap\u00f3s a pris\u00e3o, para uma an\u00e1lise da legalidade e conveni\u00eancia social em mant\u00ea-lo atr\u00e1s das grades.<\/p>\n<p>\u00c9 urgente que possamos rever nossas respostas \u00e0 atual crise ou daqui a poucos anos estaremos perguntando novamente o que deu errado.<\/p>\n<p>Bruno Langeani, 34 anos, coordenador da \u00e1rea de Sistemas de Justi\u00e7a e Seguran\u00e7a P\u00fablica do Instituto Sou da Paz<\/p>\n","protected":false},"excerpt":{"rendered":"<p>Caos prisional: interrompendo o ciclo do erro<\/p>\n","protected":false},"author":1,"featured_media":0,"comment_status":"closed","ping_status":"open","sticky":false,"template":"","format":"standard","meta":{"_exactmetrics_skip_tracking":false,"_exactmetrics_sitenote_active":false,"_exactmetrics_sitenote_note":"","_exactmetrics_sitenote_category":0,"jetpack_post_was_ever_published":false,"_jetpack_newsletter_access":"","_jetpack_dont_email_post_to_subs":false,"_jetpack_newsletter_tier_id":0,"_jetpack_memberships_contains_paywalled_content":false,"_jetpack_memberships_contains_paid_content":false,"footnotes":"","jetpack_publicize_message":"","jetpack_publicize_feature_enabled":true,"jetpack_social_post_already_shared":true,"jetpack_social_options":{"image_generator_settings":{"template":"highway","enabled":false},"version":2}},"categories":[1],"tags":[],"class_list":["post-7757","post","type-post","status-publish","format-standard","hentry","category-notas"],"jetpack_publicize_connections":[],"jetpack_sharing_enabled":true,"jetpack_featured_media_url":"","jetpack_shortlink":"https:\/\/wp.me\/p7wKYW-217","jetpack-related-posts":[],"_links":{"self":[{"href":"http:\/\/blogdalucianaoliveira.com.br\/blog\/wp-json\/wp\/v2\/posts\/7757","targetHints":{"allow":["GET"]}}],"collection":[{"href":"http:\/\/blogdalucianaoliveira.com.br\/blog\/wp-json\/wp\/v2\/posts"}],"about":[{"href":"http:\/\/blogdalucianaoliveira.com.br\/blog\/wp-json\/wp\/v2\/types\/post"}],"author":[{"embeddable":true,"href":"http:\/\/blogdalucianaoliveira.com.br\/blog\/wp-json\/wp\/v2\/users\/1"}],"replies":[{"embeddable":true,"href":"http:\/\/blogdalucianaoliveira.com.br\/blog\/wp-json\/wp\/v2\/comments?post=7757"}],"version-history":[{"count":1,"href":"http:\/\/blogdalucianaoliveira.com.br\/blog\/wp-json\/wp\/v2\/posts\/7757\/revisions"}],"predecessor-version":[{"id":7759,"href":"http:\/\/blogdalucianaoliveira.com.br\/blog\/wp-json\/wp\/v2\/posts\/7757\/revisions\/7759"}],"wp:attachment":[{"href":"http:\/\/blogdalucianaoliveira.com.br\/blog\/wp-json\/wp\/v2\/media?parent=7757"}],"wp:term":[{"taxonomy":"category","embeddable":true,"href":"http:\/\/blogdalucianaoliveira.com.br\/blog\/wp-json\/wp\/v2\/categories?post=7757"},{"taxonomy":"post_tag","embeddable":true,"href":"http:\/\/blogdalucianaoliveira.com.br\/blog\/wp-json\/wp\/v2\/tags?post=7757"}],"curies":[{"name":"wp","href":"https:\/\/api.w.org\/{rel}","templated":true}]}}