{"id":776,"date":"2016-05-13T14:31:35","date_gmt":"2016-05-13T18:31:35","guid":{"rendered":"http:\/\/blogdalucianaoliveira.com.br\/blog\/?p=776"},"modified":"2016-05-13T14:31:35","modified_gmt":"2016-05-13T18:31:35","slug":"eles-tem-a-forca-e-controlam-o-que-e-noticia-so-que-esta-cada-vez-mais-dificil","status":"publish","type":"post","link":"http:\/\/blogdalucianaoliveira.com.br\/blog\/2016\/05\/13\/eles-tem-a-forca-e-controlam-o-que-e-noticia-so-que-esta-cada-vez-mais-dificil\/","title":{"rendered":"Eles t\u00eam a for\u00e7a e controlam o que \u00e9 not\u00edcia"},"content":{"rendered":"<p>&nbsp;<\/p>\n<p>https:\/\/vimeo.com\/153410971<\/p>\n<p>O que acontecer\u00e1, caso a presidente seja &#8216;impichada&#8217;, com a promessa feita em 2015 pelo Minist\u00e9rio P\u00fablico Federal, de investigar 32 deputados federais e 8 senadores que figuram como s\u00f3cios de empresas de r\u00e1dio e tv no Brasil no Minist\u00e9rio das Comunica\u00e7\u00f5es, o que \u00e9 vedado pela Constitui\u00e7\u00e3o Federal.<!--more--><\/p>\n<p>Uma s\u00e9rie de a\u00e7\u00f5es haviam sido desencadeadas para acabar com a farra.<\/p>\n<p>Acir Gurgacz, A\u00e9cio Neves, Edison Lob\u00e3o, Jos\u00e9 Agripino, Fernando Collor, Jader Barbalho, Tasso Jereissati, Sarney Filho e outros, est\u00e3o na mira.<\/p>\n<p>Bom, pelo que consta as a\u00e7\u00f5es estavam em andamento. Hoje, Sarney Filho virou ministro, bem como Helder Barbalho, filho do Jader.<\/p>\n<p>A Procuradoria anunciou que pediria a suspens\u00e3o das concess\u00f5es e a proibi\u00e7\u00e3o de novas outorgas aos citados.<\/p>\n<p>Muitos alegaram que n\u00e3o s\u00e3o s\u00f3cios e n\u00e3o veem problemas nas empresas estarem em nome de parentes. A jornalista Elvira Lobato fez ma reportagem especial sobre o poder dos pol\u00edticos que dominam os conglomerados da comunica\u00e7\u00e3o na Amaz\u00f4nia Legal, onde cita a RedeTV e Record.<\/p>\n<p>Bem interessante o que a jornalista apurou, pois revela que poucos controlam mais de 20% das retransmissoras nesta por\u00e7\u00e3o do Brasil. Acesse o link: http:\/\/www.apublica.org\/tvsdaamazonia\/<\/p>\n<p>D\u00e1 pra compreender, porque a linguagem \u00e9 t\u00e3o padronizada.<\/p>\n<p>E d\u00e1 pra entender, porque o papel da m\u00eddia potencializou not\u00edcias ruins pra fortalecer o processo do impeachment\/golpe.<\/p>\n","protected":false},"excerpt":{"rendered":"<p>&nbsp; https:\/\/vimeo.com\/153410971 O que acontecer\u00e1, caso a presidente seja &#8216;impichada&#8217;, com a promessa feita em 2015 pelo Minist\u00e9rio P\u00fablico Federal, de investigar 32 deputados federais e 8 senadores que figuram como s\u00f3cios de empresas de r\u00e1dio e tv no Brasil no Minist\u00e9rio das Comunica\u00e7\u00f5es, o que \u00e9 vedado pela Constitui\u00e7\u00e3o Federal.<\/p>\n","protected":false},"author":1,"featured_media":0,"comment_status":"closed","ping_status":"open","sticky":false,"template":"","format":"standard","meta":{"_exactmetrics_skip_tracking":false,"_exactmetrics_sitenote_active":false,"_exactmetrics_sitenote_note":"","_exactmetrics_sitenote_category":0,"jetpack_post_was_ever_published":false,"_jetpack_newsletter_access":"","_jetpack_dont_email_post_to_subs":false,"_jetpack_newsletter_tier_id":0,"_jetpack_memberships_contains_paywalled_content":false,"_jetpack_memberships_contains_paid_content":false,"footnotes":"","jetpack_publicize_message":"","jetpack_publicize_feature_enabled":true,"jetpack_social_post_already_shared":true,"jetpack_social_options":{"image_generator_settings":{"template":"highway","enabled":false},"version":2}},"categories":[1],"tags":[],"class_list":["post-776","post","type-post","status-publish","format-standard","hentry","category-notas"],"jetpack_publicize_connections":[],"jetpack_sharing_enabled":true,"jetpack_featured_media_url":"","jetpack_shortlink":"https:\/\/wp.me\/p7wKYW-cw","jetpack-related-posts":[],"_links":{"self":[{"href":"http:\/\/blogdalucianaoliveira.com.br\/blog\/wp-json\/wp\/v2\/posts\/776","targetHints":{"allow":["GET"]}}],"collection":[{"href":"http:\/\/blogdalucianaoliveira.com.br\/blog\/wp-json\/wp\/v2\/posts"}],"about":[{"href":"http:\/\/blogdalucianaoliveira.com.br\/blog\/wp-json\/wp\/v2\/types\/post"}],"author":[{"embeddable":true,"href":"http:\/\/blogdalucianaoliveira.com.br\/blog\/wp-json\/wp\/v2\/users\/1"}],"replies":[{"embeddable":true,"href":"http:\/\/blogdalucianaoliveira.com.br\/blog\/wp-json\/wp\/v2\/comments?post=776"}],"version-history":[{"count":2,"href":"http:\/\/blogdalucianaoliveira.com.br\/blog\/wp-json\/wp\/v2\/posts\/776\/revisions"}],"predecessor-version":[{"id":778,"href":"http:\/\/blogdalucianaoliveira.com.br\/blog\/wp-json\/wp\/v2\/posts\/776\/revisions\/778"}],"wp:attachment":[{"href":"http:\/\/blogdalucianaoliveira.com.br\/blog\/wp-json\/wp\/v2\/media?parent=776"}],"wp:term":[{"taxonomy":"category","embeddable":true,"href":"http:\/\/blogdalucianaoliveira.com.br\/blog\/wp-json\/wp\/v2\/categories?post=776"},{"taxonomy":"post_tag","embeddable":true,"href":"http:\/\/blogdalucianaoliveira.com.br\/blog\/wp-json\/wp\/v2\/tags?post=776"}],"curies":[{"name":"wp","href":"https:\/\/api.w.org\/{rel}","templated":true}]}}