{"id":7782,"date":"2017-01-19T10:32:52","date_gmt":"2017-01-19T14:32:52","guid":{"rendered":"http:\/\/blogdalucianaoliveira.com.br\/blog\/?p=7782"},"modified":"2017-01-19T10:32:52","modified_gmt":"2017-01-19T14:32:52","slug":"a-politica-dos-ricos-com-a-espetacularizacao-da-miseria","status":"publish","type":"post","link":"http:\/\/blogdalucianaoliveira.com.br\/blog\/2017\/01\/19\/a-politica-dos-ricos-com-a-espetacularizacao-da-miseria\/","title":{"rendered":"A pol\u00edtica dos ricos com a espetaculariza\u00e7\u00e3o da mis\u00e9ria"},"content":{"rendered":"<p><img data-recalc-dims=\"1\" loading=\"lazy\" decoding=\"async\" data-attachment-id=\"7783\" data-permalink=\"http:\/\/blogdalucianaoliveira.com.br\/blog\/2017\/01\/19\/a-politica-dos-ricos-com-a-espetacularizacao-da-miseria\/mora\/\" data-orig-file=\"https:\/\/i0.wp.com\/blogdalucianaoliveira.com.br\/blog\/wp-content\/uploads\/2017\/01\/mora.jpg?fit=1000%2C357\" data-orig-size=\"1000,357\" data-comments-opened=\"0\" data-image-meta=\"{&quot;aperture&quot;:&quot;0&quot;,&quot;credit&quot;:&quot;&quot;,&quot;camera&quot;:&quot;&quot;,&quot;caption&quot;:&quot;&quot;,&quot;created_timestamp&quot;:&quot;0&quot;,&quot;copyright&quot;:&quot;&quot;,&quot;focal_length&quot;:&quot;0&quot;,&quot;iso&quot;:&quot;0&quot;,&quot;shutter_speed&quot;:&quot;0&quot;,&quot;title&quot;:&quot;&quot;,&quot;orientation&quot;:&quot;0&quot;}\" data-image-title=\"mora\" data-image-description=\"\" data-image-caption=\"\" data-medium-file=\"https:\/\/i0.wp.com\/blogdalucianaoliveira.com.br\/blog\/wp-content\/uploads\/2017\/01\/mora.jpg?fit=300%2C107\" data-large-file=\"https:\/\/i0.wp.com\/blogdalucianaoliveira.com.br\/blog\/wp-content\/uploads\/2017\/01\/mora.jpg?fit=600%2C214\" src=\"https:\/\/i0.wp.com\/blogdalucianaoliveira.com.br\/blog\/wp-content\/uploads\/2017\/01\/mora.jpg?resize=600%2C214\" alt=\"mora\" width=\"600\" height=\"214\" class=\"alignnone size-full wp-image-7783\" srcset=\"https:\/\/i0.wp.com\/blogdalucianaoliveira.com.br\/blog\/wp-content\/uploads\/2017\/01\/mora.jpg?w=1000 1000w, https:\/\/i0.wp.com\/blogdalucianaoliveira.com.br\/blog\/wp-content\/uploads\/2017\/01\/mora.jpg?resize=300%2C107 300w, https:\/\/i0.wp.com\/blogdalucianaoliveira.com.br\/blog\/wp-content\/uploads\/2017\/01\/mora.jpg?resize=768%2C274 768w, https:\/\/i0.wp.com\/blogdalucianaoliveira.com.br\/blog\/wp-content\/uploads\/2017\/01\/mora.jpg?resize=800%2C286 800w\" sizes=\"auto, (max-width: 600px) 100vw, 600px\" \/><\/p>\n<p>EXPOSTO SEM AUTORIZA\u00c7\u00c3O NO FACEBOOK, SEM TETO GERSON ESPERA ALMO\u00c7O QUE DORIA PROMETEU<!--more--><\/p>\n<p>SP 247 &#8211; O morador de rua identificado como Gerson, que ficou famoso ap\u00f3s estrelar uma publica\u00e7\u00e3o do prefeito Jo\u00e3o Doria Jr. (PSDB) no Facebook, criticou o prefeito pela exposi\u00e7\u00e3o de sua imagem sem autoriza\u00e7\u00e3o. O post de 13 de janeiro teve 186 mil curtidas e mais de 40 mil compartilhamentos na rede. <\/p>\n<p>Ele contou ao jornalista Pedro Zambarda, do Di\u00e1rio do Centro do Mundo (DCM), que n\u00e3o gostou do comportamento de Doria, do ass\u00e9dio da m\u00eddia e de como a fotografia foi divulgada sem o seu consentimento. &#8220;Quando o prefeito passou por aqui, eu pedi pra ele parar de tirar os moradores de rua. Eu tava bravo porque o &#8216;rapa&#8217; tava levando os cobertores de todo mundo. Mas, depois, ele disse que me ajudaria&#8221;, afirma.<\/p>\n<p>&#8220;Nunca pedi nada pro Doria. S\u00f3 pe\u00e7o dinheiro sempre porque vivo na rua, como pe\u00e7o agora pra voc\u00ea. Ele prometeu almo\u00e7ar conosco, algo que n\u00e3o cumpriu at\u00e9 agora&#8221;, acrescentou. <\/p>\n","protected":false},"excerpt":{"rendered":"<p>EXPOSTO SEM AUTORIZA\u00c7\u00c3O NO FACEBOOK, SEM TETO GERSON ESPERA ALMO\u00c7O QUE DORIA PROMETEU<\/p>\n","protected":false},"author":1,"featured_media":0,"comment_status":"closed","ping_status":"open","sticky":false,"template":"","format":"standard","meta":{"_exactmetrics_skip_tracking":false,"_exactmetrics_sitenote_active":false,"_exactmetrics_sitenote_note":"","_exactmetrics_sitenote_category":0,"jetpack_post_was_ever_published":false,"_jetpack_newsletter_access":"","_jetpack_dont_email_post_to_subs":false,"_jetpack_newsletter_tier_id":0,"_jetpack_memberships_contains_paywalled_content":false,"_jetpack_memberships_contains_paid_content":false,"footnotes":"","jetpack_publicize_message":"","jetpack_publicize_feature_enabled":true,"jetpack_social_post_already_shared":true,"jetpack_social_options":{"image_generator_settings":{"template":"highway","enabled":false},"version":2}},"categories":[1],"tags":[],"class_list":["post-7782","post","type-post","status-publish","format-standard","hentry","category-notas"],"jetpack_publicize_connections":[],"jetpack_sharing_enabled":true,"jetpack_featured_media_url":"","jetpack_shortlink":"https:\/\/wp.me\/p7wKYW-21w","jetpack-related-posts":[],"_links":{"self":[{"href":"http:\/\/blogdalucianaoliveira.com.br\/blog\/wp-json\/wp\/v2\/posts\/7782","targetHints":{"allow":["GET"]}}],"collection":[{"href":"http:\/\/blogdalucianaoliveira.com.br\/blog\/wp-json\/wp\/v2\/posts"}],"about":[{"href":"http:\/\/blogdalucianaoliveira.com.br\/blog\/wp-json\/wp\/v2\/types\/post"}],"author":[{"embeddable":true,"href":"http:\/\/blogdalucianaoliveira.com.br\/blog\/wp-json\/wp\/v2\/users\/1"}],"replies":[{"embeddable":true,"href":"http:\/\/blogdalucianaoliveira.com.br\/blog\/wp-json\/wp\/v2\/comments?post=7782"}],"version-history":[{"count":1,"href":"http:\/\/blogdalucianaoliveira.com.br\/blog\/wp-json\/wp\/v2\/posts\/7782\/revisions"}],"predecessor-version":[{"id":7784,"href":"http:\/\/blogdalucianaoliveira.com.br\/blog\/wp-json\/wp\/v2\/posts\/7782\/revisions\/7784"}],"wp:attachment":[{"href":"http:\/\/blogdalucianaoliveira.com.br\/blog\/wp-json\/wp\/v2\/media?parent=7782"}],"wp:term":[{"taxonomy":"category","embeddable":true,"href":"http:\/\/blogdalucianaoliveira.com.br\/blog\/wp-json\/wp\/v2\/categories?post=7782"},{"taxonomy":"post_tag","embeddable":true,"href":"http:\/\/blogdalucianaoliveira.com.br\/blog\/wp-json\/wp\/v2\/tags?post=7782"}],"curies":[{"name":"wp","href":"https:\/\/api.w.org\/{rel}","templated":true}]}}