{"id":7785,"date":"2017-01-19T10:55:52","date_gmt":"2017-01-19T14:55:52","guid":{"rendered":"http:\/\/blogdalucianaoliveira.com.br\/blog\/?p=7785"},"modified":"2017-01-19T10:55:52","modified_gmt":"2017-01-19T14:55:52","slug":"modelo-de-prefeito-e-de-gestao-da-direita","status":"publish","type":"post","link":"http:\/\/blogdalucianaoliveira.com.br\/blog\/2017\/01\/19\/modelo-de-prefeito-e-de-gestao-da-direita\/","title":{"rendered":"Modelo de prefeito e de gest\u00e3o da direita"},"content":{"rendered":"<p><img data-recalc-dims=\"1\" loading=\"lazy\" decoding=\"async\" data-attachment-id=\"7786\" data-permalink=\"http:\/\/blogdalucianaoliveira.com.br\/blog\/2017\/01\/19\/modelo-de-prefeito-e-de-gestao-da-direita\/puto\/\" data-orig-file=\"https:\/\/i0.wp.com\/blogdalucianaoliveira.com.br\/blog\/wp-content\/uploads\/2017\/01\/puto.jpg?fit=720%2C340\" data-orig-size=\"720,340\" data-comments-opened=\"0\" data-image-meta=\"{&quot;aperture&quot;:&quot;0&quot;,&quot;credit&quot;:&quot;&quot;,&quot;camera&quot;:&quot;&quot;,&quot;caption&quot;:&quot;&quot;,&quot;created_timestamp&quot;:&quot;0&quot;,&quot;copyright&quot;:&quot;&quot;,&quot;focal_length&quot;:&quot;0&quot;,&quot;iso&quot;:&quot;0&quot;,&quot;shutter_speed&quot;:&quot;0&quot;,&quot;title&quot;:&quot;&quot;,&quot;orientation&quot;:&quot;0&quot;}\" data-image-title=\"puto\" data-image-description=\"\" data-image-caption=\"\" data-medium-file=\"https:\/\/i0.wp.com\/blogdalucianaoliveira.com.br\/blog\/wp-content\/uploads\/2017\/01\/puto.jpg?fit=300%2C142\" data-large-file=\"https:\/\/i0.wp.com\/blogdalucianaoliveira.com.br\/blog\/wp-content\/uploads\/2017\/01\/puto.jpg?fit=600%2C283\" src=\"https:\/\/i0.wp.com\/blogdalucianaoliveira.com.br\/blog\/wp-content\/uploads\/2017\/01\/puto.jpg?resize=600%2C283\" alt=\"puto\" width=\"600\" height=\"283\" class=\"alignnone size-full wp-image-7786\" srcset=\"https:\/\/i0.wp.com\/blogdalucianaoliveira.com.br\/blog\/wp-content\/uploads\/2017\/01\/puto.jpg?w=720 720w, https:\/\/i0.wp.com\/blogdalucianaoliveira.com.br\/blog\/wp-content\/uploads\/2017\/01\/puto.jpg?resize=300%2C142 300w, https:\/\/i0.wp.com\/blogdalucianaoliveira.com.br\/blog\/wp-content\/uploads\/2017\/01\/puto.jpg?resize=635%2C300 635w\" sizes=\"auto, (max-width: 600px) 100vw, 600px\" \/><\/p>\n<p>EMPRESA DE DORIA RODA A SACOLINHA PARA SUA PALESTRA<!--more--><\/p>\n<p>SP 247 &#8211; Fundada pelo prefeito de S\u00e3o Paulo, Jo\u00e3o Doria (PSDB), a empresa Lide sempre foi conhecida por pedir doa\u00e7\u00f5es no meio empresarial para organizar palestras com pol\u00edticos e, agora, est\u00e1 passando o chap\u00e9u para solicitar recursos que v\u00e3o bancar uma palestra do pr\u00f3prio Doria. <!--more--><\/p>\n<p>Em um e-mail enviado a empres\u00e1rios na semana passada, a Lide pede dinheiro para financiar o &#8220;almo\u00e7o-debate&#8221; com l\u00edderes empresariais no dia 6 de mar\u00e7o, no hotel Grand Hyatt, na capital paulista, com apresenta\u00e7\u00e3o do prefeito rec\u00e9m-empossado. O tema da palestra ser\u00e1: &#8220;O impacto de uma gest\u00e3o eficiente na cidade de S\u00e3o Paulo&#8221;. Conforme o e-mail, os presidentes das empresas que pagarem uma cota de &#8220;copatroc\u00ednio&#8221; de R$ 50 mil ter\u00e3o o direito de se sentar \u00e0 mesa principal com Doria. Para especialistas, apesar de o prefeito ter se afastado das empresas, a capta\u00e7\u00e3o de dinheiro privado por parte do Lide para financiar sua palestra ainda se enquadra em um caso de conflito de interesses.<\/p>\n<p>As informa\u00e7\u00f5es s\u00e3o de reportagem de Joana Cunha na Folha de S.Paulo. <\/p>\n<p>&#8220;As companhias parceiras tamb\u00e9m poder\u00e3o exibir seus logotipos em banners no palco do evento, al\u00e9m de outras apari\u00e7\u00f5es das marcas.<\/p>\n<p>O Lide n\u00e3o informa quantas s\u00e3o as cotas de patroc\u00ednio destinadas ao almo\u00e7o com Doria. Ele nega que haja conflito de interesse sob o argumento de que o prefeito j\u00e1 n\u00e3o tem mais a\u00e7\u00f5es da empresa.<\/p>\n<p>Questionada pela Folha, a assessoria de imprensa da Prefeitura de S\u00e3o Paulo afirma que n\u00e3o h\u00e1 nenhuma restri\u00e7\u00e3o para que o tucano fa\u00e7a palestras em evento promovido por empresas ou entidades.<\/p>\n<p>Para evitar acusa\u00e7\u00f5es de conflito de interesse, Doria come\u00e7ou a tomar algumas medidas desde 2015, antes de se tornar candidato.<\/p>\n<p>O empres\u00e1rio, que costumava ser mestre de cerim\u00f4nia dos almo\u00e7os, cedeu espa\u00e7o para que outro fundador, o ex-ministro Luiz Fernando Furlan, fortalecesse seu papel \u00e0 frente da institui\u00e7\u00e3o. Durante a campanha, anunciou que passaria o comando acion\u00e1rio das empresas do Grupo Doria a seus filhos.&#8221; <\/p>\n","protected":false},"excerpt":{"rendered":"<p>EMPRESA DE DORIA RODA A SACOLINHA PARA SUA PALESTRA<\/p>\n","protected":false},"author":1,"featured_media":0,"comment_status":"closed","ping_status":"open","sticky":false,"template":"","format":"standard","meta":{"_exactmetrics_skip_tracking":false,"_exactmetrics_sitenote_active":false,"_exactmetrics_sitenote_note":"","_exactmetrics_sitenote_category":0,"jetpack_post_was_ever_published":false,"_jetpack_newsletter_access":"","_jetpack_dont_email_post_to_subs":false,"_jetpack_newsletter_tier_id":0,"_jetpack_memberships_contains_paywalled_content":false,"_jetpack_memberships_contains_paid_content":false,"footnotes":"","jetpack_publicize_message":"","jetpack_publicize_feature_enabled":true,"jetpack_social_post_already_shared":true,"jetpack_social_options":{"image_generator_settings":{"template":"highway","enabled":false},"version":2}},"categories":[1],"tags":[],"class_list":["post-7785","post","type-post","status-publish","format-standard","hentry","category-notas"],"jetpack_publicize_connections":[],"jetpack_sharing_enabled":true,"jetpack_featured_media_url":"","jetpack_shortlink":"https:\/\/wp.me\/p7wKYW-21z","jetpack-related-posts":[],"_links":{"self":[{"href":"http:\/\/blogdalucianaoliveira.com.br\/blog\/wp-json\/wp\/v2\/posts\/7785","targetHints":{"allow":["GET"]}}],"collection":[{"href":"http:\/\/blogdalucianaoliveira.com.br\/blog\/wp-json\/wp\/v2\/posts"}],"about":[{"href":"http:\/\/blogdalucianaoliveira.com.br\/blog\/wp-json\/wp\/v2\/types\/post"}],"author":[{"embeddable":true,"href":"http:\/\/blogdalucianaoliveira.com.br\/blog\/wp-json\/wp\/v2\/users\/1"}],"replies":[{"embeddable":true,"href":"http:\/\/blogdalucianaoliveira.com.br\/blog\/wp-json\/wp\/v2\/comments?post=7785"}],"version-history":[{"count":1,"href":"http:\/\/blogdalucianaoliveira.com.br\/blog\/wp-json\/wp\/v2\/posts\/7785\/revisions"}],"predecessor-version":[{"id":7787,"href":"http:\/\/blogdalucianaoliveira.com.br\/blog\/wp-json\/wp\/v2\/posts\/7785\/revisions\/7787"}],"wp:attachment":[{"href":"http:\/\/blogdalucianaoliveira.com.br\/blog\/wp-json\/wp\/v2\/media?parent=7785"}],"wp:term":[{"taxonomy":"category","embeddable":true,"href":"http:\/\/blogdalucianaoliveira.com.br\/blog\/wp-json\/wp\/v2\/categories?post=7785"},{"taxonomy":"post_tag","embeddable":true,"href":"http:\/\/blogdalucianaoliveira.com.br\/blog\/wp-json\/wp\/v2\/tags?post=7785"}],"curies":[{"name":"wp","href":"https:\/\/api.w.org\/{rel}","templated":true}]}}