{"id":7788,"date":"2017-01-19T11:15:21","date_gmt":"2017-01-19T15:15:21","guid":{"rendered":"http:\/\/blogdalucianaoliveira.com.br\/blog\/?p=7788"},"modified":"2017-01-19T11:15:21","modified_gmt":"2017-01-19T15:15:21","slug":"ah-mas-se-fosse-dilma","status":"publish","type":"post","link":"http:\/\/blogdalucianaoliveira.com.br\/blog\/2017\/01\/19\/ah-mas-se-fosse-dilma\/","title":{"rendered":"Ah, mas se fosse Dilma&#8230;"},"content":{"rendered":"<p><img data-recalc-dims=\"1\" loading=\"lazy\" decoding=\"async\" data-attachment-id=\"7789\" data-permalink=\"http:\/\/blogdalucianaoliveira.com.br\/blog\/2017\/01\/19\/ah-mas-se-fosse-dilma\/fg\/\" data-orig-file=\"https:\/\/i0.wp.com\/blogdalucianaoliveira.com.br\/blog\/wp-content\/uploads\/2017\/01\/fg.png?fit=1000%2C357\" data-orig-size=\"1000,357\" data-comments-opened=\"0\" data-image-meta=\"{&quot;aperture&quot;:&quot;0&quot;,&quot;credit&quot;:&quot;&quot;,&quot;camera&quot;:&quot;&quot;,&quot;caption&quot;:&quot;&quot;,&quot;created_timestamp&quot;:&quot;0&quot;,&quot;copyright&quot;:&quot;&quot;,&quot;focal_length&quot;:&quot;0&quot;,&quot;iso&quot;:&quot;0&quot;,&quot;shutter_speed&quot;:&quot;0&quot;,&quot;title&quot;:&quot;&quot;,&quot;orientation&quot;:&quot;0&quot;}\" data-image-title=\"fg\" data-image-description=\"\" data-image-caption=\"\" data-medium-file=\"https:\/\/i0.wp.com\/blogdalucianaoliveira.com.br\/blog\/wp-content\/uploads\/2017\/01\/fg.png?fit=300%2C107\" data-large-file=\"https:\/\/i0.wp.com\/blogdalucianaoliveira.com.br\/blog\/wp-content\/uploads\/2017\/01\/fg.png?fit=600%2C214\" src=\"https:\/\/i0.wp.com\/blogdalucianaoliveira.com.br\/blog\/wp-content\/uploads\/2017\/01\/fg.png?resize=600%2C214\" alt=\"fg\" width=\"600\" height=\"214\" class=\"alignnone size-full wp-image-7789\" srcset=\"https:\/\/i0.wp.com\/blogdalucianaoliveira.com.br\/blog\/wp-content\/uploads\/2017\/01\/fg.png?w=1000 1000w, https:\/\/i0.wp.com\/blogdalucianaoliveira.com.br\/blog\/wp-content\/uploads\/2017\/01\/fg.png?resize=300%2C107 300w, https:\/\/i0.wp.com\/blogdalucianaoliveira.com.br\/blog\/wp-content\/uploads\/2017\/01\/fg.png?resize=768%2C274 768w, https:\/\/i0.wp.com\/blogdalucianaoliveira.com.br\/blog\/wp-content\/uploads\/2017\/01\/fg.png?resize=800%2C286 800w\" sizes=\"auto, (max-width: 600px) 100vw, 600px\" \/><\/p>\n<p>TEMER QUEBRA PROMESSA E REDUZ SAQUE DO FGTS<!--more--><\/p>\n<p>247 &#8211; Menos de um m\u00eas ap\u00f3s liberar o saque de contas inativas do FGTS (Fundo de Garantia do Tempo de Servi\u00e7o), Michel Temer j\u00e1 se prepara para voltar atr\u00e1s. Na ocasi\u00e3o, Temer afirmou que a medida liberaria R$ 30 bilh\u00f5es do fundo. O dinheiro ajudaria os trabalhadores a quitar d\u00edvidas e ainda auxiliaria a retomada da economia. Agora, o Planalto estuda criar um mecanismo para restringir o n\u00famero de trabalhadores que poder\u00e3o sacar do FGTS. Para blindar Temer do desgaste causado pelo recuo, aliados ensaiam o discurso de que, se a restri\u00e7\u00e3o vier, incidir\u00e1 sobre um n\u00famero pequeno de pessoas, preservando trabalhadores endividados e de baixa renda que s\u00e3o o alvo principal da medida. Medida, no entanto, \u00e9 aceno tamb\u00e9m para as construtoras e incorporadoras imobili\u00e1rias. O dinheiro do FGTS \u00e9 usado para financiar a constru\u00e7\u00e3o de im\u00f3veis e projetos de saneamento b\u00e1sico.<\/p>\n<p>As informa\u00e7\u00f5es s\u00e3o de reportagem de Renata Agostini e Daniela Lima na Folha de S.Paulo. <\/p>\n<p>&#8220;Os empres\u00e1rios afirmam que liberar saques em todas as contas debilitar\u00e1 em poucos anos a capacidade do fundo de sustentar empr\u00e9stimos para compra da casa pr\u00f3pria.<\/p>\n<p>Ao buscar uma trava para os saques, o governo procura tanto reter parte dos recursos no FGTS como agradar os empres\u00e1rios da constru\u00e7\u00e3o, que negociam com o governo um pacote de est\u00edmulo ao setor.<\/p>\n<p>O an\u00fancio da libera\u00e7\u00e3o dos saques foi feito \u00e0s v\u00e9speras do \u00faltimo Natal, como carro-chefe de um pacote de medidas de est\u00edmulo econ\u00f4mico apresentado com o objetivo de melhorar a imagem de Temer e a avalia\u00e7\u00e3o do governo.&#8221;<\/p>\n","protected":false},"excerpt":{"rendered":"<p>TEMER QUEBRA PROMESSA E REDUZ SAQUE DO FGTS<\/p>\n","protected":false},"author":1,"featured_media":0,"comment_status":"closed","ping_status":"open","sticky":false,"template":"","format":"standard","meta":{"_exactmetrics_skip_tracking":false,"_exactmetrics_sitenote_active":false,"_exactmetrics_sitenote_note":"","_exactmetrics_sitenote_category":0,"jetpack_post_was_ever_published":false,"_jetpack_newsletter_access":"","_jetpack_dont_email_post_to_subs":false,"_jetpack_newsletter_tier_id":0,"_jetpack_memberships_contains_paywalled_content":false,"_jetpack_memberships_contains_paid_content":false,"footnotes":"","jetpack_publicize_message":"","jetpack_publicize_feature_enabled":true,"jetpack_social_post_already_shared":true,"jetpack_social_options":{"image_generator_settings":{"template":"highway","enabled":false},"version":2}},"categories":[1],"tags":[],"class_list":["post-7788","post","type-post","status-publish","format-standard","hentry","category-notas"],"jetpack_publicize_connections":[],"jetpack_sharing_enabled":true,"jetpack_featured_media_url":"","jetpack_shortlink":"https:\/\/wp.me\/p7wKYW-21C","jetpack-related-posts":[],"_links":{"self":[{"href":"http:\/\/blogdalucianaoliveira.com.br\/blog\/wp-json\/wp\/v2\/posts\/7788","targetHints":{"allow":["GET"]}}],"collection":[{"href":"http:\/\/blogdalucianaoliveira.com.br\/blog\/wp-json\/wp\/v2\/posts"}],"about":[{"href":"http:\/\/blogdalucianaoliveira.com.br\/blog\/wp-json\/wp\/v2\/types\/post"}],"author":[{"embeddable":true,"href":"http:\/\/blogdalucianaoliveira.com.br\/blog\/wp-json\/wp\/v2\/users\/1"}],"replies":[{"embeddable":true,"href":"http:\/\/blogdalucianaoliveira.com.br\/blog\/wp-json\/wp\/v2\/comments?post=7788"}],"version-history":[{"count":1,"href":"http:\/\/blogdalucianaoliveira.com.br\/blog\/wp-json\/wp\/v2\/posts\/7788\/revisions"}],"predecessor-version":[{"id":7790,"href":"http:\/\/blogdalucianaoliveira.com.br\/blog\/wp-json\/wp\/v2\/posts\/7788\/revisions\/7790"}],"wp:attachment":[{"href":"http:\/\/blogdalucianaoliveira.com.br\/blog\/wp-json\/wp\/v2\/media?parent=7788"}],"wp:term":[{"taxonomy":"category","embeddable":true,"href":"http:\/\/blogdalucianaoliveira.com.br\/blog\/wp-json\/wp\/v2\/categories?post=7788"},{"taxonomy":"post_tag","embeddable":true,"href":"http:\/\/blogdalucianaoliveira.com.br\/blog\/wp-json\/wp\/v2\/tags?post=7788"}],"curies":[{"name":"wp","href":"https:\/\/api.w.org\/{rel}","templated":true}]}}