{"id":7824,"date":"2017-01-20T10:19:43","date_gmt":"2017-01-20T14:19:43","guid":{"rendered":"http:\/\/blogdalucianaoliveira.com.br\/blog\/?p=7824"},"modified":"2017-01-20T10:19:43","modified_gmt":"2017-01-20T14:19:43","slug":"maira-panas-fez-desabafo-antes-de-morrer-no-aviao-com-teori","status":"publish","type":"post","link":"http:\/\/blogdalucianaoliveira.com.br\/blog\/2017\/01\/20\/maira-panas-fez-desabafo-antes-de-morrer-no-aviao-com-teori\/","title":{"rendered":"MA\u00cdRA PANAS FEZ DESABAFO ANTES DE MORRER NO AVI\u00c3O COM TEORI"},"content":{"rendered":"<p><img data-recalc-dims=\"1\" loading=\"lazy\" decoding=\"async\" data-attachment-id=\"7825\" data-permalink=\"http:\/\/blogdalucianaoliveira.com.br\/blog\/2017\/01\/20\/maira-panas-fez-desabafo-antes-de-morrer-no-aviao-com-teori\/img_0657\/\" data-orig-file=\"https:\/\/i0.wp.com\/blogdalucianaoliveira.com.br\/blog\/wp-content\/uploads\/2017\/01\/IMG_0657.jpg?fit=480%2C240\" data-orig-size=\"480,240\" data-comments-opened=\"0\" data-image-meta=\"{&quot;aperture&quot;:&quot;0&quot;,&quot;credit&quot;:&quot;&quot;,&quot;camera&quot;:&quot;&quot;,&quot;caption&quot;:&quot;&quot;,&quot;created_timestamp&quot;:&quot;0&quot;,&quot;copyright&quot;:&quot;&quot;,&quot;focal_length&quot;:&quot;0&quot;,&quot;iso&quot;:&quot;0&quot;,&quot;shutter_speed&quot;:&quot;0&quot;,&quot;title&quot;:&quot;&quot;,&quot;orientation&quot;:&quot;0&quot;}\" data-image-title=\"IMG_0657\" data-image-description=\"\" data-image-caption=\"\" data-medium-file=\"https:\/\/i0.wp.com\/blogdalucianaoliveira.com.br\/blog\/wp-content\/uploads\/2017\/01\/IMG_0657.jpg?fit=300%2C150\" data-large-file=\"https:\/\/i0.wp.com\/blogdalucianaoliveira.com.br\/blog\/wp-content\/uploads\/2017\/01\/IMG_0657.jpg?fit=480%2C240\" src=\"https:\/\/i0.wp.com\/blogdalucianaoliveira.com.br\/blog\/wp-content\/uploads\/2017\/01\/IMG_0657.jpg?resize=480%2C240\" alt=\"IMG_0657\" width=\"480\" height=\"240\" class=\"alignnone size-full wp-image-7825\" srcset=\"https:\/\/i0.wp.com\/blogdalucianaoliveira.com.br\/blog\/wp-content\/uploads\/2017\/01\/IMG_0657.jpg?w=480 480w, https:\/\/i0.wp.com\/blogdalucianaoliveira.com.br\/blog\/wp-content\/uploads\/2017\/01\/IMG_0657.jpg?resize=300%2C150 300w\" sizes=\"auto, (max-width: 480px) 100vw, 480px\" \/><\/p>\n<p>247 \u2013 Ma\u00edra Panas, a dan\u00e7arina e massagista que faleceu no voo com Teori Zavascki e o dono do hotel Emiliano (leia aqui), postou um desabafo poucas horas de morrer, em seu Facebook.<!--more--><\/p>\n<p>Confira abaixo:<\/p>\n<p>1 &#8211; Acredite ; o mesmo bandido que Rouba um banco de um pol\u00edtico. .. Vai roubar 20 reais da pessoa que mais o ajudou por # necessidade #<\/p>\n<p>2 \u2013 S\u00e3o os Machinhos da quebrada..Os pica traficantes. . e d\u00e3o uma de moralistas .. Pois tadinhos s\u00e3o apenas v\u00edtimas da Sociedade injusta e cruel e precisam se rebelar com ideologias furadas e dram\u00e1ticas <\/p>\n<p>3 \u2013 E a\u00ed o mesmo n\u00edpe de gente , ontem ,me rouba uma sacola de roupas e pertences que tinha acabado de comprar. Blz. Que fa\u00e7a uso.<\/p>\n<p>Mas me deu tanta raiva destes miser\u00e1veis ,quanto seria se tivessem me roubado um carro. Porque estes filhas da puta , lixos, e covardes que n\u00e3o querem trabalhar nem estudar. .. tiram de quem trabalha e estuda. <\/p>\n<p>E o pior se orgulham do que fazem. Batem no peito. E se v\u00e3o preso cobram direitos do governo por humilha\u00e7\u00e3o. E s\u00e3o protegidos por filhos e pais. Estes mesmos continuar\u00e3o pobres e ignorantes o resto da vida pastando na lama em que vivem, pois nada que se constr\u00f3i sobre base destrutiva te dar\u00e1 alguma recompensa . O que vem f\u00e1cil vai f\u00e1cil. Lei da vida.<\/p>\n","protected":false},"excerpt":{"rendered":"<p>247 \u2013 Ma\u00edra Panas, a dan\u00e7arina e massagista que faleceu no voo com Teori Zavascki e o dono do hotel Emiliano (leia aqui), postou um desabafo poucas horas de morrer, em seu Facebook.<\/p>\n","protected":false},"author":1,"featured_media":0,"comment_status":"closed","ping_status":"open","sticky":false,"template":"","format":"standard","meta":{"_exactmetrics_skip_tracking":false,"_exactmetrics_sitenote_active":false,"_exactmetrics_sitenote_note":"","_exactmetrics_sitenote_category":0,"jetpack_post_was_ever_published":false,"_jetpack_newsletter_access":"","_jetpack_dont_email_post_to_subs":false,"_jetpack_newsletter_tier_id":0,"_jetpack_memberships_contains_paywalled_content":false,"_jetpack_memberships_contains_paid_content":false,"footnotes":"","jetpack_publicize_message":"","jetpack_publicize_feature_enabled":true,"jetpack_social_post_already_shared":true,"jetpack_social_options":{"image_generator_settings":{"template":"highway","enabled":false},"version":2}},"categories":[1],"tags":[],"class_list":["post-7824","post","type-post","status-publish","format-standard","hentry","category-notas"],"jetpack_publicize_connections":[],"jetpack_sharing_enabled":true,"jetpack_featured_media_url":"","jetpack_shortlink":"https:\/\/wp.me\/p7wKYW-22c","jetpack-related-posts":[],"_links":{"self":[{"href":"http:\/\/blogdalucianaoliveira.com.br\/blog\/wp-json\/wp\/v2\/posts\/7824","targetHints":{"allow":["GET"]}}],"collection":[{"href":"http:\/\/blogdalucianaoliveira.com.br\/blog\/wp-json\/wp\/v2\/posts"}],"about":[{"href":"http:\/\/blogdalucianaoliveira.com.br\/blog\/wp-json\/wp\/v2\/types\/post"}],"author":[{"embeddable":true,"href":"http:\/\/blogdalucianaoliveira.com.br\/blog\/wp-json\/wp\/v2\/users\/1"}],"replies":[{"embeddable":true,"href":"http:\/\/blogdalucianaoliveira.com.br\/blog\/wp-json\/wp\/v2\/comments?post=7824"}],"version-history":[{"count":1,"href":"http:\/\/blogdalucianaoliveira.com.br\/blog\/wp-json\/wp\/v2\/posts\/7824\/revisions"}],"predecessor-version":[{"id":7826,"href":"http:\/\/blogdalucianaoliveira.com.br\/blog\/wp-json\/wp\/v2\/posts\/7824\/revisions\/7826"}],"wp:attachment":[{"href":"http:\/\/blogdalucianaoliveira.com.br\/blog\/wp-json\/wp\/v2\/media?parent=7824"}],"wp:term":[{"taxonomy":"category","embeddable":true,"href":"http:\/\/blogdalucianaoliveira.com.br\/blog\/wp-json\/wp\/v2\/categories?post=7824"},{"taxonomy":"post_tag","embeddable":true,"href":"http:\/\/blogdalucianaoliveira.com.br\/blog\/wp-json\/wp\/v2\/tags?post=7824"}],"curies":[{"name":"wp","href":"https:\/\/api.w.org\/{rel}","templated":true}]}}