{"id":7828,"date":"2017-01-20T11:01:40","date_gmt":"2017-01-20T15:01:40","guid":{"rendered":"http:\/\/blogdalucianaoliveira.com.br\/blog\/?p=7828"},"modified":"2017-01-20T11:01:40","modified_gmt":"2017-01-20T15:01:40","slug":"dia-20-de-janeiro-e-o-dia-de-sao-sebastiao","status":"publish","type":"post","link":"http:\/\/blogdalucianaoliveira.com.br\/blog\/2017\/01\/20\/dia-20-de-janeiro-e-o-dia-de-sao-sebastiao\/","title":{"rendered":"Dia 20 de Janeiro \u00e9 o dia de S\u00e3o Sebasti\u00e3o"},"content":{"rendered":"<p><img data-recalc-dims=\"1\" loading=\"lazy\" decoding=\"async\" data-attachment-id=\"7829\" data-permalink=\"http:\/\/blogdalucianaoliveira.com.br\/blog\/2017\/01\/20\/dia-20-de-janeiro-e-o-dia-de-sao-sebastiao\/img_0659\/\" data-orig-file=\"https:\/\/i0.wp.com\/blogdalucianaoliveira.com.br\/blog\/wp-content\/uploads\/2017\/01\/IMG_0659.jpg?fit=388%2C379\" data-orig-size=\"388,379\" data-comments-opened=\"0\" data-image-meta=\"{&quot;aperture&quot;:&quot;0&quot;,&quot;credit&quot;:&quot;&quot;,&quot;camera&quot;:&quot;&quot;,&quot;caption&quot;:&quot;&quot;,&quot;created_timestamp&quot;:&quot;0&quot;,&quot;copyright&quot;:&quot;&quot;,&quot;focal_length&quot;:&quot;0&quot;,&quot;iso&quot;:&quot;0&quot;,&quot;shutter_speed&quot;:&quot;0&quot;,&quot;title&quot;:&quot;&quot;,&quot;orientation&quot;:&quot;0&quot;}\" data-image-title=\"IMG_0659\" data-image-description=\"\" data-image-caption=\"\" data-medium-file=\"https:\/\/i0.wp.com\/blogdalucianaoliveira.com.br\/blog\/wp-content\/uploads\/2017\/01\/IMG_0659.jpg?fit=300%2C293\" data-large-file=\"https:\/\/i0.wp.com\/blogdalucianaoliveira.com.br\/blog\/wp-content\/uploads\/2017\/01\/IMG_0659.jpg?fit=388%2C379\" src=\"https:\/\/i0.wp.com\/blogdalucianaoliveira.com.br\/blog\/wp-content\/uploads\/2017\/01\/IMG_0659.jpg?resize=388%2C379\" alt=\"IMG_0659\" width=\"388\" height=\"379\" class=\"alignnone size-full wp-image-7829\" srcset=\"https:\/\/i0.wp.com\/blogdalucianaoliveira.com.br\/blog\/wp-content\/uploads\/2017\/01\/IMG_0659.jpg?w=388 388w, https:\/\/i0.wp.com\/blogdalucianaoliveira.com.br\/blog\/wp-content\/uploads\/2017\/01\/IMG_0659.jpg?resize=300%2C293 300w, https:\/\/i0.wp.com\/blogdalucianaoliveira.com.br\/blog\/wp-content\/uploads\/2017\/01\/IMG_0659.jpg?resize=307%2C300 307w\" sizes=\"auto, (max-width: 388px) 100vw, 388px\" \/><\/p>\n<p>Por Jos\u00e9 Alves Pereira Filho<\/p>\n<p>Dizem ter sido \u201c&#8230;um soldado que teria se alistado no ex\u00e9rcito romano por volta de 283 d.C. com a \u00fanica inten\u00e7\u00e3o de afirmar o cora\u00e7\u00e3o dos crist\u00e3os, enfraquecido diante das torturas. <!--more--><\/p>\n<p>Era querido dos imperadores Diocleciano e Maximiano, que o queriam sempre pr\u00f3ximo, ignorando tratar-se de um crist\u00e3o e, por isso, o designaram capit\u00e3o da sua guarda pessoal, a Guarda Pretoriana. Por volta de 286, a sua conduta branda para com os prisioneiros crist\u00e3os levou o imperador a julg\u00e1-lo sumariamente como traidor, tendo ordenado a sua execu\u00e7\u00e3o por meio de flechas (que se tornaram s\u00edmbolo constante na sua iconografia). Foi dado como morto e atirado no rio, por\u00e9m, Sebasti\u00e3o n\u00e3o havia falecido. Encontrado e socorrido por Irene (Santa Irene), apresentou-se novamente diante de Diocleciano, que ordenou ent\u00e3o que ele fosse espancado at\u00e9 a morte. Seu corpo foi jogado no esgoto p\u00fablico de Roma. Luciana (Santa Luciana, cujo dia \u00e9 comemorado a 30 de Junho) resgatou seu corpo, limpou-o, e sepultou-o nas catacumbas\u201d.<\/p>\n<p>Esta data me faz lembrar de minha v\u00f3 paterna, Chiquinha, pois como devota do Santo fazia, todo dia 20 de Janeiro, em sua casa, novena.<\/p>\n<p>A devo\u00e7\u00e3o dela se justificava, por ter sido v\u00edtima de uma brutalidade de vov\u00f4, que ao chegar em casa, b\u00eabado, insinuou que ela o tra\u00eda. N\u00e3o se fazendo de rogada retrucou dizendo que ele era sim \u201ccorno, corno, tr\u00eas vezes corno, tabaqueiro dos cornos\u201d.<\/p>\n<p>Acordou nos bra\u00e7os do Dr. Otac\u00edlio Jurema, o qual conseguiu costur\u00e1-la das quatorze facadas que lhes foram deferidas na regi\u00e3o da barriga.<\/p>\n<p>N\u00f3s sa\u00edamos de casa a p\u00e9 boca da noite e ap\u00f3s a caminhada de quase 1,5 km, exaustos, \u00edamos bebera \u00e1gua fria, guardada no pote.<\/p>\n<p>Assist\u00edamos \u00e0quelas rezas e recordo que eu e os irm\u00e3os menores (Luciano, Jacinta e Marcos), ao ouvirmos as ladainhas e os cantos chorosos ( Ah n\u00f3s descei, Divina Luz!\/ Ah n\u00f3s descei, Divina Luz!\/ Em nossas almas acendei\/ O amor, o amor de Jesus!), peg\u00e1vamos no sono, s\u00f3 despertados quando ela nos servia ki-suco de groselha, com bolacha Maria.<\/p>\n<p>Encerrada a solenidade, volt\u00e1vamos para nossa casa felizes e satisfeitos.<\/p>\n<p>Como bem disse Drummond \u201cH\u00e1 duas \u00e9pocas na vida, inf\u00e2ncia e velhice, em que a felicidade est\u00e1 numa caixa de bombons\u201d.<\/p>\n<p>Acredito que meu bombom era aquele ki-suco, a bolacha, o canto triste de minha v\u00f3, cuja tristeza, sem d\u00favida, reportava-se \u00e0s facadas de que um dia fora v\u00edtima.<\/p>\n","protected":false},"excerpt":{"rendered":"<p>Por Jos\u00e9 Alves Pereira Filho Dizem ter sido \u201c&#8230;um soldado que teria se alistado no ex\u00e9rcito romano por volta de 283 d.C. com a \u00fanica inten\u00e7\u00e3o de afirmar o cora\u00e7\u00e3o dos crist\u00e3os, enfraquecido diante das torturas.<\/p>\n","protected":false},"author":1,"featured_media":0,"comment_status":"closed","ping_status":"open","sticky":false,"template":"","format":"standard","meta":{"_exactmetrics_skip_tracking":false,"_exactmetrics_sitenote_active":false,"_exactmetrics_sitenote_note":"","_exactmetrics_sitenote_category":0,"jetpack_post_was_ever_published":false,"_jetpack_newsletter_access":"","_jetpack_dont_email_post_to_subs":false,"_jetpack_newsletter_tier_id":0,"_jetpack_memberships_contains_paywalled_content":false,"_jetpack_memberships_contains_paid_content":false,"footnotes":"","jetpack_publicize_message":"","jetpack_publicize_feature_enabled":true,"jetpack_social_post_already_shared":true,"jetpack_social_options":{"image_generator_settings":{"template":"highway","enabled":false},"version":2}},"categories":[1],"tags":[],"class_list":["post-7828","post","type-post","status-publish","format-standard","hentry","category-notas"],"jetpack_publicize_connections":[],"jetpack_sharing_enabled":true,"jetpack_featured_media_url":"","jetpack_shortlink":"https:\/\/wp.me\/p7wKYW-22g","jetpack-related-posts":[],"_links":{"self":[{"href":"http:\/\/blogdalucianaoliveira.com.br\/blog\/wp-json\/wp\/v2\/posts\/7828","targetHints":{"allow":["GET"]}}],"collection":[{"href":"http:\/\/blogdalucianaoliveira.com.br\/blog\/wp-json\/wp\/v2\/posts"}],"about":[{"href":"http:\/\/blogdalucianaoliveira.com.br\/blog\/wp-json\/wp\/v2\/types\/post"}],"author":[{"embeddable":true,"href":"http:\/\/blogdalucianaoliveira.com.br\/blog\/wp-json\/wp\/v2\/users\/1"}],"replies":[{"embeddable":true,"href":"http:\/\/blogdalucianaoliveira.com.br\/blog\/wp-json\/wp\/v2\/comments?post=7828"}],"version-history":[{"count":1,"href":"http:\/\/blogdalucianaoliveira.com.br\/blog\/wp-json\/wp\/v2\/posts\/7828\/revisions"}],"predecessor-version":[{"id":7830,"href":"http:\/\/blogdalucianaoliveira.com.br\/blog\/wp-json\/wp\/v2\/posts\/7828\/revisions\/7830"}],"wp:attachment":[{"href":"http:\/\/blogdalucianaoliveira.com.br\/blog\/wp-json\/wp\/v2\/media?parent=7828"}],"wp:term":[{"taxonomy":"category","embeddable":true,"href":"http:\/\/blogdalucianaoliveira.com.br\/blog\/wp-json\/wp\/v2\/categories?post=7828"},{"taxonomy":"post_tag","embeddable":true,"href":"http:\/\/blogdalucianaoliveira.com.br\/blog\/wp-json\/wp\/v2\/tags?post=7828"}],"curies":[{"name":"wp","href":"https:\/\/api.w.org\/{rel}","templated":true}]}}