{"id":7834,"date":"2017-01-21T11:37:24","date_gmt":"2017-01-21T15:37:24","guid":{"rendered":"http:\/\/blogdalucianaoliveira.com.br\/blog\/?p=7834"},"modified":"2017-01-21T11:37:24","modified_gmt":"2017-01-21T15:37:24","slug":"tres-meses-de-mortes-e-tragedias-deram-sobrevida-ao-governo-temer","status":"publish","type":"post","link":"http:\/\/blogdalucianaoliveira.com.br\/blog\/2017\/01\/21\/tres-meses-de-mortes-e-tragedias-deram-sobrevida-ao-governo-temer\/","title":{"rendered":"Tr\u00eas meses de mortes e trag\u00e9dias deram sobrevida ao governo Temer"},"content":{"rendered":"<p><img data-recalc-dims=\"1\" loading=\"lazy\" decoding=\"async\" data-attachment-id=\"7835\" data-permalink=\"http:\/\/blogdalucianaoliveira.com.br\/blog\/2017\/01\/21\/tres-meses-de-mortes-e-tragedias-deram-sobrevida-ao-governo-temer\/img_0776\/\" data-orig-file=\"https:\/\/i0.wp.com\/blogdalucianaoliveira.com.br\/blog\/wp-content\/uploads\/2017\/01\/IMG_0776.jpg?fit=740%2C494\" data-orig-size=\"740,494\" data-comments-opened=\"0\" data-image-meta=\"{&quot;aperture&quot;:&quot;0&quot;,&quot;credit&quot;:&quot;&quot;,&quot;camera&quot;:&quot;&quot;,&quot;caption&quot;:&quot;&quot;,&quot;created_timestamp&quot;:&quot;0&quot;,&quot;copyright&quot;:&quot;&quot;,&quot;focal_length&quot;:&quot;0&quot;,&quot;iso&quot;:&quot;0&quot;,&quot;shutter_speed&quot;:&quot;0&quot;,&quot;title&quot;:&quot;&quot;,&quot;orientation&quot;:&quot;1&quot;}\" data-image-title=\"IMG_0776\" data-image-description=\"\" data-image-caption=\"\" data-medium-file=\"https:\/\/i0.wp.com\/blogdalucianaoliveira.com.br\/blog\/wp-content\/uploads\/2017\/01\/IMG_0776.jpg?fit=300%2C200\" data-large-file=\"https:\/\/i0.wp.com\/blogdalucianaoliveira.com.br\/blog\/wp-content\/uploads\/2017\/01\/IMG_0776.jpg?fit=600%2C401\" src=\"https:\/\/i0.wp.com\/blogdalucianaoliveira.com.br\/blog\/wp-content\/uploads\/2017\/01\/IMG_0776.jpg?resize=600%2C401\" alt=\"IMG_0776\" width=\"600\" height=\"401\" class=\"alignnone size-full wp-image-7835\" srcset=\"https:\/\/i0.wp.com\/blogdalucianaoliveira.com.br\/blog\/wp-content\/uploads\/2017\/01\/IMG_0776.jpg?w=740 740w, https:\/\/i0.wp.com\/blogdalucianaoliveira.com.br\/blog\/wp-content\/uploads\/2017\/01\/IMG_0776.jpg?resize=300%2C200 300w, https:\/\/i0.wp.com\/blogdalucianaoliveira.com.br\/blog\/wp-content\/uploads\/2017\/01\/IMG_0776.jpg?resize=449%2C300 449w\" sizes=\"auto, (max-width: 600px) 100vw, 600px\" \/><\/p>\n<p>Por Bajonas Teixeira, colunista do Cafezinho<\/p>\n<p>A trag\u00e9dia do time do Chapec\u00f3 em 29 de novembro, o assassinato de doze pessoas pelo psicopata de Campinas na noite no r\u00e9veillon, a carnificina que abriu o ano de 2017 nos pres\u00eddios e, por fim, a morte do ministro Teori Zavascki, s\u00e3o epis\u00f3dios f\u00fanebres que serviram \u00e0 vitalidade do governo Temer. <!--more--><\/p>\n<p>Sem eles, talvez estivesse hoje afundado no p\u00f3 do ocaso, com o pa\u00eds j\u00e1 providenciando suas ex\u00e9quias e encomendando sua alma.<\/p>\n<p>Atrav\u00e9s deles, Temer recuperou na m\u00eddia um espa\u00e7o que, se n\u00e3o \u00e9 positivo, resguarda ao menos uma tonalidade neutra, por defer\u00eancia aos protocolos usuais nas trag\u00e9dias. E, mais significativo ainda, as den\u00fancias que o envolvem e ao seu grupo de diletos amigos, passaram para segundo plano, em car\u00e1ter provis\u00f3rio.<\/p>\n<p>N\u00e3o \u00e9 casual que o governo Temer seja vitalizado pela morte. Toda a sua constitui\u00e7\u00e3o pol\u00edtica, toda a alian\u00e7a de for\u00e7as que o produziu e sustenta, e toda sua orienta\u00e7\u00e3o punitiva e policial converge em cheio para esse alvo: a morte. \u00c9 que ele nasce de uma escalada de \u00f3dio aos direitos humanos, de uma classe m\u00e9dia raivosa que sustenta o slogan \u201cBandido bom, \u00e9 bandido morto\u201d.  Essa classe m\u00e9dia, cega e surda, n\u00e3o compreende que a viol\u00eancia \u00e9 uma bola que se chuta contra a parede: ela vai e volta, e volta com mais for\u00e7a quanto mais forte for o chute.<\/p>\n<p>Basta olhar o caso dos pres\u00eddios, situa\u00e7\u00e3o limite de opress\u00e3o e viol\u00eancia para satisfazer o sadismo de uma sociedade patologicamente comprometida com a maldade. Disse hoje o ex-ministro do STF, Carlos Ayres Britto, em nada suspeito de radicalismo, em entrevista \u00e0 Folha de S\u00e3o Paulo na qual criticou o reducionismo do ministro da Justi\u00e7a, Alexandre de Moraes:<\/p>\n<p>Como a sociedade civil reduziu o grau de vigil\u00e2ncia sobre o Estado, o Estado entregue a si mesmo s\u00f3 fez piorar. Por\u00e9m, os dois juntos, o Estado por inefici\u00eancia e a sociedade por omiss\u00e3o, est\u00e3o perpetrando, em mat\u00e9ria de sistema penitenci\u00e1rio, crimes contra a humanidade.<\/p>\n<p>Quando foi que essa sociedade \u201creduziu a vigil\u00e2ncia sobre o Estado\u201d? Agora, em consequ\u00eancia do golpe. O golpe se fez como um jogo de complac\u00eancias e cumplicidade entre empres\u00e1rios, pol\u00edticos, o Judici\u00e1rio e a m\u00eddia. Esse bloco teve nas ruas, como porta vozes, os movimentos de protestos da classe m\u00e9dia, nascidos da efervesc\u00eancia da campanha eleitoral no segundo semestre de 2014. Nesse per\u00edodo, os crimes de \u00f3dio na internet aumentaram 84%.<\/p>\n<p>Parte dessa classe m\u00e9dia aplaudiu a PM e pediu mais viol\u00eancia policial, al\u00e9m de clamar por interven\u00e7\u00e3o militar. Seu representante mais genu\u00edno, o grupo Revoltados Online, n\u00e3o foi posto fora da lei pela justi\u00e7a brasileira, mas fora do ar, pelo Facebook, por sua constante incita\u00e7\u00e3o ao \u00f3dio.<\/p>\n<p>Nesse contexto, o governo Temer tem encontrado uma t\u00e1bua de salva\u00e7\u00e3o na sequ\u00eancia de trag\u00e9dias, em que janelas de oportunidades se abrem para ele na m\u00eddia. De in\u00edcio, ele temeu aproveit\u00e1-la. Como se sabe, Temer chegou a anunciar que n\u00e3o iria ao vel\u00f3rio do Chapec\u00f3, mas apenas ao Aeroporto. Mas a rea\u00e7\u00e3o p\u00fablica foi de tamanha indigna\u00e7\u00e3o que acabou voltando atr\u00e1s e confirmando a ida ao vel\u00f3rio. L\u00e1, contudo, n\u00e3o pronunciou discurso nenhum e se escondeu entre outras autoridades, como se fosse um an\u00f4nimo.<\/p>\n<p>O in\u00edcio de 2017 foi pr\u00f3digo em crimes b\u00e1rbaros, a come\u00e7ar com o feminicida serial de Campinas, que matou doze, e as decapita\u00e7\u00f5es nos pres\u00eddios. Mas, como acabamos de mostrar, sem que seja propriamente um paradoxo, essa tem sido uma fase feliz para alma sinistra do governo Temer, para o qual trouxe paz e pouco de sossego.<\/p>\n<p>Mas, c\u00e1 entre n\u00f3s, um governo que \u00e9 blindado por trag\u00e9dias e carnificinas \u00e9 a pior maldi\u00e7\u00e3o que pode se abater sobre um pa\u00eds.<\/p>\n","protected":false},"excerpt":{"rendered":"<p>Por Bajonas Teixeira, colunista do Cafezinho A trag\u00e9dia do time do Chapec\u00f3 em 29 de novembro, o assassinato de doze pessoas pelo psicopata de Campinas na noite no r\u00e9veillon, a carnificina que abriu o ano de 2017 nos pres\u00eddios e, por fim, a morte do ministro Teori Zavascki, s\u00e3o epis\u00f3dios f\u00fanebres que serviram \u00e0 vitalidade&#8230;<a class=\"more-link\" href=\"http:\/\/blogdalucianaoliveira.com.br\/blog\/2017\/01\/21\/tres-meses-de-mortes-e-tragedias-deram-sobrevida-ao-governo-temer\/\">Continue a leitura <span class=\"meta-nav\">&raquo;<\/span><\/a><\/p>\n","protected":false},"author":1,"featured_media":0,"comment_status":"closed","ping_status":"open","sticky":false,"template":"","format":"standard","meta":{"_exactmetrics_skip_tracking":false,"_exactmetrics_sitenote_active":false,"_exactmetrics_sitenote_note":"","_exactmetrics_sitenote_category":0,"jetpack_post_was_ever_published":false,"_jetpack_newsletter_access":"","_jetpack_dont_email_post_to_subs":false,"_jetpack_newsletter_tier_id":0,"_jetpack_memberships_contains_paywalled_content":false,"_jetpack_memberships_contains_paid_content":false,"footnotes":"","jetpack_publicize_message":"","jetpack_publicize_feature_enabled":true,"jetpack_social_post_already_shared":true,"jetpack_social_options":{"image_generator_settings":{"template":"highway","enabled":false},"version":2}},"categories":[1],"tags":[],"class_list":["post-7834","post","type-post","status-publish","format-standard","hentry","category-notas"],"jetpack_publicize_connections":[],"jetpack_sharing_enabled":true,"jetpack_featured_media_url":"","jetpack_shortlink":"https:\/\/wp.me\/p7wKYW-22m","jetpack-related-posts":[],"_links":{"self":[{"href":"http:\/\/blogdalucianaoliveira.com.br\/blog\/wp-json\/wp\/v2\/posts\/7834","targetHints":{"allow":["GET"]}}],"collection":[{"href":"http:\/\/blogdalucianaoliveira.com.br\/blog\/wp-json\/wp\/v2\/posts"}],"about":[{"href":"http:\/\/blogdalucianaoliveira.com.br\/blog\/wp-json\/wp\/v2\/types\/post"}],"author":[{"embeddable":true,"href":"http:\/\/blogdalucianaoliveira.com.br\/blog\/wp-json\/wp\/v2\/users\/1"}],"replies":[{"embeddable":true,"href":"http:\/\/blogdalucianaoliveira.com.br\/blog\/wp-json\/wp\/v2\/comments?post=7834"}],"version-history":[{"count":1,"href":"http:\/\/blogdalucianaoliveira.com.br\/blog\/wp-json\/wp\/v2\/posts\/7834\/revisions"}],"predecessor-version":[{"id":7836,"href":"http:\/\/blogdalucianaoliveira.com.br\/blog\/wp-json\/wp\/v2\/posts\/7834\/revisions\/7836"}],"wp:attachment":[{"href":"http:\/\/blogdalucianaoliveira.com.br\/blog\/wp-json\/wp\/v2\/media?parent=7834"}],"wp:term":[{"taxonomy":"category","embeddable":true,"href":"http:\/\/blogdalucianaoliveira.com.br\/blog\/wp-json\/wp\/v2\/categories?post=7834"},{"taxonomy":"post_tag","embeddable":true,"href":"http:\/\/blogdalucianaoliveira.com.br\/blog\/wp-json\/wp\/v2\/tags?post=7834"}],"curies":[{"name":"wp","href":"https:\/\/api.w.org\/{rel}","templated":true}]}}