{"id":7840,"date":"2017-01-23T10:51:24","date_gmt":"2017-01-23T14:51:24","guid":{"rendered":"http:\/\/blogdalucianaoliveira.com.br\/blog\/?p=7840"},"modified":"2017-01-23T11:28:13","modified_gmt":"2017-01-23T15:28:13","slug":"o-7-x-0-das-americanas","status":"publish","type":"post","link":"http:\/\/blogdalucianaoliveira.com.br\/blog\/2017\/01\/23\/o-7-x-0-das-americanas\/","title":{"rendered":"O 7 x 1 das americanas"},"content":{"rendered":"<p><img data-recalc-dims=\"1\" loading=\"lazy\" decoding=\"async\" data-attachment-id=\"7841\" data-permalink=\"http:\/\/blogdalucianaoliveira.com.br\/blog\/2017\/01\/23\/o-7-x-0-das-americanas\/mulhe\/\" data-orig-file=\"https:\/\/i0.wp.com\/blogdalucianaoliveira.com.br\/blog\/wp-content\/uploads\/2017\/01\/mulhe.jpg?fit=1960%2C1102\" data-orig-size=\"1960,1102\" data-comments-opened=\"0\" data-image-meta=\"{&quot;aperture&quot;:&quot;0&quot;,&quot;credit&quot;:&quot;&quot;,&quot;camera&quot;:&quot;&quot;,&quot;caption&quot;:&quot;&quot;,&quot;created_timestamp&quot;:&quot;0&quot;,&quot;copyright&quot;:&quot;&quot;,&quot;focal_length&quot;:&quot;0&quot;,&quot;iso&quot;:&quot;0&quot;,&quot;shutter_speed&quot;:&quot;0&quot;,&quot;title&quot;:&quot;&quot;,&quot;orientation&quot;:&quot;0&quot;}\" data-image-title=\"mulhe\" data-image-description=\"\" data-image-caption=\"&lt;p&gt;Pouco importa se havia mais ou menos manifestantes no &amp;#8216;National Mall&amp;#8217; durante a posse Trump ou na marcha das mulheres.&lt;\/p&gt;\n\" data-medium-file=\"https:\/\/i0.wp.com\/blogdalucianaoliveira.com.br\/blog\/wp-content\/uploads\/2017\/01\/mulhe.jpg?fit=300%2C169\" data-large-file=\"https:\/\/i0.wp.com\/blogdalucianaoliveira.com.br\/blog\/wp-content\/uploads\/2017\/01\/mulhe.jpg?fit=600%2C338\" src=\"https:\/\/i0.wp.com\/blogdalucianaoliveira.com.br\/blog\/wp-content\/uploads\/2017\/01\/mulhe.jpg?resize=600%2C337\" alt=\"mulhe\" width=\"600\" height=\"337\" class=\"alignnone size-full wp-image-7841\" srcset=\"https:\/\/i0.wp.com\/blogdalucianaoliveira.com.br\/blog\/wp-content\/uploads\/2017\/01\/mulhe.jpg?w=1960 1960w, https:\/\/i0.wp.com\/blogdalucianaoliveira.com.br\/blog\/wp-content\/uploads\/2017\/01\/mulhe.jpg?resize=300%2C169 300w, https:\/\/i0.wp.com\/blogdalucianaoliveira.com.br\/blog\/wp-content\/uploads\/2017\/01\/mulhe.jpg?resize=768%2C432 768w, https:\/\/i0.wp.com\/blogdalucianaoliveira.com.br\/blog\/wp-content\/uploads\/2017\/01\/mulhe.jpg?resize=1024%2C576 1024w, https:\/\/i0.wp.com\/blogdalucianaoliveira.com.br\/blog\/wp-content\/uploads\/2017\/01\/mulhe.jpg?resize=534%2C300 534w, https:\/\/i0.wp.com\/blogdalucianaoliveira.com.br\/blog\/wp-content\/uploads\/2017\/01\/mulhe.jpg?w=1200 1200w, https:\/\/i0.wp.com\/blogdalucianaoliveira.com.br\/blog\/wp-content\/uploads\/2017\/01\/mulhe.jpg?w=1800 1800w\" sizes=\"auto, (max-width: 600px) 100vw, 600px\" \/><\/p>\n<p>Fosse no Brasil o gigantesco protesto de mulheres um dia ap\u00f3s a posse de Donald Trump, seria visto pela \u2018maioria\u2019 como manifesta\u00e7\u00e3o isolada e pat\u00e9tica de uma turba feminista e noticiado em nota coberta de 30 segundos no Jornal Nacional.<!--more--><\/p>\n<p>O contraste tira o f\u00f4lego, deixa boquiaberto pela dist\u00e2ncia de mentalidade e postura entre americanas e brasileiras.<\/p>\n<p>Pouco importa se havia mais ou menos manifestantes no &#8216;National Mall&#8217; durante a posse Trump ou na marcha das mulheres.<\/p>\n<p>As americanas tomaram as ruas para dizer a Trump no primeiro dia de governo que ir\u00e3o resistir \u00e0 agenda ultraconservadora, excludente sobretudo por car\u00e1ter mis\u00f3gino e xen\u00f3fobo. <\/p>\n<p>A advogada de direitos civis e ativista Zahra Billoo mandou o recado: <\/p>\n<p>\u201cNossa Am\u00e9rica inclui a todos em nossa preciosa diversidade e exige que marchemos para nos proteger, este \u00e9 o momento de arrega\u00e7ar as mangas, ter coragem e estar preparado para trabalhar\u201d.<\/p>\n<p>Mulheres comuns e famosas se uniram a homens para deixar claro que n\u00e3o aceitar\u00e3o nenhum direito a menos como consequ\u00eancia da vis\u00e3o obscurantista do presidente eleito. <\/p>\n<p>A atriz Ashley Judd lembrou a express\u00e3o &#8220;mulher nojenta&#8221;, usada por Trump ao se referir \u00e0 candidata Hillary Clinton num rompante mis\u00f3gino. <\/p>\n<p>O oposto do que vimos aqui com Dilma Rousseff, que desde a campanha \u00e0 reelei\u00e7\u00e3o suporta generalizadamente n\u00e3o s\u00f3 as ofensas de car\u00e1ter preconceituoso e machista, mas a banaliza\u00e7\u00e3o delas.<\/p>\n<p><img data-recalc-dims=\"1\" loading=\"lazy\" decoding=\"async\" data-attachment-id=\"7850\" data-permalink=\"http:\/\/blogdalucianaoliveira.com.br\/blog\/2017\/01\/23\/o-7-x-0-das-americanas\/miso\/\" data-orig-file=\"https:\/\/i0.wp.com\/blogdalucianaoliveira.com.br\/blog\/wp-content\/uploads\/2017\/01\/miso.jpg?fit=281%2C179\" data-orig-size=\"281,179\" data-comments-opened=\"0\" data-image-meta=\"{&quot;aperture&quot;:&quot;0&quot;,&quot;credit&quot;:&quot;&quot;,&quot;camera&quot;:&quot;&quot;,&quot;caption&quot;:&quot;&quot;,&quot;created_timestamp&quot;:&quot;0&quot;,&quot;copyright&quot;:&quot;&quot;,&quot;focal_length&quot;:&quot;0&quot;,&quot;iso&quot;:&quot;0&quot;,&quot;shutter_speed&quot;:&quot;0&quot;,&quot;title&quot;:&quot;&quot;,&quot;orientation&quot;:&quot;0&quot;}\" data-image-title=\"miso\" data-image-description=\"\" data-image-caption=\"\" data-medium-file=\"https:\/\/i0.wp.com\/blogdalucianaoliveira.com.br\/blog\/wp-content\/uploads\/2017\/01\/miso.jpg?fit=281%2C179\" data-large-file=\"https:\/\/i0.wp.com\/blogdalucianaoliveira.com.br\/blog\/wp-content\/uploads\/2017\/01\/miso.jpg?fit=281%2C179\" src=\"https:\/\/i0.wp.com\/blogdalucianaoliveira.com.br\/blog\/wp-content\/uploads\/2017\/01\/miso.jpg?resize=281%2C179\" alt=\"miso\" width=\"281\" height=\"179\" class=\"alignnone size-full wp-image-7850\" \/><\/p>\n<p>Imagine como as americanas reagiriam se Hilarry fosse constantemente chamada de &#8216;feia&#8217;, \u2018anta\u2019, \u2018vagabunda\u2019, \u2018safada\u2019, \u2018bandida\u2019, como foi e ainda \u00e9, Dilma. <\/p>\n<p>A cantora Madonna usou a palavra rebeli\u00e3o para convocar resist\u00eancia \u00e0 pauta do retrocesso, o que aqui seria considerado incita\u00e7\u00e3o \u00e0 viol\u00eancia.  <\/p>\n<p>&#8220;\u00c0 rebeli\u00e3o. \u00c0 nossa recusa como mulheres em aceitar essa nova era da tirania&#8221;, convocou Madona.<\/p>\n<p><img data-recalc-dims=\"1\" loading=\"lazy\" decoding=\"async\" data-attachment-id=\"7848\" data-permalink=\"http:\/\/blogdalucianaoliveira.com.br\/blog\/2017\/01\/23\/o-7-x-0-das-americanas\/madona\/\" data-orig-file=\"https:\/\/i0.wp.com\/blogdalucianaoliveira.com.br\/blog\/wp-content\/uploads\/2017\/01\/MADONA.jpg?fit=615%2C300\" data-orig-size=\"615,300\" data-comments-opened=\"0\" data-image-meta=\"{&quot;aperture&quot;:&quot;0&quot;,&quot;credit&quot;:&quot;&quot;,&quot;camera&quot;:&quot;&quot;,&quot;caption&quot;:&quot;&quot;,&quot;created_timestamp&quot;:&quot;0&quot;,&quot;copyright&quot;:&quot;&quot;,&quot;focal_length&quot;:&quot;0&quot;,&quot;iso&quot;:&quot;0&quot;,&quot;shutter_speed&quot;:&quot;0&quot;,&quot;title&quot;:&quot;&quot;,&quot;orientation&quot;:&quot;0&quot;}\" data-image-title=\"MADONA\" data-image-description=\"\" data-image-caption=\"\" data-medium-file=\"https:\/\/i0.wp.com\/blogdalucianaoliveira.com.br\/blog\/wp-content\/uploads\/2017\/01\/MADONA.jpg?fit=300%2C146\" data-large-file=\"https:\/\/i0.wp.com\/blogdalucianaoliveira.com.br\/blog\/wp-content\/uploads\/2017\/01\/MADONA.jpg?fit=600%2C293\" src=\"https:\/\/i0.wp.com\/blogdalucianaoliveira.com.br\/blog\/wp-content\/uploads\/2017\/01\/MADONA.jpg?resize=600%2C293\" alt=\"MADONA\" width=\"600\" height=\"293\" class=\"alignnone size-full wp-image-7848\" srcset=\"https:\/\/i0.wp.com\/blogdalucianaoliveira.com.br\/blog\/wp-content\/uploads\/2017\/01\/MADONA.jpg?w=615 615w, https:\/\/i0.wp.com\/blogdalucianaoliveira.com.br\/blog\/wp-content\/uploads\/2017\/01\/MADONA.jpg?resize=300%2C146 300w\" sizes=\"auto, (max-width: 600px) 100vw, 600px\" \/><\/p>\n<p>Aqui por muito menos se prendeu arbitrariamente e tamb\u00e9m mulheres estimularam o achincalhamento virtual da estudante Ana J\u00falia, que fez um discurso memor\u00e1vel em defesa de ocupa\u00e7\u00f5es de escolas e contra a reforma do ensino m\u00e9dio.<\/p>\n<p>A marcha em Washington foi sugerida por uma advogada nas redes sociais: &#8220;E se as mulheres marchassem em massa em Washington durante a posse?&#8221;, perguntou. <\/p>\n<p>Dormiu com 40 &#8220;curtidas&#8221; e acordou com mais de 10.000.<\/p>\n<p>Enquanto isso em Rond\u00f4nia, como tantas outras, uma advogada pedia em v\u00eddeo no facebook que os militares tomem o poder.<\/p>\n<p>\u201cN\u00f3s queremos os militares agindo pra que haja ordem nesse pa\u00eds, pois n\u00f3s estamos numa desordem. Raciocine e veja o que est\u00e1 acontecendo no nosso pa\u00eds\u201d, vociferou. <\/p>\n<p>Inacreditavelmente, pela pobreza de argumentos e com erros prim\u00e1rios de portugu\u00eas, o v\u00eddeo teve cinco compartilhamentos.<\/p>\n<p>Algumas mulheres a parabenizaram nos coment\u00e1rios e pasme, uma delas aproveitou para ridicularizar a jovem massoterapeuta que morreu no acidente a\u00e9reo junto com o ministro do Supremo, Teori Zavascki.<\/p>\n<p>Outra advogada que adora tirar f\u00e9rias em Miami e que teria participado do ato em Washington se estivesse por l\u00e1, segue utilizando as redes sociais para eleger Jair Bolsonaro presidente.<\/p>\n<p>Bolsonaro que ao votar pelo impeachment homenageou o coronel Carlos Brilhante Ustra, como o \u201cpavor de Dilma Rousseff, aquele que foi o primeiro torturador na ditadura militar reconhecido pela justi\u00e7a brasileira.<\/p>\n<p>Bolsonaro, que defendeu no programa Super Pop, sal\u00e1rio menor \u00e0s mulheres.<\/p>\n<p>Bolsonaro que disse no plen\u00e1rio da C\u00e2mara \u00e0 deputada Maria do Ros\u00e1rio (PT-RS), \u201cque n\u00e3o a estupraria \u201cporque ela n\u00e3o merece\u201d.<\/p>\n<p>Ao encarar Trump arrastando multid\u00e3o tr\u00eas ou quatro vezes maior que a esperada em inequ\u00edvoca demonstra\u00e7\u00e3o de coragem e for\u00e7a, as americanas deram uma li\u00e7\u00e3o \u00e0s brasileiras. <\/p>\n<p>Sem recato, belas e nas ruas, provaram que n\u00e3o fogem \u00e0 luta.<\/p>\n<p>A mensagem a Trump \u00e9 clara: n\u00e3o provoque.<\/p>\n<p>Aqui ainda se autoriza que Bolsonaro use e abuse da estupidez sem modera\u00e7\u00e3o. <\/p>\n","protected":false},"excerpt":{"rendered":"<p>Fosse no Brasil o gigantesco protesto de mulheres um dia ap\u00f3s a posse de Donald Trump, seria visto pela \u2018maioria\u2019 como manifesta\u00e7\u00e3o isolada e pat\u00e9tica de uma turba feminista e noticiado em nota coberta de 30 segundos no Jornal Nacional.<\/p>\n","protected":false},"author":1,"featured_media":7841,"comment_status":"closed","ping_status":"open","sticky":false,"template":"","format":"standard","meta":{"_exactmetrics_skip_tracking":false,"_exactmetrics_sitenote_active":false,"_exactmetrics_sitenote_note":"","_exactmetrics_sitenote_category":0,"jetpack_post_was_ever_published":false,"_jetpack_newsletter_access":"","_jetpack_dont_email_post_to_subs":false,"_jetpack_newsletter_tier_id":0,"_jetpack_memberships_contains_paywalled_content":false,"_jetpack_memberships_contains_paid_content":false,"footnotes":"","jetpack_publicize_message":"","jetpack_publicize_feature_enabled":true,"jetpack_social_post_already_shared":true,"jetpack_social_options":{"image_generator_settings":{"template":"highway","enabled":false},"version":2}},"categories":[1],"tags":[],"class_list":["post-7840","post","type-post","status-publish","format-standard","has-post-thumbnail","hentry","category-notas"],"jetpack_publicize_connections":[],"jetpack_sharing_enabled":true,"jetpack_featured_media_url":"https:\/\/i0.wp.com\/blogdalucianaoliveira.com.br\/blog\/wp-content\/uploads\/2017\/01\/mulhe.jpg?fit=1960%2C1102","jetpack_shortlink":"https:\/\/wp.me\/p7wKYW-22s","jetpack-related-posts":[],"_links":{"self":[{"href":"http:\/\/blogdalucianaoliveira.com.br\/blog\/wp-json\/wp\/v2\/posts\/7840","targetHints":{"allow":["GET"]}}],"collection":[{"href":"http:\/\/blogdalucianaoliveira.com.br\/blog\/wp-json\/wp\/v2\/posts"}],"about":[{"href":"http:\/\/blogdalucianaoliveira.com.br\/blog\/wp-json\/wp\/v2\/types\/post"}],"author":[{"embeddable":true,"href":"http:\/\/blogdalucianaoliveira.com.br\/blog\/wp-json\/wp\/v2\/users\/1"}],"replies":[{"embeddable":true,"href":"http:\/\/blogdalucianaoliveira.com.br\/blog\/wp-json\/wp\/v2\/comments?post=7840"}],"version-history":[{"count":11,"href":"http:\/\/blogdalucianaoliveira.com.br\/blog\/wp-json\/wp\/v2\/posts\/7840\/revisions"}],"predecessor-version":[{"id":7858,"href":"http:\/\/blogdalucianaoliveira.com.br\/blog\/wp-json\/wp\/v2\/posts\/7840\/revisions\/7858"}],"wp:featuredmedia":[{"embeddable":true,"href":"http:\/\/blogdalucianaoliveira.com.br\/blog\/wp-json\/wp\/v2\/media\/7841"}],"wp:attachment":[{"href":"http:\/\/blogdalucianaoliveira.com.br\/blog\/wp-json\/wp\/v2\/media?parent=7840"}],"wp:term":[{"taxonomy":"category","embeddable":true,"href":"http:\/\/blogdalucianaoliveira.com.br\/blog\/wp-json\/wp\/v2\/categories?post=7840"},{"taxonomy":"post_tag","embeddable":true,"href":"http:\/\/blogdalucianaoliveira.com.br\/blog\/wp-json\/wp\/v2\/tags?post=7840"}],"curies":[{"name":"wp","href":"https:\/\/api.w.org\/{rel}","templated":true}]}}