{"id":787,"date":"2016-05-13T16:44:12","date_gmt":"2016-05-13T20:44:12","guid":{"rendered":"http:\/\/blogdalucianaoliveira.com.br\/blog\/?p=787"},"modified":"2016-05-13T16:44:12","modified_gmt":"2016-05-13T20:44:12","slug":"nota-publica-crise-politica-coloca-em-risco-agenda-de-direitos-humanos","status":"publish","type":"post","link":"http:\/\/blogdalucianaoliveira.com.br\/blog\/2016\/05\/13\/nota-publica-crise-politica-coloca-em-risco-agenda-de-direitos-humanos\/","title":{"rendered":"NOTA P\u00daBLICA: Crise pol\u00edtica coloca em risco agenda de direitos humanos"},"content":{"rendered":"<p><img data-recalc-dims=\"1\" loading=\"lazy\" decoding=\"async\" data-attachment-id=\"788\" data-permalink=\"http:\/\/blogdalucianaoliveira.com.br\/blog\/2016\/05\/13\/nota-publica-crise-politica-coloca-em-risco-agenda-de-direitos-humanos\/image-164\/\" data-orig-file=\"https:\/\/i0.wp.com\/blogdalucianaoliveira.com.br\/blog\/wp-content\/uploads\/2016\/05\/image-140.jpeg?fit=800%2C800\" data-orig-size=\"800,800\" data-comments-opened=\"0\" data-image-meta=\"{&quot;aperture&quot;:&quot;0&quot;,&quot;credit&quot;:&quot;&quot;,&quot;camera&quot;:&quot;&quot;,&quot;caption&quot;:&quot;&quot;,&quot;created_timestamp&quot;:&quot;0&quot;,&quot;copyright&quot;:&quot;&quot;,&quot;focal_length&quot;:&quot;0&quot;,&quot;iso&quot;:&quot;0&quot;,&quot;shutter_speed&quot;:&quot;0&quot;,&quot;title&quot;:&quot;&quot;,&quot;orientation&quot;:&quot;1&quot;}\" data-image-title=\"image\" data-image-description=\"\" data-image-caption=\"\" data-medium-file=\"https:\/\/i0.wp.com\/blogdalucianaoliveira.com.br\/blog\/wp-content\/uploads\/2016\/05\/image-140.jpeg?fit=300%2C300\" data-large-file=\"https:\/\/i0.wp.com\/blogdalucianaoliveira.com.br\/blog\/wp-content\/uploads\/2016\/05\/image-140.jpeg?fit=600%2C600\" src=\"https:\/\/i0.wp.com\/blogdalucianaoliveira.com.br\/blog\/wp-content\/uploads\/2016\/05\/image-140.jpeg?resize=600%2C600\" alt=\"image\" width=\"600\" height=\"600\" class=\"alignnone size-full wp-image-788\" srcset=\"https:\/\/i0.wp.com\/blogdalucianaoliveira.com.br\/blog\/wp-content\/uploads\/2016\/05\/image-140.jpeg?w=800 800w, https:\/\/i0.wp.com\/blogdalucianaoliveira.com.br\/blog\/wp-content\/uploads\/2016\/05\/image-140.jpeg?resize=150%2C150 150w, https:\/\/i0.wp.com\/blogdalucianaoliveira.com.br\/blog\/wp-content\/uploads\/2016\/05\/image-140.jpeg?resize=300%2C300 300w\" sizes=\"auto, (max-width: 600px) 100vw, 600px\" \/><\/p>\n<p>Diante dos fatos de dom\u00ednio p\u00fablico ocorridos no Brasil onde se instalou um processo de impeachment que levou ao afastamento tempor\u00e1rio da Presidente Dilma Rousseff pelo Senado e posse do Vice Presidente Michel Temer, a Anistia Internacional urge \u00e0s autoridades brasileiras a reafirmarem seu compromisso com os direitos humanos consagrados na Constitui\u00e7\u00e3o de 1988 e a cumprirem plenamente com suas obriga\u00e7\u00f5es internacionais adquiridas em virtude dos tratados de direitos humanos dos quais o Brasil faz parte.<!--more--><\/p>\n<p>A Anistia Internacional j\u00e1 vinha expressando sua preocupa\u00e7\u00e3o com os riscos de graves retrocessos na agenda de direitos humanos presentes particularmente na agenda legislativa, em especial aqueles que afetam mais diretamente os grupos historicamente marginalizados, incluindo as mulheres, afrodescendentes, povos ind\u00edgenas e comunidade tradicionais. A Anistia Internacional alertou sobre os riscos para os direitos humanos contidos nas propostas de revoga\u00e7\u00e3o do Estatuto do Desarmamento, o Estatuto da Fam\u00edlia, a proposta de novo C\u00f3digo de Minera\u00e7\u00e3o, a PEC 215 e do desmonte do licenciamento ambiental. Alertou sobre os riscos da lei Anti-Terrorismo, aprovada em mar\u00e7o de 2016, por conter linguagem sumamente vaga que pode ser aplicada para a criminaliza\u00e7\u00e3o dos movimentos sociais e protestos pac\u00edficos.<\/p>\n<p>A falta de diversidade na composi\u00e7\u00e3o do minist\u00e9rio, que n\u00e3o tem nenhuma integrante mulher ou afrodescendente, e a extin\u00e7\u00e3o do Minist\u00e9rio das Mulheres, da Igualdade Racial e Direitos Humanos, anunciada pelo governo do Vice Presidente, s\u00e3o mais um ind\u00edcio dos riscos de fragiliza\u00e7\u00e3o do marco institucional respons\u00e1vel pela garantia dos direitos humanos.<\/p>\n<p>Diante destes riscos, a Anistia Internacional vem reafirmar a sua disposi\u00e7\u00e3o e compromisso de continuar defendendo a promo\u00e7\u00e3o e a garantia dos direitos humanos consagrados internacionalmente e na Constitui\u00e7\u00e3o Brasileira.<\/p>\n<p>http:\/\/bit.ly\/1ZNnjKr<\/p>\n<p>#ALutaPorDireitosContinua<\/p>\n","protected":false},"excerpt":{"rendered":"<p>Diante dos fatos de dom\u00ednio p\u00fablico ocorridos no Brasil onde se instalou um processo de impeachment que levou ao afastamento tempor\u00e1rio da Presidente Dilma Rousseff pelo Senado e posse do Vice Presidente Michel Temer, a Anistia Internacional urge \u00e0s autoridades brasileiras a reafirmarem seu compromisso com os direitos humanos consagrados na Constitui\u00e7\u00e3o de 1988 e&#8230;<a class=\"more-link\" href=\"http:\/\/blogdalucianaoliveira.com.br\/blog\/2016\/05\/13\/nota-publica-crise-politica-coloca-em-risco-agenda-de-direitos-humanos\/\">Continue a leitura <span class=\"meta-nav\">&raquo;<\/span><\/a><\/p>\n","protected":false},"author":1,"featured_media":0,"comment_status":"closed","ping_status":"open","sticky":false,"template":"","format":"standard","meta":{"_exactmetrics_skip_tracking":false,"_exactmetrics_sitenote_active":false,"_exactmetrics_sitenote_note":"","_exactmetrics_sitenote_category":0,"jetpack_post_was_ever_published":false,"_jetpack_newsletter_access":"","_jetpack_dont_email_post_to_subs":false,"_jetpack_newsletter_tier_id":0,"_jetpack_memberships_contains_paywalled_content":false,"_jetpack_memberships_contains_paid_content":false,"footnotes":"","jetpack_publicize_message":"","jetpack_publicize_feature_enabled":true,"jetpack_social_post_already_shared":true,"jetpack_social_options":{"image_generator_settings":{"template":"highway","enabled":false},"version":2}},"categories":[1],"tags":[],"class_list":["post-787","post","type-post","status-publish","format-standard","hentry","category-notas"],"jetpack_publicize_connections":[],"jetpack_sharing_enabled":true,"jetpack_featured_media_url":"","jetpack_shortlink":"https:\/\/wp.me\/p7wKYW-cH","jetpack-related-posts":[],"_links":{"self":[{"href":"http:\/\/blogdalucianaoliveira.com.br\/blog\/wp-json\/wp\/v2\/posts\/787","targetHints":{"allow":["GET"]}}],"collection":[{"href":"http:\/\/blogdalucianaoliveira.com.br\/blog\/wp-json\/wp\/v2\/posts"}],"about":[{"href":"http:\/\/blogdalucianaoliveira.com.br\/blog\/wp-json\/wp\/v2\/types\/post"}],"author":[{"embeddable":true,"href":"http:\/\/blogdalucianaoliveira.com.br\/blog\/wp-json\/wp\/v2\/users\/1"}],"replies":[{"embeddable":true,"href":"http:\/\/blogdalucianaoliveira.com.br\/blog\/wp-json\/wp\/v2\/comments?post=787"}],"version-history":[{"count":1,"href":"http:\/\/blogdalucianaoliveira.com.br\/blog\/wp-json\/wp\/v2\/posts\/787\/revisions"}],"predecessor-version":[{"id":789,"href":"http:\/\/blogdalucianaoliveira.com.br\/blog\/wp-json\/wp\/v2\/posts\/787\/revisions\/789"}],"wp:attachment":[{"href":"http:\/\/blogdalucianaoliveira.com.br\/blog\/wp-json\/wp\/v2\/media?parent=787"}],"wp:term":[{"taxonomy":"category","embeddable":true,"href":"http:\/\/blogdalucianaoliveira.com.br\/blog\/wp-json\/wp\/v2\/categories?post=787"},{"taxonomy":"post_tag","embeddable":true,"href":"http:\/\/blogdalucianaoliveira.com.br\/blog\/wp-json\/wp\/v2\/tags?post=787"}],"curies":[{"name":"wp","href":"https:\/\/api.w.org\/{rel}","templated":true}]}}