{"id":7874,"date":"2017-01-23T17:22:42","date_gmt":"2017-01-23T21:22:42","guid":{"rendered":"http:\/\/blogdalucianaoliveira.com.br\/blog\/?p=7874"},"modified":"2017-01-23T17:22:42","modified_gmt":"2017-01-23T21:22:42","slug":"desculpe-me-o-leitor-pudico","status":"publish","type":"post","link":"http:\/\/blogdalucianaoliveira.com.br\/blog\/2017\/01\/23\/desculpe-me-o-leitor-pudico\/","title":{"rendered":"Desculpe-me o leitor pudico"},"content":{"rendered":"<p><img data-recalc-dims=\"1\" loading=\"lazy\" decoding=\"async\" data-attachment-id=\"7875\" data-permalink=\"http:\/\/blogdalucianaoliveira.com.br\/blog\/2017\/01\/23\/desculpe-me-o-leitor-pudico\/img_0913\/\" data-orig-file=\"https:\/\/i0.wp.com\/blogdalucianaoliveira.com.br\/blog\/wp-content\/uploads\/2017\/01\/IMG_0913.jpg?fit=500%2C246\" data-orig-size=\"500,246\" data-comments-opened=\"0\" data-image-meta=\"{&quot;aperture&quot;:&quot;0&quot;,&quot;credit&quot;:&quot;&quot;,&quot;camera&quot;:&quot;&quot;,&quot;caption&quot;:&quot;&quot;,&quot;created_timestamp&quot;:&quot;0&quot;,&quot;copyright&quot;:&quot;&quot;,&quot;focal_length&quot;:&quot;0&quot;,&quot;iso&quot;:&quot;0&quot;,&quot;shutter_speed&quot;:&quot;0&quot;,&quot;title&quot;:&quot;&quot;,&quot;orientation&quot;:&quot;0&quot;}\" data-image-title=\"IMG_0913\" data-image-description=\"\" data-image-caption=\"\" data-medium-file=\"https:\/\/i0.wp.com\/blogdalucianaoliveira.com.br\/blog\/wp-content\/uploads\/2017\/01\/IMG_0913.jpg?fit=300%2C148\" data-large-file=\"https:\/\/i0.wp.com\/blogdalucianaoliveira.com.br\/blog\/wp-content\/uploads\/2017\/01\/IMG_0913.jpg?fit=500%2C246\" src=\"https:\/\/i0.wp.com\/blogdalucianaoliveira.com.br\/blog\/wp-content\/uploads\/2017\/01\/IMG_0913.jpg?resize=500%2C246\" alt=\"IMG_0913\" width=\"500\" height=\"246\" class=\"alignnone size-full wp-image-7875\" srcset=\"https:\/\/i0.wp.com\/blogdalucianaoliveira.com.br\/blog\/wp-content\/uploads\/2017\/01\/IMG_0913.jpg?w=500 500w, https:\/\/i0.wp.com\/blogdalucianaoliveira.com.br\/blog\/wp-content\/uploads\/2017\/01\/IMG_0913.jpg?resize=300%2C148 300w\" sizes=\"auto, (max-width: 500px) 100vw, 500px\" \/><\/p>\n<p>Por Greg\u00f3rio Duvivier<\/p>\n<p>Pe\u00e7o desculpas ao leitor pudico, mas tem horas em que apenas uma palavra chula pode dar conta do espanto. Caralho.<!--more--><\/p>\n<p>&#8220;Por que n\u00e3o cacete?&#8221;, dir\u00e1 o leitor pudico. Um cacete, leitor pudico, neste caso n\u00e3o basta. Tampouco porra faria efeito. Claro que porra tem o seu valor. Mas esta semana, especificamente esta semana, pedia um caralho. &#8220;E por que n\u00e3o &#8216;buceta&#8217;?&#8221;, sugerir\u00e3o, quem sabe. &#8220;At\u00e9 as exclama\u00e7\u00f5es precisam ser faloc\u00eantricas?&#8221; Mas caralho, explico, tem pouco tem a ver com o falo em si. Diria, inclusive, que o caralho \u00e9 o oposto do p\u00eanis.<\/p>\n<p>Enquanto p\u00eanis \u00e9 o pau quando observado na condi\u00e7\u00e3o de \u00f3rg\u00e3o sexual, o caralho \u00e9 o pau em sua condi\u00e7\u00e3o exclamativa ou evocativa. Assim como a l\u00edngua inglesa diferencia o porco vivo (&#8220;pig&#8221;) do porco no prato (&#8220;pork&#8221;), a l\u00edngua portuguesa difere o pau imanente do pau transcendente. N\u00e3o se diz, em portugu\u00eas, &#8220;como \u00e9 bonito o seu caralho&#8221; ou &#8220;sinto dores no caralho&#8221;. O caralho nunca \u00e9 o seu, tampouco \u00e9 o dos outros.<\/p>\n<p>A express\u00e3o &#8220;ai, meu caralho!&#8221; difere da express\u00e3o &#8220;ai, meu pau&#8221; porque pode, inclusive, ser dita por uma mulher, assim como &#8220;ai, meu saco&#8221; (enquanto o pau \u00e9 sempre literal e o caralho \u00e9 sempre metaf\u00f3rico, o saco pode ser ao mesmo tempo literal e metaf\u00f3rico). Por isso, quando algu\u00e9m se referir \u00e0 casa do caralho, n\u00e3o estar\u00e1 falando das cuecas, tampouco estar\u00e1 falando de quaisquer \u00f3rg\u00e3os sexuais em que ele possa se encaixar. Da mesma maneira, quando diz-se que uma cerveja \u00e9 &#8220;boa pra caralho&#8221; n\u00e3o se est\u00e1 dizendo que a aplica\u00e7\u00e3o da cerveja na regi\u00e3o peniana trar\u00e1 benef\u00edcios \u00e0 sa\u00fade do mesmo.<\/p>\n<p>Antes que os fil\u00f3logos me ataquem: n\u00e3o estou dizendo que o caralho n\u00e3o tem forma. Tem, sim. Por isso, pode-se comentar que tal cabe\u00e7a tem &#8220;formato de caralho&#8221;, ou perguntar, como Noronha em &#8220;Sete Gatinhos&#8221;, &#8220;quem foi que desenhou caralhinhos voadores na parede do banheiro?&#8221; (RODRIGUES, Nelson; 1958). O que disse foi que o caralho \u00e9 plat\u00f4nico: pertence ao campo das ideias.<\/p>\n<p>Pe\u00e7o, ent\u00e3o, licen\u00e7a-caralho para usar a express\u00e3o plat\u00f4nica \u00e0 vontade, porque no momento presente eu t\u00f4 cheio de d\u00favidas. Ou melhor, tenho d\u00favidas pra caralho.<\/p>\n<p>Por que caralhos foi cair logo o avi\u00e3o do relator da Lava Jato? Que caralhos ele estava fazendo l\u00e1 dentro daquele caralho? E por que \u00e9 que foi cair logo l\u00e1 na casa do caralho? E o pior: \u00e9 verdade que est\u00e3o pensando em p\u00f4r no seu lugar o ministro que tem a cabe\u00e7a em formato de caralho? Isso vai dar uma merda do caralho.<\/p>\n","protected":false},"excerpt":{"rendered":"<p>Por Greg\u00f3rio Duvivier Pe\u00e7o desculpas ao leitor pudico, mas tem horas em que apenas uma palavra chula pode dar conta do espanto. Caralho.<\/p>\n","protected":false},"author":1,"featured_media":0,"comment_status":"closed","ping_status":"open","sticky":false,"template":"","format":"standard","meta":{"_exactmetrics_skip_tracking":false,"_exactmetrics_sitenote_active":false,"_exactmetrics_sitenote_note":"","_exactmetrics_sitenote_category":0,"jetpack_post_was_ever_published":false,"_jetpack_newsletter_access":"","_jetpack_dont_email_post_to_subs":false,"_jetpack_newsletter_tier_id":0,"_jetpack_memberships_contains_paywalled_content":false,"_jetpack_memberships_contains_paid_content":false,"footnotes":"","jetpack_publicize_message":"","jetpack_publicize_feature_enabled":true,"jetpack_social_post_already_shared":true,"jetpack_social_options":{"image_generator_settings":{"template":"highway","enabled":false},"version":2}},"categories":[1],"tags":[],"class_list":["post-7874","post","type-post","status-publish","format-standard","hentry","category-notas"],"jetpack_publicize_connections":[],"jetpack_sharing_enabled":true,"jetpack_featured_media_url":"","jetpack_shortlink":"https:\/\/wp.me\/p7wKYW-230","jetpack-related-posts":[],"_links":{"self":[{"href":"http:\/\/blogdalucianaoliveira.com.br\/blog\/wp-json\/wp\/v2\/posts\/7874","targetHints":{"allow":["GET"]}}],"collection":[{"href":"http:\/\/blogdalucianaoliveira.com.br\/blog\/wp-json\/wp\/v2\/posts"}],"about":[{"href":"http:\/\/blogdalucianaoliveira.com.br\/blog\/wp-json\/wp\/v2\/types\/post"}],"author":[{"embeddable":true,"href":"http:\/\/blogdalucianaoliveira.com.br\/blog\/wp-json\/wp\/v2\/users\/1"}],"replies":[{"embeddable":true,"href":"http:\/\/blogdalucianaoliveira.com.br\/blog\/wp-json\/wp\/v2\/comments?post=7874"}],"version-history":[{"count":1,"href":"http:\/\/blogdalucianaoliveira.com.br\/blog\/wp-json\/wp\/v2\/posts\/7874\/revisions"}],"predecessor-version":[{"id":7876,"href":"http:\/\/blogdalucianaoliveira.com.br\/blog\/wp-json\/wp\/v2\/posts\/7874\/revisions\/7876"}],"wp:attachment":[{"href":"http:\/\/blogdalucianaoliveira.com.br\/blog\/wp-json\/wp\/v2\/media?parent=7874"}],"wp:term":[{"taxonomy":"category","embeddable":true,"href":"http:\/\/blogdalucianaoliveira.com.br\/blog\/wp-json\/wp\/v2\/categories?post=7874"},{"taxonomy":"post_tag","embeddable":true,"href":"http:\/\/blogdalucianaoliveira.com.br\/blog\/wp-json\/wp\/v2\/tags?post=7874"}],"curies":[{"name":"wp","href":"https:\/\/api.w.org\/{rel}","templated":true}]}}