{"id":7883,"date":"2017-01-24T11:49:24","date_gmt":"2017-01-24T15:49:24","guid":{"rendered":"http:\/\/blogdalucianaoliveira.com.br\/blog\/?p=7883"},"modified":"2017-01-24T11:50:23","modified_gmt":"2017-01-24T15:50:23","slug":"aniversario-da-minha-cidade-que-tudo-de-bom-aproveito","status":"publish","type":"post","link":"http:\/\/blogdalucianaoliveira.com.br\/blog\/2017\/01\/24\/aniversario-da-minha-cidade-que-tudo-de-bom-aproveito\/","title":{"rendered":"Anivers\u00e1rio da minha cidade, que tudo de bom aproveito"},"content":{"rendered":"<p><img data-recalc-dims=\"1\" loading=\"lazy\" decoding=\"async\" data-attachment-id=\"7884\" data-permalink=\"http:\/\/blogdalucianaoliveira.com.br\/blog\/2017\/01\/24\/aniversario-da-minha-cidade-que-tudo-de-bom-aproveito\/lu-2\/\" data-orig-file=\"https:\/\/i0.wp.com\/blogdalucianaoliveira.com.br\/blog\/wp-content\/uploads\/2017\/01\/lu.jpg?fit=743%2C744\" data-orig-size=\"743,744\" data-comments-opened=\"0\" data-image-meta=\"{&quot;aperture&quot;:&quot;0&quot;,&quot;credit&quot;:&quot;&quot;,&quot;camera&quot;:&quot;&quot;,&quot;caption&quot;:&quot;&quot;,&quot;created_timestamp&quot;:&quot;0&quot;,&quot;copyright&quot;:&quot;&quot;,&quot;focal_length&quot;:&quot;0&quot;,&quot;iso&quot;:&quot;0&quot;,&quot;shutter_speed&quot;:&quot;0&quot;,&quot;title&quot;:&quot;&quot;,&quot;orientation&quot;:&quot;0&quot;}\" data-image-title=\"lu\" data-image-description=\"\" data-image-caption=\"\" data-medium-file=\"https:\/\/i0.wp.com\/blogdalucianaoliveira.com.br\/blog\/wp-content\/uploads\/2017\/01\/lu.jpg?fit=300%2C300\" data-large-file=\"https:\/\/i0.wp.com\/blogdalucianaoliveira.com.br\/blog\/wp-content\/uploads\/2017\/01\/lu.jpg?fit=600%2C601\" src=\"https:\/\/i0.wp.com\/blogdalucianaoliveira.com.br\/blog\/wp-content\/uploads\/2017\/01\/lu.jpg?resize=600%2C601\" alt=\"lu\" width=\"600\" height=\"601\" class=\"alignnone size-full wp-image-7884\" srcset=\"https:\/\/i0.wp.com\/blogdalucianaoliveira.com.br\/blog\/wp-content\/uploads\/2017\/01\/lu.jpg?w=743 743w, https:\/\/i0.wp.com\/blogdalucianaoliveira.com.br\/blog\/wp-content\/uploads\/2017\/01\/lu.jpg?resize=150%2C150 150w, https:\/\/i0.wp.com\/blogdalucianaoliveira.com.br\/blog\/wp-content\/uploads\/2017\/01\/lu.jpg?resize=300%2C300 300w\" sizes=\"auto, (max-width: 600px) 100vw, 600px\" \/><\/p>\n<p>Se eu pensar a cidade como os pr\u00e9dios, ruas e pra\u00e7as, n\u00e3o verei tantos motivos pra comemorar efusivamente o passar de anos e governos.<br \/>\nVeria Porto Velho como uma mulher submetida a v\u00e1rias cirurgias pl\u00e1sticas mal sucedidas.<!--more--><\/p>\n<p>Um s\u00e9culo de um processo de gentrifica\u00e7\u00e3o, a substitui\u00e7\u00e3o de paisagens com forte carcateristica popular por meio da revitaliza\u00e7\u00e3o dos espa\u00e7os urbanos. As \u00e1reas mais pobres, de car\u00e1ter popular por constru\u00e7\u00f5es t\u00edpicas, d\u00e3o lugar a \u00e1reas nobres. <\/p>\n<p>O espa\u00e7o geogr\u00e1fico urbano se transforma, sem considerar o que n\u00e3o deveria ser mudado, mas revitalizado.<\/p>\n<p>Que tal o tri\u00e2ngulo?<br \/>\nO Cai n\u00b4\u00c1gua?<br \/>\nO Mocambo.<\/p>\n<p>Entra e sai governo e Porto Velho vai perdendo um pouco da sua identidade. Ontem pintaram tudo de vermelho e hoje, de azul e amarelo.<\/p>\n<p>A cidade \u00e9 cada vez mais outra.<\/p>\n<p>Mas, tua menina com todas as rachaduras do tempo e desilus\u00f5es, est\u00e1 aqui.<\/p>\n<p>Por isso festejo o que de melhor se aproveita na cidade, os saberes, muita coisa boa do modo de viver e criar, as tradi\u00e7\u00f5es culturais que resistem sem apoio e com persegui\u00e7\u00e3o burocr\u00e1tica, o patrim\u00f4nio hist\u00f3rico que se sumir completamente, e espero que isso n\u00e3o aconte\u00e7a, seguir\u00e1 contando a hist\u00f3ria a quem chega.<\/p>\n","protected":false},"excerpt":{"rendered":"<p>Se eu pensar a cidade como os pr\u00e9dios, ruas e pra\u00e7as, n\u00e3o verei tantos motivos pra comemorar efusivamente o passar de anos e governos. Veria Porto Velho como uma mulher submetida a v\u00e1rias cirurgias pl\u00e1sticas mal sucedidas.<\/p>\n","protected":false},"author":1,"featured_media":0,"comment_status":"closed","ping_status":"open","sticky":false,"template":"","format":"standard","meta":{"_exactmetrics_skip_tracking":false,"_exactmetrics_sitenote_active":false,"_exactmetrics_sitenote_note":"","_exactmetrics_sitenote_category":0,"jetpack_post_was_ever_published":false,"_jetpack_newsletter_access":"","_jetpack_dont_email_post_to_subs":false,"_jetpack_newsletter_tier_id":0,"_jetpack_memberships_contains_paywalled_content":false,"_jetpack_memberships_contains_paid_content":false,"footnotes":"","jetpack_publicize_message":"","jetpack_publicize_feature_enabled":true,"jetpack_social_post_already_shared":true,"jetpack_social_options":{"image_generator_settings":{"template":"highway","enabled":false},"version":2}},"categories":[1],"tags":[],"class_list":["post-7883","post","type-post","status-publish","format-standard","hentry","category-notas"],"jetpack_publicize_connections":[],"jetpack_sharing_enabled":true,"jetpack_featured_media_url":"","jetpack_shortlink":"https:\/\/wp.me\/p7wKYW-239","jetpack-related-posts":[],"_links":{"self":[{"href":"http:\/\/blogdalucianaoliveira.com.br\/blog\/wp-json\/wp\/v2\/posts\/7883","targetHints":{"allow":["GET"]}}],"collection":[{"href":"http:\/\/blogdalucianaoliveira.com.br\/blog\/wp-json\/wp\/v2\/posts"}],"about":[{"href":"http:\/\/blogdalucianaoliveira.com.br\/blog\/wp-json\/wp\/v2\/types\/post"}],"author":[{"embeddable":true,"href":"http:\/\/blogdalucianaoliveira.com.br\/blog\/wp-json\/wp\/v2\/users\/1"}],"replies":[{"embeddable":true,"href":"http:\/\/blogdalucianaoliveira.com.br\/blog\/wp-json\/wp\/v2\/comments?post=7883"}],"version-history":[{"count":2,"href":"http:\/\/blogdalucianaoliveira.com.br\/blog\/wp-json\/wp\/v2\/posts\/7883\/revisions"}],"predecessor-version":[{"id":7886,"href":"http:\/\/blogdalucianaoliveira.com.br\/blog\/wp-json\/wp\/v2\/posts\/7883\/revisions\/7886"}],"wp:attachment":[{"href":"http:\/\/blogdalucianaoliveira.com.br\/blog\/wp-json\/wp\/v2\/media?parent=7883"}],"wp:term":[{"taxonomy":"category","embeddable":true,"href":"http:\/\/blogdalucianaoliveira.com.br\/blog\/wp-json\/wp\/v2\/categories?post=7883"},{"taxonomy":"post_tag","embeddable":true,"href":"http:\/\/blogdalucianaoliveira.com.br\/blog\/wp-json\/wp\/v2\/tags?post=7883"}],"curies":[{"name":"wp","href":"https:\/\/api.w.org\/{rel}","templated":true}]}}