{"id":7891,"date":"2017-01-25T11:49:31","date_gmt":"2017-01-25T15:49:31","guid":{"rendered":"http:\/\/blogdalucianaoliveira.com.br\/blog\/?p=7891"},"modified":"2017-01-25T11:56:44","modified_gmt":"2017-01-25T15:56:44","slug":"prefeitura-vai-rasgar-paginas-de-livros-do-mec-que-tratem-de-homossexualidade","status":"publish","type":"post","link":"http:\/\/blogdalucianaoliveira.com.br\/blog\/2017\/01\/25\/prefeitura-vai-rasgar-paginas-de-livros-do-mec-que-tratem-de-homossexualidade\/","title":{"rendered":"Prefeitura vai rasgar p\u00e1ginas de livros do MEC por press\u00e3o de fan\u00e1ticos religiosos"},"content":{"rendered":"<p><img data-recalc-dims=\"1\" loading=\"lazy\" decoding=\"async\" data-attachment-id=\"7899\" data-permalink=\"http:\/\/blogdalucianaoliveira.com.br\/blog\/2017\/01\/25\/prefeitura-vai-rasgar-paginas-de-livros-do-mec-que-tratem-de-homossexualidade\/img_0947\/\" data-orig-file=\"https:\/\/i0.wp.com\/blogdalucianaoliveira.com.br\/blog\/wp-content\/uploads\/2017\/01\/IMG_0947.jpg?fit=620%2C465\" data-orig-size=\"620,465\" data-comments-opened=\"0\" data-image-meta=\"{&quot;aperture&quot;:&quot;0&quot;,&quot;credit&quot;:&quot;&quot;,&quot;camera&quot;:&quot;&quot;,&quot;caption&quot;:&quot;&quot;,&quot;created_timestamp&quot;:&quot;0&quot;,&quot;copyright&quot;:&quot;&quot;,&quot;focal_length&quot;:&quot;0&quot;,&quot;iso&quot;:&quot;0&quot;,&quot;shutter_speed&quot;:&quot;0&quot;,&quot;title&quot;:&quot;&quot;,&quot;orientation&quot;:&quot;1&quot;}\" data-image-title=\"IMG_0947\" data-image-description=\"\" data-image-caption=\"\" data-medium-file=\"https:\/\/i0.wp.com\/blogdalucianaoliveira.com.br\/blog\/wp-content\/uploads\/2017\/01\/IMG_0947.jpg?fit=300%2C225\" data-large-file=\"https:\/\/i0.wp.com\/blogdalucianaoliveira.com.br\/blog\/wp-content\/uploads\/2017\/01\/IMG_0947.jpg?fit=600%2C450\" src=\"https:\/\/i0.wp.com\/blogdalucianaoliveira.com.br\/blog\/wp-content\/uploads\/2017\/01\/IMG_0947.jpg?resize=600%2C450\" alt=\"IMG_0947\" width=\"600\" height=\"450\" class=\"alignnone size-full wp-image-7899\" srcset=\"https:\/\/i0.wp.com\/blogdalucianaoliveira.com.br\/blog\/wp-content\/uploads\/2017\/01\/IMG_0947.jpg?w=620 620w, https:\/\/i0.wp.com\/blogdalucianaoliveira.com.br\/blog\/wp-content\/uploads\/2017\/01\/IMG_0947.jpg?resize=300%2C225 300w, https:\/\/i0.wp.com\/blogdalucianaoliveira.com.br\/blog\/wp-content\/uploads\/2017\/01\/IMG_0947.jpg?resize=400%2C300 400w\" sizes=\"auto, (max-width: 600px) 100vw, 600px\" \/><\/p>\n<p>Aconteceu em Ariquemes, munic\u00edpio distante pouco mais de 200 quil\u00f4metros da capital de Rond\u00f4nia. <!--more--><\/p>\n<p>O prefeito e os vereadores decidiram se comportar como os fan\u00e1ticos liderados por Girolamo Savonarola o frade dominicano de era renascentista, que sob o pretexto de proteger a moral e o bons costumes da fam\u00edlia tradicional, destru\u00edam livros com qualquer conte\u00fado n\u00e3o aprovado pelos censores.<\/p>\n<p>Entre Girolamo e o prefeito Thiago Flores (PMDB) se passaram mais de 500 anos.<\/p>\n<p>Indiferentes ao avan\u00e7o ocorrido na maioria das sociedades, o prefeito decidiu junto \u00e0 C\u00e2mara de Vereadores que todas as p\u00e1ginas de livros did\u00e1ticos produzidos pelo Minist\u00e9rio da Educa\u00e7\u00e3o (MEC), que tratem da diversidade sexual, casamento homossexual ou uso de preservativos devem ser rasgadas. <\/p>\n<div class=\"fb-post\" data-href=\"https:\/\/www.facebook.com\/permalink.php?story_fbid=642842809235871&#038;id=100005304736364\" data-width=\"552\"><\/div>\n<p>Eles criaram at\u00e9 uma comiss\u00e3o para fiscalizar os livros e promover a destrui\u00e7\u00e3o das p\u00e1ginas. <\/p>\n<p>Um dos vereadores que pediram ao prefeito o recolhimento dos livros, o tucano Amalec da Costa, quem colocou lenha na nova Fogueira das Vaidades, declarou que &#8221; estes assuntos devem ser abordados pelos pais e n\u00e3o nas salas de aulas, principalmente, por lidar com crian\u00e7as&#8221;.<\/p>\n<p>Desde agosto de 2016 que os alunos de Ariquemes estudam sem livros e com o in\u00edcio do ano letivo, j\u00e1 que a prefeitura n\u00e3o tem poder de produzir o material did\u00e1tico, resolveu suprimir o que acha inconveniente.<\/p>\n<p>Para o MEC, \u201cA discuss\u00e3o sobre a inclus\u00e3o da tem\u00e1tica da sexualidade no curr\u00edculo das escolas de primeiro e segundo graus tem se intensificado a partir da d\u00e9cada de 70, por ser considerada importante na forma\u00e7\u00e3o global do indiv\u00edduo. Com diferentes enfoques e \u00eanfases h\u00e1 registros de discuss\u00f5es e de trabalhos em escolas desde a d\u00e9cada de 20. A retomada contempor\u00e2nea dessa quest\u00e3o deu-se juntamente com os movimentos sociais que se propunham, com a abertura pol\u00edtica, a repensar sobre o papel da escola e dos conte\u00fados por ela trabalhados.\u201d<\/p>\n<p><img data-recalc-dims=\"1\" loading=\"lazy\" decoding=\"async\" data-attachment-id=\"7892\" data-permalink=\"http:\/\/blogdalucianaoliveira.com.br\/blog\/2017\/01\/25\/prefeitura-vai-rasgar-paginas-de-livros-do-mec-que-tratem-de-homossexualidade\/carti\/\" data-orig-file=\"https:\/\/i0.wp.com\/blogdalucianaoliveira.com.br\/blog\/wp-content\/uploads\/2017\/01\/carti.jpg?fit=539%2C960\" data-orig-size=\"539,960\" data-comments-opened=\"0\" data-image-meta=\"{&quot;aperture&quot;:&quot;0&quot;,&quot;credit&quot;:&quot;&quot;,&quot;camera&quot;:&quot;&quot;,&quot;caption&quot;:&quot;&quot;,&quot;created_timestamp&quot;:&quot;0&quot;,&quot;copyright&quot;:&quot;&quot;,&quot;focal_length&quot;:&quot;0&quot;,&quot;iso&quot;:&quot;0&quot;,&quot;shutter_speed&quot;:&quot;0&quot;,&quot;title&quot;:&quot;&quot;,&quot;orientation&quot;:&quot;1&quot;}\" data-image-title=\"carti\" data-image-description=\"\" data-image-caption=\"\" data-medium-file=\"https:\/\/i0.wp.com\/blogdalucianaoliveira.com.br\/blog\/wp-content\/uploads\/2017\/01\/carti.jpg?fit=168%2C300\" data-large-file=\"https:\/\/i0.wp.com\/blogdalucianaoliveira.com.br\/blog\/wp-content\/uploads\/2017\/01\/carti.jpg?fit=539%2C960\" src=\"https:\/\/i0.wp.com\/blogdalucianaoliveira.com.br\/blog\/wp-content\/uploads\/2017\/01\/carti.jpg?resize=539%2C960\" alt=\"carti\" width=\"539\" height=\"960\" class=\"alignnone size-full wp-image-7892\" srcset=\"https:\/\/i0.wp.com\/blogdalucianaoliveira.com.br\/blog\/wp-content\/uploads\/2017\/01\/carti.jpg?w=539 539w, https:\/\/i0.wp.com\/blogdalucianaoliveira.com.br\/blog\/wp-content\/uploads\/2017\/01\/carti.jpg?resize=168%2C300 168w\" sizes=\"auto, (max-width: 539px) 100vw, 539px\" \/><\/p>\n<p><img data-recalc-dims=\"1\" loading=\"lazy\" decoding=\"async\" data-attachment-id=\"7893\" data-permalink=\"http:\/\/blogdalucianaoliveira.com.br\/blog\/2017\/01\/25\/prefeitura-vai-rasgar-paginas-de-livros-do-mec-que-tratem-de-homossexualidade\/carti1\/\" data-orig-file=\"https:\/\/i0.wp.com\/blogdalucianaoliveira.com.br\/blog\/wp-content\/uploads\/2017\/01\/carti1.jpg?fit=540%2C960\" data-orig-size=\"540,960\" data-comments-opened=\"0\" data-image-meta=\"{&quot;aperture&quot;:&quot;0&quot;,&quot;credit&quot;:&quot;&quot;,&quot;camera&quot;:&quot;&quot;,&quot;caption&quot;:&quot;&quot;,&quot;created_timestamp&quot;:&quot;0&quot;,&quot;copyright&quot;:&quot;&quot;,&quot;focal_length&quot;:&quot;0&quot;,&quot;iso&quot;:&quot;0&quot;,&quot;shutter_speed&quot;:&quot;0&quot;,&quot;title&quot;:&quot;&quot;,&quot;orientation&quot;:&quot;1&quot;}\" data-image-title=\"carti1\" data-image-description=\"\" data-image-caption=\"\" data-medium-file=\"https:\/\/i0.wp.com\/blogdalucianaoliveira.com.br\/blog\/wp-content\/uploads\/2017\/01\/carti1.jpg?fit=169%2C300\" data-large-file=\"https:\/\/i0.wp.com\/blogdalucianaoliveira.com.br\/blog\/wp-content\/uploads\/2017\/01\/carti1.jpg?fit=540%2C960\" src=\"https:\/\/i0.wp.com\/blogdalucianaoliveira.com.br\/blog\/wp-content\/uploads\/2017\/01\/carti1.jpg?resize=540%2C960\" alt=\"carti1\" width=\"540\" height=\"960\" class=\"alignnone size-full wp-image-7893\" srcset=\"https:\/\/i0.wp.com\/blogdalucianaoliveira.com.br\/blog\/wp-content\/uploads\/2017\/01\/carti1.jpg?w=540 540w, https:\/\/i0.wp.com\/blogdalucianaoliveira.com.br\/blog\/wp-content\/uploads\/2017\/01\/carti1.jpg?resize=169%2C300 169w\" sizes=\"auto, (max-width: 540px) 100vw, 540px\" \/><\/p>\n<p>S\u00f3 que a press\u00e3o de bancadas religiosas, sobretudo as formadas por evang\u00e9licos, tem estimulado estados e munic\u00edpios a n\u00e3o admitirem em seus planos de educa\u00e7\u00e3o a utiliza\u00e7\u00e3o de livros que tratam a identidade de g\u00eanero, diversidade e orienta\u00e7\u00e3o sexual, uma discuss\u00e3o que promove a igualdade, o respeito e liberdade entre os sexos.<\/p>\n<p>Ao contr\u00e1rio do que alegam como perigo nas escolas, os fan\u00e1ticos religiosos sim, querem a manuten\u00e7\u00e3o for\u00e7ada de um modelo familiar ultrapassado que ignora a necessidade de debate para constru\u00e7\u00e3o de uma sociedade mais justa, mais humana.<\/p>\n<p>\u201cN\u00e3o falar sobre g\u00eanero \u00e9 n\u00e3o falar sobre pessoas cuja exist\u00eancia e dignidade est\u00e3o em risco por causa de g\u00eanero. N\u00e3o \u00e9 natural que estejamos em risco por causa de g\u00eanero. \u00c9 cultural. N\u00e3o \u00e9 aceit\u00e1vel que mulheres n\u00e3o femininas, que mulheres trans, que homens trans e que mulheres l\u00e9sbicas estejam em risco porque suas exist\u00eancias n\u00e3o se adequam um ide\u00e1rio de feminino\u201d, destacou Joanna Burigo, fundadora da Casa da M\u00e3e Joanna, projeto de comunica\u00e7\u00e3o e educa\u00e7\u00e3o sobre g\u00eanero.<\/p>\n<p>O deputado Jean Wyllys (PSOL-RJ), usou as redes sociais para condenar a atitude do prefeito e vereadores de Ariquemes. \u201cEstamos voltando para a \u00e9poca da inquisi\u00e7\u00e3o? Toda e qualquer p\u00e1gina de um livro que tenha o poder de dar liberdade e de formar cidad\u00e3os cr\u00edticos e com pensamento ser\u00e3o arrancados? Quanto tempo at\u00e9 que recomecem a acender as fogueiras?<\/p>\n<p>A resposta de Thiago Flores veio em tom de esc\u00e1rnio: <\/p>\n<p><img data-recalc-dims=\"1\" loading=\"lazy\" decoding=\"async\" data-attachment-id=\"7894\" data-permalink=\"http:\/\/blogdalucianaoliveira.com.br\/blog\/2017\/01\/25\/prefeitura-vai-rasgar-paginas-de-livros-do-mec-que-tratem-de-homossexualidade\/tiago\/\" data-orig-file=\"https:\/\/i0.wp.com\/blogdalucianaoliveira.com.br\/blog\/wp-content\/uploads\/2017\/01\/tiago.jpg?fit=750%2C409\" data-orig-size=\"750,409\" data-comments-opened=\"0\" data-image-meta=\"{&quot;aperture&quot;:&quot;0&quot;,&quot;credit&quot;:&quot;&quot;,&quot;camera&quot;:&quot;&quot;,&quot;caption&quot;:&quot;&quot;,&quot;created_timestamp&quot;:&quot;0&quot;,&quot;copyright&quot;:&quot;&quot;,&quot;focal_length&quot;:&quot;0&quot;,&quot;iso&quot;:&quot;0&quot;,&quot;shutter_speed&quot;:&quot;0&quot;,&quot;title&quot;:&quot;&quot;,&quot;orientation&quot;:&quot;0&quot;}\" data-image-title=\"tiago\" data-image-description=\"\" data-image-caption=\"\" data-medium-file=\"https:\/\/i0.wp.com\/blogdalucianaoliveira.com.br\/blog\/wp-content\/uploads\/2017\/01\/tiago.jpg?fit=300%2C164\" data-large-file=\"https:\/\/i0.wp.com\/blogdalucianaoliveira.com.br\/blog\/wp-content\/uploads\/2017\/01\/tiago.jpg?fit=600%2C327\" src=\"https:\/\/i0.wp.com\/blogdalucianaoliveira.com.br\/blog\/wp-content\/uploads\/2017\/01\/tiago.jpg?resize=600%2C327\" alt=\"tiago\" width=\"600\" height=\"327\" class=\"alignnone size-full wp-image-7894\" srcset=\"https:\/\/i0.wp.com\/blogdalucianaoliveira.com.br\/blog\/wp-content\/uploads\/2017\/01\/tiago.jpg?w=750 750w, https:\/\/i0.wp.com\/blogdalucianaoliveira.com.br\/blog\/wp-content\/uploads\/2017\/01\/tiago.jpg?resize=300%2C164 300w, https:\/\/i0.wp.com\/blogdalucianaoliveira.com.br\/blog\/wp-content\/uploads\/2017\/01\/tiago.jpg?resize=550%2C300 550w\" sizes=\"auto, (max-width: 600px) 100vw, 600px\" \/><\/p>\n<p>Segundo o prefeito, \u2018a maioria\u2019 da popula\u00e7\u00e3o de Ariquemes quer os filhos compreendendo fam\u00edlia e sociedade conforme o modelo que chamam de \u2018tradicional\u2019.<\/p>\n<p>\u00c9 um prefeito babaca que faz tipo com a B\u00edblia em fotos no gabinete e uma sociedade igualmente babaca, ignorante conduzida por ignorantes. <\/p>\n<p><img data-recalc-dims=\"1\" loading=\"lazy\" decoding=\"async\" data-attachment-id=\"7895\" data-permalink=\"http:\/\/blogdalucianaoliveira.com.br\/blog\/2017\/01\/25\/prefeitura-vai-rasgar-paginas-de-livros-do-mec-que-tratem-de-homossexualidade\/carti2\/\" data-orig-file=\"https:\/\/i0.wp.com\/blogdalucianaoliveira.com.br\/blog\/wp-content\/uploads\/2017\/01\/carti2.jpg?fit=750%2C1038\" data-orig-size=\"750,1038\" data-comments-opened=\"0\" data-image-meta=\"{&quot;aperture&quot;:&quot;0&quot;,&quot;credit&quot;:&quot;&quot;,&quot;camera&quot;:&quot;&quot;,&quot;caption&quot;:&quot;&quot;,&quot;created_timestamp&quot;:&quot;0&quot;,&quot;copyright&quot;:&quot;&quot;,&quot;focal_length&quot;:&quot;0&quot;,&quot;iso&quot;:&quot;0&quot;,&quot;shutter_speed&quot;:&quot;0&quot;,&quot;title&quot;:&quot;&quot;,&quot;orientation&quot;:&quot;0&quot;}\" data-image-title=\"carti2\" data-image-description=\"\" data-image-caption=\"\" data-medium-file=\"https:\/\/i0.wp.com\/blogdalucianaoliveira.com.br\/blog\/wp-content\/uploads\/2017\/01\/carti2.jpg?fit=217%2C300\" data-large-file=\"https:\/\/i0.wp.com\/blogdalucianaoliveira.com.br\/blog\/wp-content\/uploads\/2017\/01\/carti2.jpg?fit=600%2C830\" src=\"https:\/\/i0.wp.com\/blogdalucianaoliveira.com.br\/blog\/wp-content\/uploads\/2017\/01\/carti2.jpg?resize=600%2C830\" alt=\"carti2\" width=\"600\" height=\"830\" class=\"alignnone size-full wp-image-7895\" srcset=\"https:\/\/i0.wp.com\/blogdalucianaoliveira.com.br\/blog\/wp-content\/uploads\/2017\/01\/carti2.jpg?w=750 750w, https:\/\/i0.wp.com\/blogdalucianaoliveira.com.br\/blog\/wp-content\/uploads\/2017\/01\/carti2.jpg?resize=217%2C300 217w, https:\/\/i0.wp.com\/blogdalucianaoliveira.com.br\/blog\/wp-content\/uploads\/2017\/01\/carti2.jpg?resize=740%2C1024 740w\" sizes=\"auto, (max-width: 600px) 100vw, 600px\" \/><\/p>\n<p>\u00c9 curioso, porque o munic\u00edpio localizado no Vale do Jamari est\u00e1 entre os mais violentos do pa\u00eds e, pasme, tem tamb\u00e9m alto de \u00edndice de atropelamentos na faixa de pedestre.<\/p>\n<p>\u00c9 uma cidade que se arreganhou a pol\u00edticos corruptos tradicionais que deixaram como exemplo \u00e0 futuras gera\u00e7\u00f5es v\u00e1rias den\u00fancias por fraudes em licita\u00e7\u00f5es, corrup\u00e7\u00e3o eleitoral e organiza\u00e7\u00e3o criminosa.<\/p>\n<p>Ariquemes n\u00e3o tem sequer um IML adequado pra atender seus mortos. Os corpos eram tratados precariamente numa varanda e o \u00faltimo m\u00e9dico legista pediu pra sair, obrigando a transfer\u00eancia de aut\u00f3psias para a capital, Porto Velho.<\/p>\n<p>\u00c9 ou n\u00e3o um contraste pat\u00e9tico com os argumentos da intifada moralista liderada pelo prefeito e vereadores?<\/p>\n<p>Os que se portam como her\u00f3is da f\u00e9, vigias da moral e bons costumes, destruidores de livros e consci\u00eancias, deveriam provar pureza sem nenhum processo de investiga\u00e7\u00e3o.<\/p>\n<p>\u00c0 quem iludiu o povo com falso moralismo e privilegiadas vis\u00f5es divinas no s\u00e9culo XV, a pena foi o enforcamento.<\/p>\n<p>Aos que prop\u00f5em o renascimento da escurid\u00e3o intelectual, que no m\u00ednimo sejam condenados \u00e0 desmoraliza\u00e7\u00e3o, impopularidade e \u00e0 aposentadoria pol\u00edtica nas pr\u00f3ximas elei\u00e7\u00f5es.<\/p>\n","protected":false},"excerpt":{"rendered":"<p>Aconteceu em Ariquemes, munic\u00edpio distante pouco mais de 200 quil\u00f4metros da capital de Rond\u00f4nia.<\/p>\n","protected":false},"author":1,"featured_media":0,"comment_status":"closed","ping_status":"open","sticky":false,"template":"","format":"standard","meta":{"_exactmetrics_skip_tracking":false,"_exactmetrics_sitenote_active":false,"_exactmetrics_sitenote_note":"","_exactmetrics_sitenote_category":0,"jetpack_post_was_ever_published":false,"_jetpack_newsletter_access":"","_jetpack_dont_email_post_to_subs":false,"_jetpack_newsletter_tier_id":0,"_jetpack_memberships_contains_paywalled_content":false,"_jetpack_memberships_contains_paid_content":false,"footnotes":"","jetpack_publicize_message":"","jetpack_publicize_feature_enabled":true,"jetpack_social_post_already_shared":true,"jetpack_social_options":{"image_generator_settings":{"template":"highway","enabled":false},"version":2}},"categories":[1],"tags":[],"class_list":["post-7891","post","type-post","status-publish","format-standard","hentry","category-notas"],"jetpack_publicize_connections":[],"jetpack_sharing_enabled":true,"jetpack_featured_media_url":"","jetpack_shortlink":"https:\/\/wp.me\/p7wKYW-23h","jetpack-related-posts":[],"_links":{"self":[{"href":"http:\/\/blogdalucianaoliveira.com.br\/blog\/wp-json\/wp\/v2\/posts\/7891","targetHints":{"allow":["GET"]}}],"collection":[{"href":"http:\/\/blogdalucianaoliveira.com.br\/blog\/wp-json\/wp\/v2\/posts"}],"about":[{"href":"http:\/\/blogdalucianaoliveira.com.br\/blog\/wp-json\/wp\/v2\/types\/post"}],"author":[{"embeddable":true,"href":"http:\/\/blogdalucianaoliveira.com.br\/blog\/wp-json\/wp\/v2\/users\/1"}],"replies":[{"embeddable":true,"href":"http:\/\/blogdalucianaoliveira.com.br\/blog\/wp-json\/wp\/v2\/comments?post=7891"}],"version-history":[{"count":7,"href":"http:\/\/blogdalucianaoliveira.com.br\/blog\/wp-json\/wp\/v2\/posts\/7891\/revisions"}],"predecessor-version":[{"id":7903,"href":"http:\/\/blogdalucianaoliveira.com.br\/blog\/wp-json\/wp\/v2\/posts\/7891\/revisions\/7903"}],"wp:attachment":[{"href":"http:\/\/blogdalucianaoliveira.com.br\/blog\/wp-json\/wp\/v2\/media?parent=7891"}],"wp:term":[{"taxonomy":"category","embeddable":true,"href":"http:\/\/blogdalucianaoliveira.com.br\/blog\/wp-json\/wp\/v2\/categories?post=7891"},{"taxonomy":"post_tag","embeddable":true,"href":"http:\/\/blogdalucianaoliveira.com.br\/blog\/wp-json\/wp\/v2\/tags?post=7891"}],"curies":[{"name":"wp","href":"https:\/\/api.w.org\/{rel}","templated":true}]}}