{"id":7912,"date":"2017-01-25T16:57:09","date_gmt":"2017-01-25T20:57:09","guid":{"rendered":"http:\/\/blogdalucianaoliveira.com.br\/blog\/?p=7912"},"modified":"2017-01-25T16:57:41","modified_gmt":"2017-01-25T20:57:41","slug":"o-muro-comunista-acabou-os-muros-capitalistas-continuam-la","status":"publish","type":"post","link":"http:\/\/blogdalucianaoliveira.com.br\/blog\/2017\/01\/25\/o-muro-comunista-acabou-os-muros-capitalistas-continuam-la\/","title":{"rendered":"O &#8216;muro comunista&#8217; acabou. Os muros capitalistas continuam l\u00e1"},"content":{"rendered":"<p><img data-recalc-dims=\"1\" loading=\"lazy\" decoding=\"async\" data-attachment-id=\"7913\" data-permalink=\"http:\/\/blogdalucianaoliveira.com.br\/blog\/2017\/01\/25\/o-muro-comunista-acabou-os-muros-capitalistas-continuam-la\/euamexico\/\" data-orig-file=\"https:\/\/i0.wp.com\/blogdalucianaoliveira.com.br\/blog\/wp-content\/uploads\/2017\/01\/euamexico.jpg?fit=990%2C554\" data-orig-size=\"990,554\" data-comments-opened=\"0\" data-image-meta=\"{&quot;aperture&quot;:&quot;0&quot;,&quot;credit&quot;:&quot;&quot;,&quot;camera&quot;:&quot;&quot;,&quot;caption&quot;:&quot;&quot;,&quot;created_timestamp&quot;:&quot;0&quot;,&quot;copyright&quot;:&quot;&quot;,&quot;focal_length&quot;:&quot;0&quot;,&quot;iso&quot;:&quot;0&quot;,&quot;shutter_speed&quot;:&quot;0&quot;,&quot;title&quot;:&quot;&quot;,&quot;orientation&quot;:&quot;0&quot;}\" data-image-title=\"euamexico\" data-image-description=\"\" data-image-caption=\"\" data-medium-file=\"https:\/\/i0.wp.com\/blogdalucianaoliveira.com.br\/blog\/wp-content\/uploads\/2017\/01\/euamexico.jpg?fit=300%2C168\" data-large-file=\"https:\/\/i0.wp.com\/blogdalucianaoliveira.com.br\/blog\/wp-content\/uploads\/2017\/01\/euamexico.jpg?fit=600%2C336\" src=\"https:\/\/i0.wp.com\/blogdalucianaoliveira.com.br\/blog\/wp-content\/uploads\/2017\/01\/euamexico.jpg?resize=600%2C336\" alt=\"euamexico\" width=\"600\" height=\"336\" class=\"alignnone size-full wp-image-7913\" srcset=\"https:\/\/i0.wp.com\/blogdalucianaoliveira.com.br\/blog\/wp-content\/uploads\/2017\/01\/euamexico.jpg?w=990 990w, https:\/\/i0.wp.com\/blogdalucianaoliveira.com.br\/blog\/wp-content\/uploads\/2017\/01\/euamexico.jpg?resize=300%2C168 300w, https:\/\/i0.wp.com\/blogdalucianaoliveira.com.br\/blog\/wp-content\/uploads\/2017\/01\/euamexico.jpg?resize=768%2C430 768w, https:\/\/i0.wp.com\/blogdalucianaoliveira.com.br\/blog\/wp-content\/uploads\/2017\/01\/euamexico.jpg?resize=536%2C300 536w\" sizes=\"auto, (max-width: 600px) 100vw, 600px\" \/><\/p>\n<p>No Socialista Morena<br \/>\nCynara Menezes<\/p>\n<p>O rec\u00e9m-empossado presidente dos EUA, o xen\u00f3fobo Donald Trump, deve assinar hoje o decreto que torna realidade sua mais pol\u00eamica promessa de campanha: ampliar o muro j\u00e1 existente entre seu pa\u00eds e o M\u00e9xico. <!--more--><\/p>\n<p>Trump pretende que TODA a fronteira entre os EUA e o vizinho passe a ser cercada. A princ\u00edpio ele prop\u00f4s um muro de 3200 quil\u00f4metros, mas ap\u00f3s engenheiros demonstrarem que seria preciso um volume de concreto suficiente para erguer seis novas pir\u00e2mides de Giza, ele reduziu a extens\u00e3o \u00e0 metade.<br \/>\nO mais grave \u00e9 que Trump quer que o governo mexicano PAGUE pelo muro. Ou seja, que o suor dos mexicanos sirva para construir uma estrutura que discrimina a eles mesmos. Segundo o \u201cnovo\u201d presidente norte-americano, o M\u00e9xico pagar\u00e1 pelo muro \u201cde uma forma ou de outra, com pagamento direto ou impostos\u201d. O presidente mexicano, Enrique Pe\u00f1a Nieto, afirmou que o M\u00e9xico n\u00e3o pagar\u00e1 pelo muro, mas, como bom direitista, se disse disposto a ter \u201cuma boa rela\u00e7\u00e3o\u201d com o governo dos EUA.<br \/>\nL\u00e1 se v\u00e3o 27 anos (completados em novembro de 2016) desde que o muro de Berlim caiu em nome do \u201cfim do comunismo\u201d. Desde ent\u00e3o, o capitalismo ergueu outros muros, nenhum deles derrubado em nome de qualquer luta pela democracia. Os muros que continuam de p\u00e9 em geral separam ricos de pobres. No Brasil chegaram a construir um muro separando o morro Santa Marta da zona Sul do Rio.<\/p>\n<div class=\"jetpack-video-wrapper\"><iframe loading=\"lazy\" title=\"MURO MORRO SANTA MARTA\" width=\"600\" height=\"450\" src=\"https:\/\/www.youtube.com\/embed\/9nn3xZuOFlQ?feature=oembed\" frameborder=\"0\" allow=\"accelerometer; autoplay; clipboard-write; encrypted-media; gyroscope; picture-in-picture; web-share\" referrerpolicy=\"strict-origin-when-cross-origin\" allowfullscreen><\/iframe><\/div>\n<p>Ser\u00e1 que, na verdade, o problema n\u00e3o est\u00e1 nos muros em si, mas em quem os constr\u00f3i? Veja muros pelo mundo que n\u00e3o sofrem tantas cr\u00edticas quanto o muro de Berlim, com toda a raz\u00e3o, sofria.<\/p>\n<div class=\"jetpack-video-wrapper\"><iframe loading=\"lazy\" title=\"Walls of Shame - US\/Mexico - 05 Nov 07 - Ep 1 - Part 1\" width=\"600\" height=\"338\" src=\"https:\/\/www.youtube.com\/embed\/PkX2Us287qs?feature=oembed\" frameborder=\"0\" allow=\"accelerometer; autoplay; clipboard-write; encrypted-media; gyroscope; picture-in-picture; web-share\" referrerpolicy=\"strict-origin-when-cross-origin\" allowfullscreen><\/iframe><\/div>\n<div class=\"jetpack-video-wrapper\"><iframe loading=\"lazy\" title=\"Muro de Israel na Palestina: 10 anos de ilegalidade\" width=\"600\" height=\"338\" src=\"https:\/\/www.youtube.com\/embed\/6MvQsHeattY?feature=oembed\" frameborder=\"0\" allow=\"accelerometer; autoplay; clipboard-write; encrypted-media; gyroscope; picture-in-picture; web-share\" referrerpolicy=\"strict-origin-when-cross-origin\" allowfullscreen><\/iframe><\/div>\n<div class=\"jetpack-video-wrapper\"><span class=\"embed-youtube\" style=\"text-align:center; display: block;\"><iframe loading=\"lazy\" class=\"youtube-player\" width=\"600\" height=\"338\" src=\"https:\/\/www.youtube.com\/embed\/fZK7D6WqzR0?version=3&#038;rel=1&#038;showsearch=0&#038;showinfo=1&#038;iv_load_policy=1&#038;fs=1&#038;hl=pt-BR&#038;autohide=2&#038;wmode=transparent\" allowfullscreen=\"true\" style=\"border:0;\" sandbox=\"allow-scripts allow-same-origin allow-popups allow-presentation allow-popups-to-escape-sandbox\"><\/iframe><\/span><\/div>\n<div class=\"jetpack-video-wrapper\"><iframe loading=\"lazy\" title=\"El muro de la verg\u00fcenza vuelo DRONE Lima,  Per\u00fa \/ Separation wall in Lima \/ Dronefly\" width=\"600\" height=\"338\" src=\"https:\/\/www.youtube.com\/embed\/NEfBZ0OtRRA?feature=oembed\" frameborder=\"0\" allow=\"accelerometer; autoplay; clipboard-write; encrypted-media; gyroscope; picture-in-picture; web-share\" referrerpolicy=\"strict-origin-when-cross-origin\" allowfullscreen><\/iframe><\/div>\n<div class=\"jetpack-video-wrapper\"><iframe loading=\"lazy\" title=\"C5N -  MINUTO UNO: LA CIUDAD DE LOS CONTRASTES\" width=\"600\" height=\"450\" src=\"https:\/\/www.youtube.com\/embed\/lbBYQ6qxFR4?feature=oembed\" frameborder=\"0\" allow=\"accelerometer; autoplay; clipboard-write; encrypted-media; gyroscope; picture-in-picture; web-share\" referrerpolicy=\"strict-origin-when-cross-origin\" allowfullscreen><\/iframe><\/div>\n<div class=\"jetpack-video-wrapper\"><iframe loading=\"lazy\" title=\"Melilla, frontera entre dos mundos - No son tuits, son historias - Telesur\" width=\"600\" height=\"338\" src=\"https:\/\/www.youtube.com\/embed\/tZuHFSsU65M?feature=oembed\" frameborder=\"0\" allow=\"accelerometer; autoplay; clipboard-write; encrypted-media; gyroscope; picture-in-picture; web-share\" referrerpolicy=\"strict-origin-when-cross-origin\" allowfullscreen><\/iframe><\/div>\n<div class=\"jetpack-video-wrapper\"><iframe loading=\"lazy\" title=\"Peligro, frontera Sur en Ceuta y Melilla, Espa\u00f1a, &quot;El Gran Muro del Norte&quot;\" width=\"600\" height=\"338\" src=\"https:\/\/www.youtube.com\/embed\/bAQtL2Gu7dA?feature=oembed\" frameborder=\"0\" allow=\"accelerometer; autoplay; clipboard-write; encrypted-media; gyroscope; picture-in-picture; web-share\" referrerpolicy=\"strict-origin-when-cross-origin\" allowfullscreen><\/iframe><\/div>\n","protected":false},"excerpt":{"rendered":"<p>No Socialista Morena Cynara Menezes O rec\u00e9m-empossado presidente dos EUA, o xen\u00f3fobo Donald Trump, deve assinar hoje o decreto que torna realidade sua mais pol\u00eamica promessa de campanha: ampliar o muro j\u00e1 existente entre seu pa\u00eds e o M\u00e9xico.<\/p>\n","protected":false},"author":1,"featured_media":0,"comment_status":"closed","ping_status":"open","sticky":false,"template":"","format":"standard","meta":{"_exactmetrics_skip_tracking":false,"_exactmetrics_sitenote_active":false,"_exactmetrics_sitenote_note":"","_exactmetrics_sitenote_category":0,"jetpack_post_was_ever_published":false,"_jetpack_newsletter_access":"","_jetpack_dont_email_post_to_subs":false,"_jetpack_newsletter_tier_id":0,"_jetpack_memberships_contains_paywalled_content":false,"_jetpack_memberships_contains_paid_content":false,"footnotes":"","jetpack_publicize_message":"","jetpack_publicize_feature_enabled":true,"jetpack_social_post_already_shared":true,"jetpack_social_options":{"image_generator_settings":{"template":"highway","enabled":false},"version":2}},"categories":[1],"tags":[],"class_list":["post-7912","post","type-post","status-publish","format-standard","hentry","category-notas"],"jetpack_publicize_connections":[],"jetpack_sharing_enabled":true,"jetpack_featured_media_url":"","jetpack_shortlink":"https:\/\/wp.me\/p7wKYW-23C","jetpack-related-posts":[],"_links":{"self":[{"href":"http:\/\/blogdalucianaoliveira.com.br\/blog\/wp-json\/wp\/v2\/posts\/7912","targetHints":{"allow":["GET"]}}],"collection":[{"href":"http:\/\/blogdalucianaoliveira.com.br\/blog\/wp-json\/wp\/v2\/posts"}],"about":[{"href":"http:\/\/blogdalucianaoliveira.com.br\/blog\/wp-json\/wp\/v2\/types\/post"}],"author":[{"embeddable":true,"href":"http:\/\/blogdalucianaoliveira.com.br\/blog\/wp-json\/wp\/v2\/users\/1"}],"replies":[{"embeddable":true,"href":"http:\/\/blogdalucianaoliveira.com.br\/blog\/wp-json\/wp\/v2\/comments?post=7912"}],"version-history":[{"count":2,"href":"http:\/\/blogdalucianaoliveira.com.br\/blog\/wp-json\/wp\/v2\/posts\/7912\/revisions"}],"predecessor-version":[{"id":7915,"href":"http:\/\/blogdalucianaoliveira.com.br\/blog\/wp-json\/wp\/v2\/posts\/7912\/revisions\/7915"}],"wp:attachment":[{"href":"http:\/\/blogdalucianaoliveira.com.br\/blog\/wp-json\/wp\/v2\/media?parent=7912"}],"wp:term":[{"taxonomy":"category","embeddable":true,"href":"http:\/\/blogdalucianaoliveira.com.br\/blog\/wp-json\/wp\/v2\/categories?post=7912"},{"taxonomy":"post_tag","embeddable":true,"href":"http:\/\/blogdalucianaoliveira.com.br\/blog\/wp-json\/wp\/v2\/tags?post=7912"}],"curies":[{"name":"wp","href":"https:\/\/api.w.org\/{rel}","templated":true}]}}