{"id":792,"date":"2016-05-13T18:01:45","date_gmt":"2016-05-13T22:01:45","guid":{"rendered":"http:\/\/blogdalucianaoliveira.com.br\/blog\/?p=792"},"modified":"2016-05-13T18:01:45","modified_gmt":"2016-05-13T22:01:45","slug":"presidente-michel-tomei-esta-conhecendo-o-governo-pra-definir-metas","status":"publish","type":"post","link":"http:\/\/blogdalucianaoliveira.com.br\/blog\/2016\/05\/13\/presidente-michel-tomei-esta-conhecendo-o-governo-pra-definir-metas\/","title":{"rendered":"Presidente Michel Tomei est\u00e1 &#8216;conhecendo&#8217; o governo pra definir metas"},"content":{"rendered":"<p><img data-recalc-dims=\"1\" loading=\"lazy\" decoding=\"async\" data-attachment-id=\"793\" data-permalink=\"http:\/\/blogdalucianaoliveira.com.br\/blog\/2016\/05\/13\/presidente-michel-tomei-esta-conhecendo-o-governo-pra-definir-metas\/image-165\/\" data-orig-file=\"https:\/\/i0.wp.com\/blogdalucianaoliveira.com.br\/blog\/wp-content\/uploads\/2016\/05\/image-141.jpeg?fit=480%2C277\" data-orig-size=\"480,277\" data-comments-opened=\"0\" data-image-meta=\"{&quot;aperture&quot;:&quot;0&quot;,&quot;credit&quot;:&quot;&quot;,&quot;camera&quot;:&quot;&quot;,&quot;caption&quot;:&quot;&quot;,&quot;created_timestamp&quot;:&quot;0&quot;,&quot;copyright&quot;:&quot;&quot;,&quot;focal_length&quot;:&quot;0&quot;,&quot;iso&quot;:&quot;0&quot;,&quot;shutter_speed&quot;:&quot;0&quot;,&quot;title&quot;:&quot;&quot;,&quot;orientation&quot;:&quot;0&quot;}\" data-image-title=\"image\" data-image-description=\"\" data-image-caption=\"\" data-medium-file=\"https:\/\/i0.wp.com\/blogdalucianaoliveira.com.br\/blog\/wp-content\/uploads\/2016\/05\/image-141.jpeg?fit=300%2C173\" data-large-file=\"https:\/\/i0.wp.com\/blogdalucianaoliveira.com.br\/blog\/wp-content\/uploads\/2016\/05\/image-141.jpeg?fit=480%2C277\" src=\"https:\/\/i0.wp.com\/blogdalucianaoliveira.com.br\/blog\/wp-content\/uploads\/2016\/05\/image-141.jpeg?resize=480%2C277\" alt=\"image\" width=\"480\" height=\"277\" class=\"alignnone size-full wp-image-793\" srcset=\"https:\/\/i0.wp.com\/blogdalucianaoliveira.com.br\/blog\/wp-content\/uploads\/2016\/05\/image-141.jpeg?w=480 480w, https:\/\/i0.wp.com\/blogdalucianaoliveira.com.br\/blog\/wp-content\/uploads\/2016\/05\/image-141.jpeg?resize=300%2C173 300w\" sizes=\"auto, (max-width: 480px) 100vw, 480px\" \/><\/p>\n<p>O presidente Tomei finge parecer novato e eleito por em recente vota\u00e7\u00e3o direta. <\/p>\n<p>A imprensa diz e seu novo ministro da Fazenda confirmou, que ele est\u00e1 &#8216;tomando p\u00e9&#8217; da situa\u00e7\u00e3o do governo. <!--more--><\/p>\n<p>Ele quer levantar a quantidade de cargos, saber quanto tem no caixa, quais os projetos, enfim, conhecer a m\u00e1quina e seu funcionamento. <\/p>\n<p>Um auxiliar de Temer disse ele &#8220;n\u00e3o quer ser responsabilizado por eventuais problemas&#8221; gerados da presidente eleita Dilma. S\u00e9rio, deu na Globo. <\/p>\n<p>Mais c\u00ednico, imposs\u00edvel!<br \/>\nMas, \u00e9 o que tem pra dizer e, pasme, com muita gente cola.<\/p>\n<p>O que diabos esse homem fez em um mandato e meio como vice-presidente que n\u00e3o obteve as informa\u00e7\u00f5es que diz que vai levantar? N\u00e3o viu nada de errado e se viu, por que n\u00e3o denunciou? <\/p>\n<p>Presidente Tomei, sabia que o Portal da Transpar\u00eancia funciona? Certamente n\u00e3o pra mostrar tudo o que o governo faz pelas vias legais, mas \u00e9 um norte.<br \/>\nPor fora, seus aliados no impeachment v\u00e3o dizer. Ah, v\u00e3o&#8230; <\/p>\n<p>Use o Portal pra dar algo mais consistente pra imprensa.<br \/>\nFoi criado em 2004, com Lula, uma iniciativa da Controladoria-Geral da Uni\u00e3o (CGU) que o senhor tirou de perto da presid\u00eancia da rep\u00fablica. <\/p>\n<p>O Portal recebeu v\u00e1rios pr\u00eamios nacionais e internacionais e teve milh\u00f5es de acessos. Um mecanismo criado no governo do PT. <\/p>\n<p>D\u00e1 uma olhadinha. <\/p>\n","protected":false},"excerpt":{"rendered":"<p>O presidente Tomei finge parecer novato e eleito por em recente vota\u00e7\u00e3o direta. A imprensa diz e seu novo ministro da Fazenda confirmou, que ele est\u00e1 &#8216;tomando p\u00e9&#8217; da situa\u00e7\u00e3o do governo.<\/p>\n","protected":false},"author":1,"featured_media":0,"comment_status":"closed","ping_status":"open","sticky":false,"template":"","format":"standard","meta":{"_exactmetrics_skip_tracking":false,"_exactmetrics_sitenote_active":false,"_exactmetrics_sitenote_note":"","_exactmetrics_sitenote_category":0,"jetpack_post_was_ever_published":false,"_jetpack_newsletter_access":"","_jetpack_dont_email_post_to_subs":false,"_jetpack_newsletter_tier_id":0,"_jetpack_memberships_contains_paywalled_content":false,"_jetpack_memberships_contains_paid_content":false,"footnotes":"","jetpack_publicize_message":"","jetpack_publicize_feature_enabled":true,"jetpack_social_post_already_shared":true,"jetpack_social_options":{"image_generator_settings":{"template":"highway","enabled":false},"version":2}},"categories":[1],"tags":[],"class_list":["post-792","post","type-post","status-publish","format-standard","hentry","category-notas"],"jetpack_publicize_connections":[],"jetpack_sharing_enabled":true,"jetpack_featured_media_url":"","jetpack_shortlink":"https:\/\/wp.me\/p7wKYW-cM","jetpack-related-posts":[],"_links":{"self":[{"href":"http:\/\/blogdalucianaoliveira.com.br\/blog\/wp-json\/wp\/v2\/posts\/792","targetHints":{"allow":["GET"]}}],"collection":[{"href":"http:\/\/blogdalucianaoliveira.com.br\/blog\/wp-json\/wp\/v2\/posts"}],"about":[{"href":"http:\/\/blogdalucianaoliveira.com.br\/blog\/wp-json\/wp\/v2\/types\/post"}],"author":[{"embeddable":true,"href":"http:\/\/blogdalucianaoliveira.com.br\/blog\/wp-json\/wp\/v2\/users\/1"}],"replies":[{"embeddable":true,"href":"http:\/\/blogdalucianaoliveira.com.br\/blog\/wp-json\/wp\/v2\/comments?post=792"}],"version-history":[{"count":1,"href":"http:\/\/blogdalucianaoliveira.com.br\/blog\/wp-json\/wp\/v2\/posts\/792\/revisions"}],"predecessor-version":[{"id":794,"href":"http:\/\/blogdalucianaoliveira.com.br\/blog\/wp-json\/wp\/v2\/posts\/792\/revisions\/794"}],"wp:attachment":[{"href":"http:\/\/blogdalucianaoliveira.com.br\/blog\/wp-json\/wp\/v2\/media?parent=792"}],"wp:term":[{"taxonomy":"category","embeddable":true,"href":"http:\/\/blogdalucianaoliveira.com.br\/blog\/wp-json\/wp\/v2\/categories?post=792"},{"taxonomy":"post_tag","embeddable":true,"href":"http:\/\/blogdalucianaoliveira.com.br\/blog\/wp-json\/wp\/v2\/tags?post=792"}],"curies":[{"name":"wp","href":"https:\/\/api.w.org\/{rel}","templated":true}]}}