{"id":7921,"date":"2017-01-25T17:33:41","date_gmt":"2017-01-25T21:33:41","guid":{"rendered":"http:\/\/blogdalucianaoliveira.com.br\/blog\/?p=7921"},"modified":"2017-01-25T17:34:21","modified_gmt":"2017-01-25T21:34:21","slug":"thiago-flores-tem-48h-para-se-comprometer-a-nao-retirar-conteudo-de-livros-didaticos","status":"publish","type":"post","link":"http:\/\/blogdalucianaoliveira.com.br\/blog\/2017\/01\/25\/thiago-flores-tem-48h-para-se-comprometer-a-nao-retirar-conteudo-de-livros-didaticos\/","title":{"rendered":"Thiago Flores tem 48h para se comprometer a n\u00e3o retirar conte\u00fado de livros did\u00e1ticos"},"content":{"rendered":"<p><img data-recalc-dims=\"1\" loading=\"lazy\" decoding=\"async\" data-attachment-id=\"7922\" data-permalink=\"http:\/\/blogdalucianaoliveira.com.br\/blog\/2017\/01\/25\/thiago-flores-tem-48h-para-se-comprometer-a-nao-retirar-conteudo-de-livros-didaticos\/thi\/\" data-orig-file=\"https:\/\/i0.wp.com\/blogdalucianaoliveira.com.br\/blog\/wp-content\/uploads\/2017\/01\/thi.jpg?fit=960%2C640\" data-orig-size=\"960,640\" data-comments-opened=\"0\" data-image-meta=\"{&quot;aperture&quot;:&quot;0&quot;,&quot;credit&quot;:&quot;&quot;,&quot;camera&quot;:&quot;&quot;,&quot;caption&quot;:&quot;&quot;,&quot;created_timestamp&quot;:&quot;0&quot;,&quot;copyright&quot;:&quot;&quot;,&quot;focal_length&quot;:&quot;0&quot;,&quot;iso&quot;:&quot;0&quot;,&quot;shutter_speed&quot;:&quot;0&quot;,&quot;title&quot;:&quot;&quot;,&quot;orientation&quot;:&quot;0&quot;}\" data-image-title=\"thi\" data-image-description=\"\" data-image-caption=\"\" data-medium-file=\"https:\/\/i0.wp.com\/blogdalucianaoliveira.com.br\/blog\/wp-content\/uploads\/2017\/01\/thi.jpg?fit=300%2C200\" data-large-file=\"https:\/\/i0.wp.com\/blogdalucianaoliveira.com.br\/blog\/wp-content\/uploads\/2017\/01\/thi.jpg?fit=600%2C400\" src=\"https:\/\/i0.wp.com\/blogdalucianaoliveira.com.br\/blog\/wp-content\/uploads\/2017\/01\/thi.jpg?resize=600%2C400\" alt=\"thi\" width=\"600\" height=\"400\" class=\"alignnone size-full wp-image-7922\" srcset=\"https:\/\/i0.wp.com\/blogdalucianaoliveira.com.br\/blog\/wp-content\/uploads\/2017\/01\/thi.jpg?w=960 960w, https:\/\/i0.wp.com\/blogdalucianaoliveira.com.br\/blog\/wp-content\/uploads\/2017\/01\/thi.jpg?resize=300%2C200 300w, https:\/\/i0.wp.com\/blogdalucianaoliveira.com.br\/blog\/wp-content\/uploads\/2017\/01\/thi.jpg?resize=768%2C512 768w, https:\/\/i0.wp.com\/blogdalucianaoliveira.com.br\/blog\/wp-content\/uploads\/2017\/01\/thi.jpg?resize=450%2C300 450w\" sizes=\"auto, (max-width: 600px) 100vw, 600px\" \/><\/p>\n<p>No Rond\u00f4nia Din\u00e2mica<\/p>\n<p>O Minist\u00e9rio P\u00fablico de Rond\u00f4nia concedeu prazo at\u00e9 27 de janeiro (sexta-feira) para que o Prefeito de Ariquemes, Thiago Flores, se manifeste sobre a assinatura de um Termo de Ajustamento de Conduta (TAC), em que se comprometa a n\u00e3o retirar de livros did\u00e1ticos, a serem utilizados na rede municipal de ensino, p\u00e1ginas que tratem de diversidade familiar e ideologia de g\u00eanero.<!--more--><\/p>\n<p>A medida adotada pelo Minist\u00e9rio P\u00fablico \u00e9 resultado de reuni\u00e3o realizada na \u00faltima ter\u00e7a-feira (24\/01), sob a coordena\u00e7\u00e3o da Promotora de Justi\u00e7a da Cidadania, Priscila Matzenbacher Tibes Machado, com a presen\u00e7a da Promotora de Justi\u00e7a  da Probidade, Joice Gushy Mota Azevedo, e do Chefe do Poder Executivo Municipal.<\/p>\n<p>No encontro, foi discutida a recente decis\u00e3o do Munic\u00edpio de Ariquemes de suprimir  de livros did\u00e1ticos, enviados pelo Minist\u00e9rio da Educa\u00e7\u00e3o ao Munic\u00edpio, conte\u00fado que trate de ideologia de g\u00eanero. Tal provid\u00eancia, conforme anunciada pelo Prefeito Thiago Flores, teve por base resultado de enquete acerca do tema, realizada no portal da Prefeitura de Ariquemes na internet, em atendimento a um requerimento da C\u00e2mara de Vereadores da cidade, pela retirada do assunto nos livros ou inutiliza\u00e7\u00e3o das obras.<\/p>\n<p>A decis\u00e3o do Minist\u00e9rio P\u00fablico acerca da assinatura de um TAC para que o Prefeito corrija a situa\u00e7\u00e3o integra procedimento administrativo instaurado pelo MP, que tamb\u00e9m apura conduta similar adotada pelo ent\u00e3o Prefeito Lorival Amorim em 2016. \u00c0 \u00e9poca, o ent\u00e3o Chefe do Poder Executivo teria mandado recolher todos os livros encaminhados pelo MEC para serem utilizados por alunos da rede municipal, em decorr\u00eancia da presen\u00e7a de conte\u00fado de ideologia de g\u00eanero nas publica\u00e7\u00f5es.<\/p>\n<p>Para o MP, medidas como estas disseminam o \u00f3dio contra os homossexuais e ferem de morte o fundamento constitucional da promo\u00e7\u00e3o da igualdade e da sociedade livre de qualquer preconceito. O Minist\u00e9rio P\u00fablico tamb\u00e9m destaca que tais atos causam preju\u00edzos a alunos, seus pais e professores que se veem no meio de um verdadeiro processo inquisitorial medieval, na contram\u00e3o de toda a literatura pedag\u00f3gica que visa esclarecer e preparar jovens para sociedade atual, sem qualquer carga de preconceito.<\/p>\n","protected":false},"excerpt":{"rendered":"<p>No Rond\u00f4nia Din\u00e2mica O Minist\u00e9rio P\u00fablico de Rond\u00f4nia concedeu prazo at\u00e9 27 de janeiro (sexta-feira) para que o Prefeito de Ariquemes, Thiago Flores, se manifeste sobre a assinatura de um Termo de Ajustamento de Conduta (TAC), em que se comprometa a n\u00e3o retirar de livros did\u00e1ticos, a serem utilizados na rede municipal de ensino, p\u00e1ginas&#8230;<a class=\"more-link\" href=\"http:\/\/blogdalucianaoliveira.com.br\/blog\/2017\/01\/25\/thiago-flores-tem-48h-para-se-comprometer-a-nao-retirar-conteudo-de-livros-didaticos\/\">Continue a leitura <span class=\"meta-nav\">&raquo;<\/span><\/a><\/p>\n","protected":false},"author":1,"featured_media":0,"comment_status":"closed","ping_status":"open","sticky":false,"template":"","format":"standard","meta":{"_exactmetrics_skip_tracking":false,"_exactmetrics_sitenote_active":false,"_exactmetrics_sitenote_note":"","_exactmetrics_sitenote_category":0,"jetpack_post_was_ever_published":false,"_jetpack_newsletter_access":"","_jetpack_dont_email_post_to_subs":false,"_jetpack_newsletter_tier_id":0,"_jetpack_memberships_contains_paywalled_content":false,"_jetpack_memberships_contains_paid_content":false,"footnotes":"","jetpack_publicize_message":"","jetpack_publicize_feature_enabled":true,"jetpack_social_post_already_shared":true,"jetpack_social_options":{"image_generator_settings":{"template":"highway","enabled":false},"version":2}},"categories":[1],"tags":[],"class_list":["post-7921","post","type-post","status-publish","format-standard","hentry","category-notas"],"jetpack_publicize_connections":[],"jetpack_sharing_enabled":true,"jetpack_featured_media_url":"","jetpack_shortlink":"https:\/\/wp.me\/p7wKYW-23L","jetpack-related-posts":[],"_links":{"self":[{"href":"http:\/\/blogdalucianaoliveira.com.br\/blog\/wp-json\/wp\/v2\/posts\/7921","targetHints":{"allow":["GET"]}}],"collection":[{"href":"http:\/\/blogdalucianaoliveira.com.br\/blog\/wp-json\/wp\/v2\/posts"}],"about":[{"href":"http:\/\/blogdalucianaoliveira.com.br\/blog\/wp-json\/wp\/v2\/types\/post"}],"author":[{"embeddable":true,"href":"http:\/\/blogdalucianaoliveira.com.br\/blog\/wp-json\/wp\/v2\/users\/1"}],"replies":[{"embeddable":true,"href":"http:\/\/blogdalucianaoliveira.com.br\/blog\/wp-json\/wp\/v2\/comments?post=7921"}],"version-history":[{"count":2,"href":"http:\/\/blogdalucianaoliveira.com.br\/blog\/wp-json\/wp\/v2\/posts\/7921\/revisions"}],"predecessor-version":[{"id":7924,"href":"http:\/\/blogdalucianaoliveira.com.br\/blog\/wp-json\/wp\/v2\/posts\/7921\/revisions\/7924"}],"wp:attachment":[{"href":"http:\/\/blogdalucianaoliveira.com.br\/blog\/wp-json\/wp\/v2\/media?parent=7921"}],"wp:term":[{"taxonomy":"category","embeddable":true,"href":"http:\/\/blogdalucianaoliveira.com.br\/blog\/wp-json\/wp\/v2\/categories?post=7921"},{"taxonomy":"post_tag","embeddable":true,"href":"http:\/\/blogdalucianaoliveira.com.br\/blog\/wp-json\/wp\/v2\/tags?post=7921"}],"curies":[{"name":"wp","href":"https:\/\/api.w.org\/{rel}","templated":true}]}}