{"id":7956,"date":"2017-01-26T10:36:51","date_gmt":"2017-01-26T14:36:51","guid":{"rendered":"http:\/\/blogdalucianaoliveira.com.br\/blog\/?p=7956"},"modified":"2017-01-26T10:39:50","modified_gmt":"2017-01-26T14:39:50","slug":"vereador-que-mal-sabe-escrever-quer-decidir-livros-pra-evitar-debate-de-genero","status":"publish","type":"post","link":"http:\/\/blogdalucianaoliveira.com.br\/blog\/2017\/01\/26\/vereador-que-mal-sabe-escrever-quer-decidir-livros-pra-evitar-debate-de-genero\/","title":{"rendered":"VEREADOR QUE MAL SABE ESCREVER QUER DECIDIR LIVROS PRA EVITAR DEBATE DE G\u00caNERO"},"content":{"rendered":"<p><img data-recalc-dims=\"1\" loading=\"lazy\" decoding=\"async\" data-attachment-id=\"7932\" data-permalink=\"http:\/\/blogdalucianaoliveira.com.br\/blog\/2017\/01\/25\/vereadores-ameacam-decidir-que-livros-serao-usados-nas-escolas\/vere1\/\" data-orig-file=\"https:\/\/i0.wp.com\/blogdalucianaoliveira.com.br\/blog\/wp-content\/uploads\/2017\/01\/vere1.jpg?fit=708%2C959\" data-orig-size=\"708,959\" data-comments-opened=\"0\" data-image-meta=\"{&quot;aperture&quot;:&quot;0&quot;,&quot;credit&quot;:&quot;&quot;,&quot;camera&quot;:&quot;&quot;,&quot;caption&quot;:&quot;&quot;,&quot;created_timestamp&quot;:&quot;0&quot;,&quot;copyright&quot;:&quot;&quot;,&quot;focal_length&quot;:&quot;0&quot;,&quot;iso&quot;:&quot;0&quot;,&quot;shutter_speed&quot;:&quot;0&quot;,&quot;title&quot;:&quot;&quot;,&quot;orientation&quot;:&quot;0&quot;}\" data-image-title=\"vere1\" data-image-description=\"\" data-image-caption=\"\" data-medium-file=\"https:\/\/i0.wp.com\/blogdalucianaoliveira.com.br\/blog\/wp-content\/uploads\/2017\/01\/vere1.jpg?fit=221%2C300\" data-large-file=\"https:\/\/i0.wp.com\/blogdalucianaoliveira.com.br\/blog\/wp-content\/uploads\/2017\/01\/vere1.jpg?fit=600%2C813\" src=\"https:\/\/i0.wp.com\/blogdalucianaoliveira.com.br\/blog\/wp-content\/uploads\/2017\/01\/vere1.jpg?resize=600%2C813\" alt=\"vere1\" width=\"600\" height=\"813\" class=\"alignnone size-full wp-image-7932\" srcset=\"https:\/\/i0.wp.com\/blogdalucianaoliveira.com.br\/blog\/wp-content\/uploads\/2017\/01\/vere1.jpg?w=708 708w, https:\/\/i0.wp.com\/blogdalucianaoliveira.com.br\/blog\/wp-content\/uploads\/2017\/01\/vere1.jpg?resize=221%2C300 221w\" sizes=\"auto, (max-width: 600px) 100vw, 600px\" \/><\/p>\n<p>A pol\u00eamica que revelou ao Brasil a estupidez do prefeito e vereadores do pequeno munic\u00edpio de Ariquemes, no interior de Rond\u00f4nia, n\u00e3o para.<br \/>\nEles decidiram rasgar as p\u00e1ginas de livros do Minist\u00e9rio da Educa\u00e7\u00e3o que tratam quest\u00f5es de g\u00eanero e diversidade familiar para autorizar o uso na rede p\u00fablica de ensino.<!--more--><\/p>\n<p>\u201cO Minist\u00e9rio P\u00fablico de Rond\u00f4nia concedeu prazo at\u00e9 27 de janeiro (sexta-feira) para que o Prefeito de Ariquemes, Thiago Flores, se manifeste sobre a assinatura de um Termo de Ajustamento de Conduta (TAC), em que se comprometa a n\u00e3o retirar de livros did\u00e1ticos, a serem utilizados na rede municipal de ensino, p\u00e1ginas que tratem de diversidade familiar e ideologia de g\u00eanero.\u201d<\/p>\n<p>Como n\u00e3o podem destruir o bem produzido com dinheiro p\u00fablico e pela  flagrante amea\u00e7a ao \u201cfundamento constitucional da promo\u00e7\u00e3o da igualdade e da sociedade livre de qualquer preconceito\u201d, eles criaram um plano B.<\/p>\n<p>E quem divulgou foi o vereador tucano, Amalec da Costa, em sua p\u00e1gina no Facebook. <\/p>\n<p><img data-recalc-dims=\"1\" loading=\"lazy\" decoding=\"async\" data-attachment-id=\"7931\" data-permalink=\"http:\/\/blogdalucianaoliveira.com.br\/blog\/2017\/01\/25\/vereadores-ameacam-decidir-que-livros-serao-usados-nas-escolas\/vere\/\" data-orig-file=\"https:\/\/i0.wp.com\/blogdalucianaoliveira.com.br\/blog\/wp-content\/uploads\/2017\/01\/vere.jpg?fit=749%2C927\" data-orig-size=\"749,927\" data-comments-opened=\"0\" data-image-meta=\"{&quot;aperture&quot;:&quot;0&quot;,&quot;credit&quot;:&quot;&quot;,&quot;camera&quot;:&quot;&quot;,&quot;caption&quot;:&quot;&quot;,&quot;created_timestamp&quot;:&quot;0&quot;,&quot;copyright&quot;:&quot;&quot;,&quot;focal_length&quot;:&quot;0&quot;,&quot;iso&quot;:&quot;0&quot;,&quot;shutter_speed&quot;:&quot;0&quot;,&quot;title&quot;:&quot;&quot;,&quot;orientation&quot;:&quot;0&quot;}\" data-image-title=\"vere\" data-image-description=\"\" data-image-caption=\"\" data-medium-file=\"https:\/\/i0.wp.com\/blogdalucianaoliveira.com.br\/blog\/wp-content\/uploads\/2017\/01\/vere.jpg?fit=242%2C300\" data-large-file=\"https:\/\/i0.wp.com\/blogdalucianaoliveira.com.br\/blog\/wp-content\/uploads\/2017\/01\/vere.jpg?fit=600%2C743\" src=\"https:\/\/i0.wp.com\/blogdalucianaoliveira.com.br\/blog\/wp-content\/uploads\/2017\/01\/vere.jpg?resize=600%2C743\" alt=\"vere\" width=\"600\" height=\"743\" class=\"alignnone size-full wp-image-7931\" srcset=\"https:\/\/i0.wp.com\/blogdalucianaoliveira.com.br\/blog\/wp-content\/uploads\/2017\/01\/vere.jpg?w=749 749w, https:\/\/i0.wp.com\/blogdalucianaoliveira.com.br\/blog\/wp-content\/uploads\/2017\/01\/vere.jpg?resize=242%2C300 242w\" sizes=\"auto, (max-width: 600px) 100vw, 600px\" \/><\/p>\n<p>Isso mesmo, o vereador que demonstrou na publica\u00e7\u00e3o mal saber escrever, quer junto aos colegas do parlamento e a comunidade empresarial, bancar a compra de outros livros para distribuir \u00e0s crian\u00e7as.<\/p>\n<p>Em discuss\u00e3o semelhante, o MEC declarou que &#8220;O PNLD (Programa Nacional do Livro Did\u00e1tico) 2016 distribuiu 128.588.730 obras a 121.574 escolas p\u00fablicas brasileiras. Os t\u00edtulos s\u00e3o definidos em um processo de sele\u00e7\u00e3o p\u00fablico, feito por especialistas de universidades brasileiras, sem dirigismo pol\u00edtico e ideol\u00f3gico\u201d.<\/p>\n<p>Mas, os fan\u00e1ticos religiosos que se lan\u00e7aram \u00e0 intifada moralista ignoraram o MP e o rep\u00fadio da Ordem dos Advogados do Brasil, por meio de nota da Comiss\u00e3o Especial da Diversidade Sexual e de G\u00eanero do Conselho Federal.<\/p>\n<p>\u201cA conduta \u00e9 extremamente ofensiva \u00e0 dignidade humana, a igualdade, a liberdade, ao pluralismo e ao respeito \u00e0 vida privada e familiar das fam\u00edlias e seus filhos. Esta postura afronta diversos compromissos internacionais assumidos pelo Brasil junto ao Sistema Internacional de Prote\u00e7\u00e3o dos Direitos Humanos. Ali\u00e1s, nem \u00e9 preciso lembrar que a ONU considera os Direitos LGBTI como Direitos Humanos.\u201d<\/p>\n<p>Os vereadores amea\u00e7am comprar livros de outra editora, ou seja, sem compet\u00eancia e inequ\u00edvoca incapacidade, v\u00e3o analisar, aprovar e distribuir o que acharem conveniente.<\/p>\n<p>Na publica\u00e7\u00e3o, o vereador diz que esta \u00e9 a proposta dele e dos colegas, Joel da Yamaha, Natan Lima, Pedro Bas\u00edlio J\u00fanior, Jos\u00e9 Augusto e do prefeito Thiago Flores.<\/p>\n<p>Em 2015, Amalec foi  um dos 13 vereadores denunciados pelo ex-prefeito Ernandes Amorim (PTB) por omiss\u00e3o e prevarica\u00e7\u00e3o diante dos \u201cfortes ind\u00edcios de corrup\u00e7\u00e3o no processo licitat\u00f3rio e execu\u00e7\u00e3o da Obra da Unidade de Pronto Atendimento (UPA-Ariquemes)\u201d.<\/p>\n<p>E agora eleito vereador, Ernandes Amorim denunciou compra de votos para eleger a Mesa Diretora da C\u00e2mara ao bi\u00eanio 2017\/2018, que tem como vice-presidente \u2013 o Joel da Yamaha (DEM) e Amalec como 1\u00b0 secret\u00e1rio.<\/p>\n<p>R$ 50 mil para cada um, afirmou Amorim, que diz ter feito de tudo \u201cpara acabar com esta falta de vergonha, mas venceu o esquema.\u201d<\/p>\n<p>O pr\u00f3prio Amorim n\u00e3o \u00e9 flor que se cheire. J\u00e1 foi denunciado pelo Minist\u00e9rio P\u00fablico Federal por pr\u00e1tica de trabalho escravo e improbidade administrativa.<\/p>\n<p>Os porta-vozes das fam\u00edlias &#8216;tradicionais&#8217; dizem que a maioria da popula\u00e7\u00e3o apoia a proibi\u00e7\u00e3o dos livros do MEC.  <\/p>\n<p>Essa maioria deveria se perguntar por que confiam a educa\u00e7\u00e3o de seus filhos a \u2018nobres\u2019 edis que denunciam uns aos outros.<\/p>\n","protected":false},"excerpt":{"rendered":"<p>A pol\u00eamica que revelou ao Brasil a estupidez do prefeito e vereadores do pequeno munic\u00edpio de Ariquemes, no interior de Rond\u00f4nia, n\u00e3o para. Eles decidiram rasgar as p\u00e1ginas de livros do Minist\u00e9rio da Educa\u00e7\u00e3o que tratam quest\u00f5es de g\u00eanero e diversidade familiar para autorizar o uso na rede p\u00fablica de ensino.<\/p>\n","protected":false},"author":1,"featured_media":0,"comment_status":"closed","ping_status":"open","sticky":false,"template":"","format":"standard","meta":{"_exactmetrics_skip_tracking":false,"_exactmetrics_sitenote_active":false,"_exactmetrics_sitenote_note":"","_exactmetrics_sitenote_category":0,"jetpack_post_was_ever_published":false,"_jetpack_newsletter_access":"","_jetpack_dont_email_post_to_subs":false,"_jetpack_newsletter_tier_id":0,"_jetpack_memberships_contains_paywalled_content":false,"_jetpack_memberships_contains_paid_content":false,"footnotes":"","jetpack_publicize_message":"","jetpack_publicize_feature_enabled":true,"jetpack_social_post_already_shared":true,"jetpack_social_options":{"image_generator_settings":{"template":"highway","enabled":false},"version":2}},"categories":[1],"tags":[],"class_list":["post-7956","post","type-post","status-publish","format-standard","hentry","category-notas"],"jetpack_publicize_connections":[],"jetpack_sharing_enabled":true,"jetpack_featured_media_url":"","jetpack_shortlink":"https:\/\/wp.me\/p7wKYW-24k","jetpack-related-posts":[],"_links":{"self":[{"href":"http:\/\/blogdalucianaoliveira.com.br\/blog\/wp-json\/wp\/v2\/posts\/7956","targetHints":{"allow":["GET"]}}],"collection":[{"href":"http:\/\/blogdalucianaoliveira.com.br\/blog\/wp-json\/wp\/v2\/posts"}],"about":[{"href":"http:\/\/blogdalucianaoliveira.com.br\/blog\/wp-json\/wp\/v2\/types\/post"}],"author":[{"embeddable":true,"href":"http:\/\/blogdalucianaoliveira.com.br\/blog\/wp-json\/wp\/v2\/users\/1"}],"replies":[{"embeddable":true,"href":"http:\/\/blogdalucianaoliveira.com.br\/blog\/wp-json\/wp\/v2\/comments?post=7956"}],"version-history":[{"count":2,"href":"http:\/\/blogdalucianaoliveira.com.br\/blog\/wp-json\/wp\/v2\/posts\/7956\/revisions"}],"predecessor-version":[{"id":7958,"href":"http:\/\/blogdalucianaoliveira.com.br\/blog\/wp-json\/wp\/v2\/posts\/7956\/revisions\/7958"}],"wp:attachment":[{"href":"http:\/\/blogdalucianaoliveira.com.br\/blog\/wp-json\/wp\/v2\/media?parent=7956"}],"wp:term":[{"taxonomy":"category","embeddable":true,"href":"http:\/\/blogdalucianaoliveira.com.br\/blog\/wp-json\/wp\/v2\/categories?post=7956"},{"taxonomy":"post_tag","embeddable":true,"href":"http:\/\/blogdalucianaoliveira.com.br\/blog\/wp-json\/wp\/v2\/tags?post=7956"}],"curies":[{"name":"wp","href":"https:\/\/api.w.org\/{rel}","templated":true}]}}