{"id":7959,"date":"2017-01-26T12:04:03","date_gmt":"2017-01-26T16:04:03","guid":{"rendered":"http:\/\/blogdalucianaoliveira.com.br\/blog\/?p=7959"},"modified":"2017-01-26T12:13:01","modified_gmt":"2017-01-26T16:13:01","slug":"gabinete-do-prefeito-tomara-lugar-do-museu-da-gente","status":"publish","type":"post","link":"http:\/\/blogdalucianaoliveira.com.br\/blog\/2017\/01\/26\/gabinete-do-prefeito-tomara-lugar-do-museu-da-gente\/","title":{"rendered":"GABINETE DO PREFEITO TOMAR\u00c1 LUGAR DO MUSEU DE GENTE DE ROND\u00d4NIA"},"content":{"rendered":"<p><img data-recalc-dims=\"1\" loading=\"lazy\" decoding=\"async\" data-attachment-id=\"7966\" data-permalink=\"http:\/\/blogdalucianaoliveira.com.br\/blog\/2017\/01\/26\/gabinete-do-prefeito-tomara-lugar-do-museu-da-gente\/img_0980\/\" data-orig-file=\"https:\/\/i0.wp.com\/blogdalucianaoliveira.com.br\/blog\/wp-content\/uploads\/2017\/01\/IMG_0980.jpg?fit=909%2C1215\" data-orig-size=\"909,1215\" data-comments-opened=\"0\" data-image-meta=\"{&quot;aperture&quot;:&quot;0&quot;,&quot;credit&quot;:&quot;&quot;,&quot;camera&quot;:&quot;&quot;,&quot;caption&quot;:&quot;&quot;,&quot;created_timestamp&quot;:&quot;0&quot;,&quot;copyright&quot;:&quot;&quot;,&quot;focal_length&quot;:&quot;0&quot;,&quot;iso&quot;:&quot;0&quot;,&quot;shutter_speed&quot;:&quot;0&quot;,&quot;title&quot;:&quot;&quot;,&quot;orientation&quot;:&quot;0&quot;}\" data-image-title=\"IMG_0980\" data-image-description=\"\" data-image-caption=\"\" data-medium-file=\"https:\/\/i0.wp.com\/blogdalucianaoliveira.com.br\/blog\/wp-content\/uploads\/2017\/01\/IMG_0980.jpg?fit=224%2C300\" data-large-file=\"https:\/\/i0.wp.com\/blogdalucianaoliveira.com.br\/blog\/wp-content\/uploads\/2017\/01\/IMG_0980.jpg?fit=600%2C802\" src=\"https:\/\/i0.wp.com\/blogdalucianaoliveira.com.br\/blog\/wp-content\/uploads\/2017\/01\/IMG_0980.jpg?resize=600%2C802\" alt=\"IMG_0980\" width=\"600\" height=\"802\" class=\"alignnone size-full wp-image-7966\" srcset=\"https:\/\/i0.wp.com\/blogdalucianaoliveira.com.br\/blog\/wp-content\/uploads\/2017\/01\/IMG_0980.jpg?w=909 909w, https:\/\/i0.wp.com\/blogdalucianaoliveira.com.br\/blog\/wp-content\/uploads\/2017\/01\/IMG_0980.jpg?resize=224%2C300 224w, https:\/\/i0.wp.com\/blogdalucianaoliveira.com.br\/blog\/wp-content\/uploads\/2017\/01\/IMG_0980.jpg?resize=768%2C1027 768w, https:\/\/i0.wp.com\/blogdalucianaoliveira.com.br\/blog\/wp-content\/uploads\/2017\/01\/IMG_0980.jpg?resize=766%2C1024 766w\" sizes=\"auto, (max-width: 600px) 100vw, 600px\" \/><\/p>\n<p>Est\u00e1 l\u00e1 na p\u00e1gina http:\/\/www.rondonia.ro.gov.br, em publica\u00e7\u00e3o de julho de 2016 que Porto Velho iria ganhar o Museu de Gente de Rond\u00f4nia, um espa\u00e7o voltado \u00e0 prote\u00e7\u00e3o de viv\u00eancias de pessoas simples ou famosas na hist\u00f3ria de Rond\u00f4nia.<!--more--><\/p>\n<p>S\u00f3 que no blog http:\/\/museudegente.blogspot.com.br, consta que funcionaria no hist\u00f3rico Pr\u00e9dio do Rel\u00f3gio, pra onde o prefeito Hildon Chaves anunciou que mudar\u00e1 a sede da prefeitura.<\/p>\n<p>Com isso a iniciativa da Superintend\u00eancia Estadual de Turismo de abrigar no pr\u00e9dio o museu, reservado \u00e0 prote\u00e7\u00e3o da identidade rondoniense com recursos interativos, ser\u00e1 adiada sabe-se l\u00e1 por quanto tempo.<\/p>\n<p>A Setur noticiou que estava \u201cem processo de cataloga\u00e7\u00e3o e grava\u00e7\u00e3o de depoimentos de personagens que fazem parte da hist\u00f3ria local para formar o Museu de Gente de Rond\u00f4nia. Cerca de 40 pessoas j\u00e1 foram ouvidas.\u201d <\/p>\n<p>At\u00e9 a aquisi\u00e7\u00e3o de equipamentos de filmagem e edi\u00e7\u00e3o das m\u00eddias audiovisuais j\u00e1 teria sido autorizada, bem como material de constru\u00e7\u00e3o e reforma.<\/p>\n<p><img data-recalc-dims=\"1\" loading=\"lazy\" decoding=\"async\" data-attachment-id=\"7968\" data-permalink=\"http:\/\/blogdalucianaoliveira.com.br\/blog\/2017\/01\/26\/gabinete-do-prefeito-tomara-lugar-do-museu-da-gente\/img_0982\/\" data-orig-file=\"https:\/\/i0.wp.com\/blogdalucianaoliveira.com.br\/blog\/wp-content\/uploads\/2017\/01\/IMG_0982.jpg?fit=1280%2C960\" data-orig-size=\"1280,960\" data-comments-opened=\"0\" data-image-meta=\"{&quot;aperture&quot;:&quot;0&quot;,&quot;credit&quot;:&quot;&quot;,&quot;camera&quot;:&quot;&quot;,&quot;caption&quot;:&quot;&quot;,&quot;created_timestamp&quot;:&quot;0&quot;,&quot;copyright&quot;:&quot;&quot;,&quot;focal_length&quot;:&quot;0&quot;,&quot;iso&quot;:&quot;0&quot;,&quot;shutter_speed&quot;:&quot;0&quot;,&quot;title&quot;:&quot;&quot;,&quot;orientation&quot;:&quot;0&quot;}\" data-image-title=\"IMG_0982\" data-image-description=\"\" data-image-caption=\"\" data-medium-file=\"https:\/\/i0.wp.com\/blogdalucianaoliveira.com.br\/blog\/wp-content\/uploads\/2017\/01\/IMG_0982.jpg?fit=300%2C225\" data-large-file=\"https:\/\/i0.wp.com\/blogdalucianaoliveira.com.br\/blog\/wp-content\/uploads\/2017\/01\/IMG_0982.jpg?fit=600%2C450\" src=\"https:\/\/i0.wp.com\/blogdalucianaoliveira.com.br\/blog\/wp-content\/uploads\/2017\/01\/IMG_0982.jpg?resize=600%2C450\" alt=\"IMG_0982\" width=\"600\" height=\"450\" class=\"alignnone size-full wp-image-7968\" srcset=\"https:\/\/i0.wp.com\/blogdalucianaoliveira.com.br\/blog\/wp-content\/uploads\/2017\/01\/IMG_0982.jpg?w=1280 1280w, https:\/\/i0.wp.com\/blogdalucianaoliveira.com.br\/blog\/wp-content\/uploads\/2017\/01\/IMG_0982.jpg?resize=300%2C225 300w, https:\/\/i0.wp.com\/blogdalucianaoliveira.com.br\/blog\/wp-content\/uploads\/2017\/01\/IMG_0982.jpg?resize=768%2C576 768w, https:\/\/i0.wp.com\/blogdalucianaoliveira.com.br\/blog\/wp-content\/uploads\/2017\/01\/IMG_0982.jpg?resize=1024%2C768 1024w, https:\/\/i0.wp.com\/blogdalucianaoliveira.com.br\/blog\/wp-content\/uploads\/2017\/01\/IMG_0982.jpg?resize=400%2C300 400w, https:\/\/i0.wp.com\/blogdalucianaoliveira.com.br\/blog\/wp-content\/uploads\/2017\/01\/IMG_0982.jpg?w=1200 1200w\" sizes=\"auto, (max-width: 600px) 100vw, 600px\" \/><\/p>\n<p>O prefeito pediu e segundo consta na imprensa, o governador teria autorizado verbalmente o uso do pr\u00e9dio para atividades administrativas. Pra l\u00e1 devem ir os mais de 300 nomeados s\u00f3 pra atender ao gabinete.<\/p>\n<p>E o Museu &#8216;da&#8217; Gente? <\/p>\n<p>Pra onde vai e quando ser\u00e1 entregue?<\/p>\n","protected":false},"excerpt":{"rendered":"<p>Est\u00e1 l\u00e1 na p\u00e1gina http:\/\/www.rondonia.ro.gov.br, em publica\u00e7\u00e3o de julho de 2016 que Porto Velho iria ganhar o Museu de Gente de Rond\u00f4nia, um espa\u00e7o voltado \u00e0 prote\u00e7\u00e3o de viv\u00eancias de pessoas simples ou famosas na hist\u00f3ria de Rond\u00f4nia.<\/p>\n","protected":false},"author":1,"featured_media":7968,"comment_status":"closed","ping_status":"open","sticky":false,"template":"","format":"standard","meta":{"_exactmetrics_skip_tracking":false,"_exactmetrics_sitenote_active":false,"_exactmetrics_sitenote_note":"","_exactmetrics_sitenote_category":0,"jetpack_post_was_ever_published":false,"_jetpack_newsletter_access":"","_jetpack_dont_email_post_to_subs":false,"_jetpack_newsletter_tier_id":0,"_jetpack_memberships_contains_paywalled_content":false,"_jetpack_memberships_contains_paid_content":false,"footnotes":"","jetpack_publicize_message":"","jetpack_publicize_feature_enabled":true,"jetpack_social_post_already_shared":true,"jetpack_social_options":{"image_generator_settings":{"template":"highway","enabled":false},"version":2}},"categories":[1],"tags":[],"class_list":["post-7959","post","type-post","status-publish","format-standard","has-post-thumbnail","hentry","category-notas"],"jetpack_publicize_connections":[],"jetpack_sharing_enabled":true,"jetpack_featured_media_url":"https:\/\/i0.wp.com\/blogdalucianaoliveira.com.br\/blog\/wp-content\/uploads\/2017\/01\/IMG_0982.jpg?fit=1280%2C960","jetpack_shortlink":"https:\/\/wp.me\/p7wKYW-24n","jetpack-related-posts":[],"_links":{"self":[{"href":"http:\/\/blogdalucianaoliveira.com.br\/blog\/wp-json\/wp\/v2\/posts\/7959","targetHints":{"allow":["GET"]}}],"collection":[{"href":"http:\/\/blogdalucianaoliveira.com.br\/blog\/wp-json\/wp\/v2\/posts"}],"about":[{"href":"http:\/\/blogdalucianaoliveira.com.br\/blog\/wp-json\/wp\/v2\/types\/post"}],"author":[{"embeddable":true,"href":"http:\/\/blogdalucianaoliveira.com.br\/blog\/wp-json\/wp\/v2\/users\/1"}],"replies":[{"embeddable":true,"href":"http:\/\/blogdalucianaoliveira.com.br\/blog\/wp-json\/wp\/v2\/comments?post=7959"}],"version-history":[{"count":6,"href":"http:\/\/blogdalucianaoliveira.com.br\/blog\/wp-json\/wp\/v2\/posts\/7959\/revisions"}],"predecessor-version":[{"id":7969,"href":"http:\/\/blogdalucianaoliveira.com.br\/blog\/wp-json\/wp\/v2\/posts\/7959\/revisions\/7969"}],"wp:featuredmedia":[{"embeddable":true,"href":"http:\/\/blogdalucianaoliveira.com.br\/blog\/wp-json\/wp\/v2\/media\/7968"}],"wp:attachment":[{"href":"http:\/\/blogdalucianaoliveira.com.br\/blog\/wp-json\/wp\/v2\/media?parent=7959"}],"wp:term":[{"taxonomy":"category","embeddable":true,"href":"http:\/\/blogdalucianaoliveira.com.br\/blog\/wp-json\/wp\/v2\/categories?post=7959"},{"taxonomy":"post_tag","embeddable":true,"href":"http:\/\/blogdalucianaoliveira.com.br\/blog\/wp-json\/wp\/v2\/tags?post=7959"}],"curies":[{"name":"wp","href":"https:\/\/api.w.org\/{rel}","templated":true}]}}