{"id":797,"date":"2016-05-13T20:07:05","date_gmt":"2016-05-14T00:07:05","guid":{"rendered":"http:\/\/blogdalucianaoliveira.com.br\/blog\/?p=797"},"modified":"2016-05-13T20:09:41","modified_gmt":"2016-05-14T00:09:41","slug":"hora-da-torcida-da-fiesp-pagar-o-pato-chegou","status":"publish","type":"post","link":"http:\/\/blogdalucianaoliveira.com.br\/blog\/2016\/05\/13\/hora-da-torcida-da-fiesp-pagar-o-pato-chegou\/","title":{"rendered":"Hora da torcida da FIESP pagar o pato chegou"},"content":{"rendered":"<div style=\"width: 600px;\" class=\"wp-video\"><video class=\"wp-video-shortcode\" id=\"video-797-1\" width=\"600\" height=\"338\" preload=\"metadata\" controls=\"controls\"><source type=\"video\/mp4\" src=\"http:\/\/blogdalucianaoliveira.com.br\/blog\/wp-content\/uploads\/2016\/05\/IMG_6003.mp4?_=1\" \/><a href=\"http:\/\/blogdalucianaoliveira.com.br\/blog\/wp-content\/uploads\/2016\/05\/IMG_6003.mp4\">http:\/\/blogdalucianaoliveira.com.br\/blog\/wp-content\/uploads\/2016\/05\/IMG_6003.mp4<\/a><\/video><\/div>\n<p>O an\u00fancio veio numa sexta-feira 13. <\/p>\n<p>O novo ministro da Fazenda disse pra tranquilizar os milhares de manifestantes que a FIESP levou \u00e0s ruas, que ser\u00e1 tempor\u00e1rio o tributo sobre opera\u00e7\u00f5es financeiras. <!--more--><\/p>\n<p>Tomara que n\u00e3o dure mais de uma d\u00e9cada de novo. A Contribui\u00e7\u00e3o Provis\u00f3ria sobre Movimenta\u00e7\u00e3o Financeira (CPMF) foi criada no governo de Itamar Franco, quando FHC era seu ministro da Fazenda. <\/p>\n<p>Foi no governo Lula que o tributo deixou de ser cobrado. <\/p>\n<p>Temer vai fazer o que a presidente Dilma defendeu, mais foi boicotada no Congresso Nacional o que agravou a crise econ\u00f4mica.<\/p>\n<p>&#8220;O Brasil precisa da contribui\u00e7\u00e3o do Congresso Nacional para dar sequ\u00eancia \u00e0 estabiliza\u00e7\u00e3o fiscal e assegurar a retomada do crescimento\u201d, disse a presidente. <\/p>\n<p>Pode-se dizer, portanto, que mentiram para os manifestantes da FIESP, que literalmente v\u00e3o pagar o pato, uma vez que este tributo pesa mais no bolso da mais a classe m\u00e9dia. <\/p>\n<p>Qua qua \ud83d\udc25  <\/p>\n","protected":false},"excerpt":{"rendered":"<p>O an\u00fancio veio numa sexta-feira 13. O novo ministro da Fazenda disse pra tranquilizar os milhares de manifestantes que a FIESP levou \u00e0s ruas, que ser\u00e1 tempor\u00e1rio o tributo sobre opera\u00e7\u00f5es financeiras.<\/p>\n","protected":false},"author":1,"featured_media":0,"comment_status":"closed","ping_status":"open","sticky":false,"template":"","format":"standard","meta":{"_exactmetrics_skip_tracking":false,"_exactmetrics_sitenote_active":false,"_exactmetrics_sitenote_note":"","_exactmetrics_sitenote_category":0,"jetpack_post_was_ever_published":false,"_jetpack_newsletter_access":"","_jetpack_dont_email_post_to_subs":false,"_jetpack_newsletter_tier_id":0,"_jetpack_memberships_contains_paywalled_content":false,"_jetpack_memberships_contains_paid_content":false,"footnotes":"","jetpack_publicize_message":"","jetpack_publicize_feature_enabled":true,"jetpack_social_post_already_shared":true,"jetpack_social_options":{"image_generator_settings":{"template":"highway","enabled":false},"version":2}},"categories":[1],"tags":[],"class_list":["post-797","post","type-post","status-publish","format-standard","hentry","category-notas"],"jetpack_publicize_connections":[],"jetpack_sharing_enabled":true,"jetpack_featured_media_url":"","jetpack_shortlink":"https:\/\/wp.me\/p7wKYW-cR","jetpack-related-posts":[],"_links":{"self":[{"href":"http:\/\/blogdalucianaoliveira.com.br\/blog\/wp-json\/wp\/v2\/posts\/797","targetHints":{"allow":["GET"]}}],"collection":[{"href":"http:\/\/blogdalucianaoliveira.com.br\/blog\/wp-json\/wp\/v2\/posts"}],"about":[{"href":"http:\/\/blogdalucianaoliveira.com.br\/blog\/wp-json\/wp\/v2\/types\/post"}],"author":[{"embeddable":true,"href":"http:\/\/blogdalucianaoliveira.com.br\/blog\/wp-json\/wp\/v2\/users\/1"}],"replies":[{"embeddable":true,"href":"http:\/\/blogdalucianaoliveira.com.br\/blog\/wp-json\/wp\/v2\/comments?post=797"}],"version-history":[{"count":4,"href":"http:\/\/blogdalucianaoliveira.com.br\/blog\/wp-json\/wp\/v2\/posts\/797\/revisions"}],"predecessor-version":[{"id":802,"href":"http:\/\/blogdalucianaoliveira.com.br\/blog\/wp-json\/wp\/v2\/posts\/797\/revisions\/802"}],"wp:attachment":[{"href":"http:\/\/blogdalucianaoliveira.com.br\/blog\/wp-json\/wp\/v2\/media?parent=797"}],"wp:term":[{"taxonomy":"category","embeddable":true,"href":"http:\/\/blogdalucianaoliveira.com.br\/blog\/wp-json\/wp\/v2\/categories?post=797"},{"taxonomy":"post_tag","embeddable":true,"href":"http:\/\/blogdalucianaoliveira.com.br\/blog\/wp-json\/wp\/v2\/tags?post=797"}],"curies":[{"name":"wp","href":"https:\/\/api.w.org\/{rel}","templated":true}]}}