{"id":7973,"date":"2017-01-26T18:08:31","date_gmt":"2017-01-26T22:08:31","guid":{"rendered":"http:\/\/blogdalucianaoliveira.com.br\/blog\/?p=7973"},"modified":"2017-01-26T18:08:31","modified_gmt":"2017-01-26T22:08:31","slug":"os-orfaos-da-globalizacao-neoliberal","status":"publish","type":"post","link":"http:\/\/blogdalucianaoliveira.com.br\/blog\/2017\/01\/26\/os-orfaos-da-globalizacao-neoliberal\/","title":{"rendered":"Os \u00f3rf\u00e3os da globaliza\u00e7\u00e3o neoliberal"},"content":{"rendered":"<p><img data-recalc-dims=\"1\" loading=\"lazy\" decoding=\"async\" data-attachment-id=\"7974\" data-permalink=\"http:\/\/blogdalucianaoliveira.com.br\/blog\/2017\/01\/26\/os-orfaos-da-globalizacao-neoliberal\/orfao\/\" data-orig-file=\"https:\/\/i0.wp.com\/blogdalucianaoliveira.com.br\/blog\/wp-content\/uploads\/2017\/01\/orfao.jpg?fit=490%2C280\" data-orig-size=\"490,280\" data-comments-opened=\"0\" data-image-meta=\"{&quot;aperture&quot;:&quot;0&quot;,&quot;credit&quot;:&quot;&quot;,&quot;camera&quot;:&quot;&quot;,&quot;caption&quot;:&quot;&quot;,&quot;created_timestamp&quot;:&quot;0&quot;,&quot;copyright&quot;:&quot;&quot;,&quot;focal_length&quot;:&quot;0&quot;,&quot;iso&quot;:&quot;0&quot;,&quot;shutter_speed&quot;:&quot;0&quot;,&quot;title&quot;:&quot;&quot;,&quot;orientation&quot;:&quot;0&quot;}\" data-image-title=\"orfao\" data-image-description=\"\" data-image-caption=\"\" data-medium-file=\"https:\/\/i0.wp.com\/blogdalucianaoliveira.com.br\/blog\/wp-content\/uploads\/2017\/01\/orfao.jpg?fit=300%2C171\" data-large-file=\"https:\/\/i0.wp.com\/blogdalucianaoliveira.com.br\/blog\/wp-content\/uploads\/2017\/01\/orfao.jpg?fit=490%2C280\" src=\"https:\/\/i0.wp.com\/blogdalucianaoliveira.com.br\/blog\/wp-content\/uploads\/2017\/01\/orfao.jpg?resize=490%2C280\" alt=\"orfao\" width=\"490\" height=\"280\" class=\"alignnone size-full wp-image-7974\" srcset=\"https:\/\/i0.wp.com\/blogdalucianaoliveira.com.br\/blog\/wp-content\/uploads\/2017\/01\/orfao.jpg?w=490 490w, https:\/\/i0.wp.com\/blogdalucianaoliveira.com.br\/blog\/wp-content\/uploads\/2017\/01\/orfao.jpg?resize=300%2C171 300w\" sizes=\"auto, (max-width: 490px) 100vw, 490px\" \/><\/p>\n<p>Por Emir Sader<br \/>\nNo 247<\/p>\n<p>Era o caminho inevit\u00e1vel, incontorn\u00e1vel, que superaria tudo o que a hist\u00f3ria havia vivido at\u00e9 ent\u00e3o. O livre com\u00e9rcio, a abertura dos mercados nacionais, o fim dos Estados nacionais, a livre circula\u00e7\u00e3o dos capitais, a desterritorializa\u00e7\u00e3o dos investimentos: na globaliza\u00e7\u00e3o neoliberal desembocava inexoravelmente o movimento hist\u00f3rico de universaliza\u00e7\u00e3o das rela\u00e7\u00f5es capitalistas, iniciado h\u00e1 alguns s\u00e9culos.<!--more--><\/p>\n<p>Viv\u00edamos esse momento privilegiado de mercantiliza\u00e7\u00e3o do mundo, frente ao qual desapareciam as alternativas, todas restritas, nacionais, anti-mercantis, desapareceriam as regulamenta\u00e7\u00f5es que obstaculizavam a livre expans\u00e3o do capital. Pa\u00edses da Am\u00e9rica Latina que haviam atuado na contram\u00e3o dessa tend\u00eancia global irrevers\u00edvel, at\u00e9 que na Argentina e no Brasil se reencontrava o caminho da volta da globaliza\u00e7\u00e3o neoliberal e o futuro voltava a se abrir para esses pa\u00edses.<\/p>\n<p>A elei\u00e7\u00e3o de Hillary Clinton viria coroar esse futuro reaberto com um neoliberalismo renovado, tendo Mauricio Macri e Michel Temer como os principais protagonistas no continente. Tudo estava pronto para que a hist\u00f3ria da Am\u00e9rica Latina retomasse o caminho equivocadamente abandonado pela via do populismo. Neste momento, Hillary Clinton estaria desfilando pelas passarelas pol\u00edticas da regi\u00e3o usando seu look retirado do arm\u00e1rio e recebida em festa pelos governos da Argentina e do Brasil. O Chile havia declarado que o TPP era o acordo do s\u00e9culo. O M\u00e9xico tinha jogado todo o seu destino no Tratado de Livre Com\u00e9rcio da Am\u00e9rica do Norte.<\/p>\n<p>De repente, o voto de sa\u00edda da Gr\u00e3- Bretanha da Uni\u00e3o Europeia anunciava que algo estava fora da ordem mundial. Logo, Donald Trump triunfou e imediatamente anulou a participa\u00e7\u00e3o dos EUA no TPP, assim como desistiu do Tratado de Livre Com\u00e9rcio com a Europa e questiona o Tratado com o M\u00e9xico e o Canad\u00e1.<\/p>\n<p>A b\u00fassola dos neoliberais quebrou. O futuro j\u00e1 n\u00e3o \u00e9 o que seria. Justo os que nos haviam vendido esse futuro, o negam e voltam ao protecionismo, que diziam que estava superado definitivamente. Saem dos acordos de livre com\u00e9rcio que haviam anunciado que era o destino irrevers\u00edvel. Retomam a defesa dos empregos dentro dos seus pa\u00edses, quando exploravam m\u00e3o de obra de fora como o caminho para melhorar a concorr\u00eancia.<\/p>\n<p>Enfim, o futuro j\u00e1 n\u00e3o \u00e9 o que foi. Voltou a estar aberto. O que se dizia que estava superado, volta com for\u00e7a. O que se prometia como o destino inexor\u00e1vel, deixou de ser.<\/p>\n<p>Os que atrelaram seu destino \u00e0 globaliza\u00e7\u00e3o neoliberal ficaram \u00f3rf\u00e3os. Serra prometia levar o Brasil para o TPP, que agora n\u00e3o existe mais. A Argentina e o Brasil trataram de enfraquecer os espa\u00e7os de integra\u00e7\u00e3o regional, em fun\u00e7\u00e3o do retorno da subordina\u00e7\u00e3o aos EUA. Agora, da mesma forma que ao M\u00e9xico, lhes fecham as portas (\u00e0 Argentina j\u00e1 lhe custou o cancelamento amargo da exporta\u00e7\u00e3o de lim\u00f5es. Ao M\u00e9xico lhe custa tudo: investimentos, empregos, remessas dos EUA).<\/p>\n<p>N\u00e3o h\u00e1 destino obrigat\u00f3rio para a humanidade. O futuro est\u00e1 aberto, ser\u00e1 decidido pelas vias que os povos decidam democraticamente. Por que n\u00e3o a Argentina, o Brasil e o M\u00e9xico, com governos soberanos, decidam, muito logo, redirecionar suas pol\u00edticas externas e ampliar e refor\u00e7ar os processos de integra\u00e7\u00e3o latino-americana, estreitamente articulados aos Brics? Por que n\u00e3o?<\/p>\n","protected":false},"excerpt":{"rendered":"<p>Por Emir Sader No 247 Era o caminho inevit\u00e1vel, incontorn\u00e1vel, que superaria tudo o que a hist\u00f3ria havia vivido at\u00e9 ent\u00e3o. O livre com\u00e9rcio, a abertura dos mercados nacionais, o fim dos Estados nacionais, a livre circula\u00e7\u00e3o dos capitais, a desterritorializa\u00e7\u00e3o dos investimentos: na globaliza\u00e7\u00e3o neoliberal desembocava inexoravelmente o movimento hist\u00f3rico de universaliza\u00e7\u00e3o das rela\u00e7\u00f5es&#8230;<a class=\"more-link\" href=\"http:\/\/blogdalucianaoliveira.com.br\/blog\/2017\/01\/26\/os-orfaos-da-globalizacao-neoliberal\/\">Continue a leitura <span class=\"meta-nav\">&raquo;<\/span><\/a><\/p>\n","protected":false},"author":1,"featured_media":0,"comment_status":"closed","ping_status":"open","sticky":false,"template":"","format":"standard","meta":{"_exactmetrics_skip_tracking":false,"_exactmetrics_sitenote_active":false,"_exactmetrics_sitenote_note":"","_exactmetrics_sitenote_category":0,"jetpack_post_was_ever_published":false,"_jetpack_newsletter_access":"","_jetpack_dont_email_post_to_subs":false,"_jetpack_newsletter_tier_id":0,"_jetpack_memberships_contains_paywalled_content":false,"_jetpack_memberships_contains_paid_content":false,"footnotes":"","jetpack_publicize_message":"","jetpack_publicize_feature_enabled":true,"jetpack_social_post_already_shared":true,"jetpack_social_options":{"image_generator_settings":{"template":"highway","enabled":false},"version":2}},"categories":[1],"tags":[],"class_list":["post-7973","post","type-post","status-publish","format-standard","hentry","category-notas"],"jetpack_publicize_connections":[],"jetpack_sharing_enabled":true,"jetpack_featured_media_url":"","jetpack_shortlink":"https:\/\/wp.me\/p7wKYW-24B","jetpack-related-posts":[],"_links":{"self":[{"href":"http:\/\/blogdalucianaoliveira.com.br\/blog\/wp-json\/wp\/v2\/posts\/7973","targetHints":{"allow":["GET"]}}],"collection":[{"href":"http:\/\/blogdalucianaoliveira.com.br\/blog\/wp-json\/wp\/v2\/posts"}],"about":[{"href":"http:\/\/blogdalucianaoliveira.com.br\/blog\/wp-json\/wp\/v2\/types\/post"}],"author":[{"embeddable":true,"href":"http:\/\/blogdalucianaoliveira.com.br\/blog\/wp-json\/wp\/v2\/users\/1"}],"replies":[{"embeddable":true,"href":"http:\/\/blogdalucianaoliveira.com.br\/blog\/wp-json\/wp\/v2\/comments?post=7973"}],"version-history":[{"count":1,"href":"http:\/\/blogdalucianaoliveira.com.br\/blog\/wp-json\/wp\/v2\/posts\/7973\/revisions"}],"predecessor-version":[{"id":7975,"href":"http:\/\/blogdalucianaoliveira.com.br\/blog\/wp-json\/wp\/v2\/posts\/7973\/revisions\/7975"}],"wp:attachment":[{"href":"http:\/\/blogdalucianaoliveira.com.br\/blog\/wp-json\/wp\/v2\/media?parent=7973"}],"wp:term":[{"taxonomy":"category","embeddable":true,"href":"http:\/\/blogdalucianaoliveira.com.br\/blog\/wp-json\/wp\/v2\/categories?post=7973"},{"taxonomy":"post_tag","embeddable":true,"href":"http:\/\/blogdalucianaoliveira.com.br\/blog\/wp-json\/wp\/v2\/tags?post=7973"}],"curies":[{"name":"wp","href":"https:\/\/api.w.org\/{rel}","templated":true}]}}