{"id":7979,"date":"2017-01-27T10:44:12","date_gmt":"2017-01-27T14:44:12","guid":{"rendered":"http:\/\/blogdalucianaoliveira.com.br\/blog\/?p=7979"},"modified":"2017-01-27T10:44:12","modified_gmt":"2017-01-27T14:44:12","slug":"inacreditavel-que-o-brasil-tenha-chegado-a-esse-ponto","status":"publish","type":"post","link":"http:\/\/blogdalucianaoliveira.com.br\/blog\/2017\/01\/27\/inacreditavel-que-o-brasil-tenha-chegado-a-esse-ponto\/","title":{"rendered":"Inacredit\u00e1vel que o Brasil tenha chegado a esse ponto"},"content":{"rendered":"<p><img data-recalc-dims=\"1\" loading=\"lazy\" decoding=\"async\" data-attachment-id=\"7980\" data-permalink=\"http:\/\/blogdalucianaoliveira.com.br\/blog\/2017\/01\/27\/inacreditavel-que-o-brasil-tenha-chegado-a-esse-ponto\/odiolula\/\" data-orig-file=\"https:\/\/i0.wp.com\/blogdalucianaoliveira.com.br\/blog\/wp-content\/uploads\/2017\/01\/odiolula.jpg?fit=490%2C280\" data-orig-size=\"490,280\" data-comments-opened=\"0\" data-image-meta=\"{&quot;aperture&quot;:&quot;0&quot;,&quot;credit&quot;:&quot;&quot;,&quot;camera&quot;:&quot;&quot;,&quot;caption&quot;:&quot;&quot;,&quot;created_timestamp&quot;:&quot;0&quot;,&quot;copyright&quot;:&quot;&quot;,&quot;focal_length&quot;:&quot;0&quot;,&quot;iso&quot;:&quot;0&quot;,&quot;shutter_speed&quot;:&quot;0&quot;,&quot;title&quot;:&quot;&quot;,&quot;orientation&quot;:&quot;0&quot;}\" data-image-title=\"odiolula\" data-image-description=\"\" data-image-caption=\"\" data-medium-file=\"https:\/\/i0.wp.com\/blogdalucianaoliveira.com.br\/blog\/wp-content\/uploads\/2017\/01\/odiolula.jpg?fit=300%2C171\" data-large-file=\"https:\/\/i0.wp.com\/blogdalucianaoliveira.com.br\/blog\/wp-content\/uploads\/2017\/01\/odiolula.jpg?fit=490%2C280\" src=\"https:\/\/i0.wp.com\/blogdalucianaoliveira.com.br\/blog\/wp-content\/uploads\/2017\/01\/odiolula.jpg?resize=490%2C280\" alt=\"odiolula\" width=\"490\" height=\"280\" class=\"alignnone size-full wp-image-7980\" srcset=\"https:\/\/i0.wp.com\/blogdalucianaoliveira.com.br\/blog\/wp-content\/uploads\/2017\/01\/odiolula.jpg?w=490 490w, https:\/\/i0.wp.com\/blogdalucianaoliveira.com.br\/blog\/wp-content\/uploads\/2017\/01\/odiolula.jpg?resize=300%2C171 300w\" sizes=\"auto, (max-width: 490px) 100vw, 490px\" \/><\/p>\n<p>Eros, Tanatos e o \u00f3dio \u00e0 fam\u00edlia Lula da Silva<!--more--><\/p>\n<p>Por Tereza Cruvinel<br \/>\nNo 247<\/p>\n<p>O advento das redes sociais e o aumento do acesso a elas pela inclus\u00e3o digital certamente carregam virtudes e benef\u00edcios. No Brasil, entretanto, as redes t\u00eam servido tamb\u00e9m para revelar um tra\u00e7o horr\u00edvel de parcela dos brasileiros: o \u00f3dio e sua viol\u00eancia latente, a intoler\u00e2ncia, a incapacidade de aceitar a diverg\u00eancia e conviver com o outro, a aus\u00eancia absoluta de compaix\u00e3o por aquele que \u201cn\u00e3o \u00e9 do meu lado\u201d, n\u00e3o pensa como eu, n\u00e3o se parece comigo. <\/p>\n<p>Em um povo que em outros tempos se dizia regido por Eros \u2013 deus do amor e do prazer na mitologia grega, que se manifestaria atrav\u00e9s da alegria, do carnaval e da leveza da alma brasileira \u2013 de repente surgem grupos dominados por Tanatos, o instinto de morte e destrui\u00e7\u00e3o, permeado pela completa aus\u00eancia da compaix\u00e3o, sentimento distintivo da humanidade.  <\/p>\n<p>Freud, nos fundamentos da psican\u00e1lise, identificou estes dois princ\u00edpios como regentes do comportamento humano.  Nos \u00faltimos dois dias, a puls\u00e3o de Tanatos manifestou com toda a sua for\u00e7a bruta, na viol\u00eancia das agress\u00f5es, pelas redes, a dona Marisa Let\u00edcia Lula da Silva, que enfrenta em coma induzido as consequ\u00eancias de um acidente vascular cerebral.<\/p>\n<p>Para al\u00e9m das mo\u00e7oilas paulistanas que foram \u00e0 porta do Hospital S\u00edrio-Liban\u00eas pedir Lula na cadeia e Marisa no SUS, escorre a enxurrada de agress\u00f5es nas redes sociais. Um certo Emerson Rodrigues da Silva postou no Youtube uma \u201cnota de comemora\u00e7\u00e3o para celebrar o dia em que Marisa Let\u00edcia Lula da Silva foi para o inferno\u201d. E o fez louvando a Deus por estar fazendo justi\u00e7a. Segue-se a torrente de improp\u00e9rios contra Lula e sua fam\u00edlia, responsabilizados pela morte do pai do youtuber raivoso, que n\u00e3o entra em detalhes sobre como isso pode ter acontecido. Consegui ouvir at\u00e9 o fim mas foi de perder a esperan\u00e7a na humanidade.<\/p>\n<p>Outro ativista, que se apresenta como Dom Werneck, assegura estar notificando em primeira m\u00e3o que dona Marisa faleceu, teve morte cerebral. Sobre esta mentira \u2013 pois \u00e9 sabido que ela continua em coma induzido,  e segundo o hospital, em situa\u00e7\u00e3o est\u00e1vel, embora preocupante &#8211; ele destila seu \u00f3dio: \u201cesta fam\u00edlia destruiu o Brasil, roubou o povo brasileiro, levou milh\u00f5es de brasileiros ao desemprego&#8230;\u201de por vai.  <\/p>\n<p>Ele tamb\u00e9m invoca Deus para garantir que a fam\u00edlia Lula da Silva sofrer\u00e1 muito, tanto na terra como no inferno, no outro mundo. Quem haver\u00e1 de tentar dialogar com um sujeito destes? Ele continuar\u00e1 falando para os seus \u201csemelhantes\u201d e ouvindo apenas seus iguais,  ignorando ou odiando todos que se afastem de suas convic\u00e7\u00f5es. Est\u00e1 tomado por Tanatos.<\/p>\n<p>Mas tamb\u00e9m no mundo mais refinado do jornalismo houve manifesta\u00e7\u00f5es que s\u00f3 os tempos explicam, como a do colunista Ricardo Noblat, afirmando que dona Marisa sofreu um AVC por sua pr\u00f3pria culpa, por seus maus h\u00e1bitos, como o de fumar, por sedentarismo, e pelos atos do marido que levaram tens\u00e3o \u00e0 fam\u00edlia. Um tal diagn\u00f3stico n\u00e3o autorizado s\u00f3 pode ter o prop\u00f3sito de vacinar leitores contra interpreta\u00e7\u00f5es de que \u201coutros\u201d foram os culpados. Outros de Curitiba, da Lava Jato, do Supremo etc. Um prop\u00f3sito que passa ao largo da miss\u00e3o dos jornalistas, quando o jornalismo ainda observava os c\u00e2nones que Noblat tanto cultivou em sua brilhante carreira.<\/p>\n<p>As mo\u00e7as da porta do S\u00edrio-Liban\u00eas ter\u00e3o tido algum dia um parente lutando pela vida? Ter\u00e3o visto algu\u00e9m de suas fam\u00edlias morrer por falta de bom atendimento m\u00e9dico, como Lula viu morrer sua primeira mulher? Alguma vez protestaram contra tantos outros pol\u00edticos internados naquele hospital privado, alguns de not\u00f3ria ficha corrida, por\u00e9m brancos e bem nascidos? Elas querem um muro como o de Trump, um muro entre classes, muro que sofreu pequenas demoli\u00e7\u00f5es justamente na era Lula, e que agora o Governo Temer repara com medidas de retrocesso. Elas tamb\u00e9m s\u00e3o movidas por Tanatos. Alinham-se com a morte e n\u00e3o com a vida.<\/p>\n","protected":false},"excerpt":{"rendered":"<p>Eros, Tanatos e o \u00f3dio \u00e0 fam\u00edlia Lula da Silva<\/p>\n","protected":false},"author":1,"featured_media":0,"comment_status":"closed","ping_status":"open","sticky":false,"template":"","format":"standard","meta":{"_exactmetrics_skip_tracking":false,"_exactmetrics_sitenote_active":false,"_exactmetrics_sitenote_note":"","_exactmetrics_sitenote_category":0,"jetpack_post_was_ever_published":false,"_jetpack_newsletter_access":"","_jetpack_dont_email_post_to_subs":false,"_jetpack_newsletter_tier_id":0,"_jetpack_memberships_contains_paywalled_content":false,"_jetpack_memberships_contains_paid_content":false,"footnotes":"","jetpack_publicize_message":"","jetpack_publicize_feature_enabled":true,"jetpack_social_post_already_shared":true,"jetpack_social_options":{"image_generator_settings":{"template":"highway","enabled":false},"version":2}},"categories":[1],"tags":[],"class_list":["post-7979","post","type-post","status-publish","format-standard","hentry","category-notas"],"jetpack_publicize_connections":[],"jetpack_sharing_enabled":true,"jetpack_featured_media_url":"","jetpack_shortlink":"https:\/\/wp.me\/p7wKYW-24H","jetpack-related-posts":[],"_links":{"self":[{"href":"http:\/\/blogdalucianaoliveira.com.br\/blog\/wp-json\/wp\/v2\/posts\/7979","targetHints":{"allow":["GET"]}}],"collection":[{"href":"http:\/\/blogdalucianaoliveira.com.br\/blog\/wp-json\/wp\/v2\/posts"}],"about":[{"href":"http:\/\/blogdalucianaoliveira.com.br\/blog\/wp-json\/wp\/v2\/types\/post"}],"author":[{"embeddable":true,"href":"http:\/\/blogdalucianaoliveira.com.br\/blog\/wp-json\/wp\/v2\/users\/1"}],"replies":[{"embeddable":true,"href":"http:\/\/blogdalucianaoliveira.com.br\/blog\/wp-json\/wp\/v2\/comments?post=7979"}],"version-history":[{"count":1,"href":"http:\/\/blogdalucianaoliveira.com.br\/blog\/wp-json\/wp\/v2\/posts\/7979\/revisions"}],"predecessor-version":[{"id":7981,"href":"http:\/\/blogdalucianaoliveira.com.br\/blog\/wp-json\/wp\/v2\/posts\/7979\/revisions\/7981"}],"wp:attachment":[{"href":"http:\/\/blogdalucianaoliveira.com.br\/blog\/wp-json\/wp\/v2\/media?parent=7979"}],"wp:term":[{"taxonomy":"category","embeddable":true,"href":"http:\/\/blogdalucianaoliveira.com.br\/blog\/wp-json\/wp\/v2\/categories?post=7979"},{"taxonomy":"post_tag","embeddable":true,"href":"http:\/\/blogdalucianaoliveira.com.br\/blog\/wp-json\/wp\/v2\/tags?post=7979"}],"curies":[{"name":"wp","href":"https:\/\/api.w.org\/{rel}","templated":true}]}}