{"id":7982,"date":"2017-01-27T10:47:43","date_gmt":"2017-01-27T14:47:43","guid":{"rendered":"http:\/\/blogdalucianaoliveira.com.br\/blog\/?p=7982"},"modified":"2017-01-27T10:47:43","modified_gmt":"2017-01-27T14:47:43","slug":"pergunte-se-por-que-e-pra-que","status":"publish","type":"post","link":"http:\/\/blogdalucianaoliveira.com.br\/blog\/2017\/01\/27\/pergunte-se-por-que-e-pra-que\/","title":{"rendered":"Pergunte-se por que e pra que"},"content":{"rendered":"<p><img data-recalc-dims=\"1\" loading=\"lazy\" decoding=\"async\" data-attachment-id=\"7983\" data-permalink=\"http:\/\/blogdalucianaoliveira.com.br\/blog\/2017\/01\/27\/pergunte-se-por-que-e-pra-que\/cruel\/\" data-orig-file=\"https:\/\/i0.wp.com\/blogdalucianaoliveira.com.br\/blog\/wp-content\/uploads\/2017\/01\/cruel.jpg?fit=1000%2C357\" data-orig-size=\"1000,357\" data-comments-opened=\"0\" data-image-meta=\"{&quot;aperture&quot;:&quot;0&quot;,&quot;credit&quot;:&quot;&quot;,&quot;camera&quot;:&quot;&quot;,&quot;caption&quot;:&quot;&quot;,&quot;created_timestamp&quot;:&quot;0&quot;,&quot;copyright&quot;:&quot;&quot;,&quot;focal_length&quot;:&quot;0&quot;,&quot;iso&quot;:&quot;0&quot;,&quot;shutter_speed&quot;:&quot;0&quot;,&quot;title&quot;:&quot;&quot;,&quot;orientation&quot;:&quot;0&quot;}\" data-image-title=\"cruel\" data-image-description=\"\" data-image-caption=\"\" data-medium-file=\"https:\/\/i0.wp.com\/blogdalucianaoliveira.com.br\/blog\/wp-content\/uploads\/2017\/01\/cruel.jpg?fit=300%2C107\" data-large-file=\"https:\/\/i0.wp.com\/blogdalucianaoliveira.com.br\/blog\/wp-content\/uploads\/2017\/01\/cruel.jpg?fit=600%2C214\" src=\"https:\/\/i0.wp.com\/blogdalucianaoliveira.com.br\/blog\/wp-content\/uploads\/2017\/01\/cruel.jpg?resize=600%2C214\" alt=\"cruel\" width=\"600\" height=\"214\" class=\"alignnone size-full wp-image-7983\" srcset=\"https:\/\/i0.wp.com\/blogdalucianaoliveira.com.br\/blog\/wp-content\/uploads\/2017\/01\/cruel.jpg?w=1000 1000w, https:\/\/i0.wp.com\/blogdalucianaoliveira.com.br\/blog\/wp-content\/uploads\/2017\/01\/cruel.jpg?resize=300%2C107 300w, https:\/\/i0.wp.com\/blogdalucianaoliveira.com.br\/blog\/wp-content\/uploads\/2017\/01\/cruel.jpg?resize=768%2C274 768w, https:\/\/i0.wp.com\/blogdalucianaoliveira.com.br\/blog\/wp-content\/uploads\/2017\/01\/cruel.jpg?resize=800%2C286 800w\" sizes=\"auto, (max-width: 600px) 100vw, 600px\" \/><\/p>\n<p>BRITO: PF FAZ TORTURA EMOCIONAL COM LULA<!--more--><\/p>\n<p>Por Fernando Brito, do Tijola\u00e7o &#8211; Depois do delegado Mauricio Moscardi ter protagonizado, nas p\u00e1ginas amarelas da Veja, um espet\u00e1culo de falta de decoro policial,  alguns dias atr\u00e1s, que o rep\u00f3rter Marcelo Auler demoliu at\u00e9 virar poeira, outro delegado da lava jato, Igor Rom\u00e1rio de Paula, sobe ao picadeiro para rugir sua ferocidade.<\/p>\n<p>Moscardi faz uma confiss\u00e3o pr\u00e1tica de que prender Lula n\u00e3o era uma quest\u00e3o de lei, mas de timming pol\u00edtico-policial, dentro daquela j\u00e1 famosa linha do \u201cn\u00e3o t\u00ednhamos provas, mas temos as convic\u00e7\u00f5es\u201d.<\/p>\n<p>J\u00e1 Igor diz que n\u00e3o se perdeu o timming, e que a pris\u00e3o de Lula pode acontecer em \u201c30 ou 60 dias\u201d.<\/p>\n<p>Como pris\u00e3o sem julgamento no Brasil s\u00f3 existe em caso de oculta\u00e7\u00e3o de provas, tentativas de obstruir investiga\u00e7\u00f5es por expedientes ilegais ou manifesto risco \u00e0 sociedade, o delegado Igor mostra \u2013 como se ainda fosse preciso \u2013 que n\u00e3o se trata de um expediente legal, mas da legaliza\u00e7\u00e3o da obsess\u00e3o lavajatiana de prender o ex-presidente, por algum e qualquer motivo.<\/p>\n<p>Num pa\u00eds minimamente cioso da isen\u00e7\u00e3o de seu sistema policial-judicial, toda esta turma j\u00e1 teria sido afastada, h\u00e1 muito tempo, por transformar o seu poder em persegui\u00e7\u00e3o pol\u00edtica e na realiza\u00e7\u00e3o de seus desejos pessoais.<\/p>\n<p>Agora, por\u00e9m, a atitude do delegado, que j\u00e1 \u00e9 absurda em qualquer tempo, assume ares de um tortura emocional contra algu\u00e9m que est\u00e1 aos p\u00e9s de um leito de UTI, com a companheira de d\u00e9cadas entre a vida e a morte, depois de um grav\u00edssimo acidente vascular cerebral.<\/p>\n<p>Um homem que age assim \u00e9 pior, muito pior, do que as duas ou tr\u00eas sociopatas que foram fazer provoca\u00e7\u00f5es \u00e0 porta do Hospital S\u00edrio Liban\u00eas. Porque  \u00e9 o Estado quem lhe confiou uma miss\u00e3o, de agir com isen\u00e7\u00e3o e prud\u00eancia. Em uma palavra, todos n\u00f3s lhe confiamos um poder, que n\u00e3o pode ser exercido para a crueldade e a morbidez.<\/p>\n<p>Com Lula, ou com qualquer outro dos que investigam (ou que n\u00e3o investigam, como A\u00e9cio Neves) isso \u00e9  vergonhoso, indigno, desumano e ilegal.<\/p>\n<p>Mas \u00e9, sobretudo, revelador da desumanidade, do car\u00e1ter cruel e insens\u00edvel de um cidad\u00e3o que, em lugar de cumprir suas obriga\u00e7\u00f5es funcionais, vai \u00e0 m\u00eddia agredir as pessoas em situa\u00e7\u00e3o de fragilidade.<\/p>\n<p>O Doutor Igor n\u00e3o consegue nem ser um Javert e atirar-se ao Sena, num \u00fanico gesto de humanidade.<\/p>\n<p>Atira-se \u00e0 lama, quando se presta ao papel de promover-se no momento de um drama pessoal.<\/p>\n","protected":false},"excerpt":{"rendered":"<p>BRITO: PF FAZ TORTURA EMOCIONAL COM LULA<\/p>\n","protected":false},"author":1,"featured_media":0,"comment_status":"closed","ping_status":"open","sticky":false,"template":"","format":"standard","meta":{"_exactmetrics_skip_tracking":false,"_exactmetrics_sitenote_active":false,"_exactmetrics_sitenote_note":"","_exactmetrics_sitenote_category":0,"jetpack_post_was_ever_published":false,"_jetpack_newsletter_access":"","_jetpack_dont_email_post_to_subs":false,"_jetpack_newsletter_tier_id":0,"_jetpack_memberships_contains_paywalled_content":false,"_jetpack_memberships_contains_paid_content":false,"footnotes":"","jetpack_publicize_message":"","jetpack_publicize_feature_enabled":true,"jetpack_social_post_already_shared":true,"jetpack_social_options":{"image_generator_settings":{"template":"highway","enabled":false},"version":2}},"categories":[1],"tags":[],"class_list":["post-7982","post","type-post","status-publish","format-standard","hentry","category-notas"],"jetpack_publicize_connections":[],"jetpack_sharing_enabled":true,"jetpack_featured_media_url":"","jetpack_shortlink":"https:\/\/wp.me\/p7wKYW-24K","jetpack-related-posts":[],"_links":{"self":[{"href":"http:\/\/blogdalucianaoliveira.com.br\/blog\/wp-json\/wp\/v2\/posts\/7982","targetHints":{"allow":["GET"]}}],"collection":[{"href":"http:\/\/blogdalucianaoliveira.com.br\/blog\/wp-json\/wp\/v2\/posts"}],"about":[{"href":"http:\/\/blogdalucianaoliveira.com.br\/blog\/wp-json\/wp\/v2\/types\/post"}],"author":[{"embeddable":true,"href":"http:\/\/blogdalucianaoliveira.com.br\/blog\/wp-json\/wp\/v2\/users\/1"}],"replies":[{"embeddable":true,"href":"http:\/\/blogdalucianaoliveira.com.br\/blog\/wp-json\/wp\/v2\/comments?post=7982"}],"version-history":[{"count":1,"href":"http:\/\/blogdalucianaoliveira.com.br\/blog\/wp-json\/wp\/v2\/posts\/7982\/revisions"}],"predecessor-version":[{"id":7984,"href":"http:\/\/blogdalucianaoliveira.com.br\/blog\/wp-json\/wp\/v2\/posts\/7982\/revisions\/7984"}],"wp:attachment":[{"href":"http:\/\/blogdalucianaoliveira.com.br\/blog\/wp-json\/wp\/v2\/media?parent=7982"}],"wp:term":[{"taxonomy":"category","embeddable":true,"href":"http:\/\/blogdalucianaoliveira.com.br\/blog\/wp-json\/wp\/v2\/categories?post=7982"},{"taxonomy":"post_tag","embeddable":true,"href":"http:\/\/blogdalucianaoliveira.com.br\/blog\/wp-json\/wp\/v2\/tags?post=7982"}],"curies":[{"name":"wp","href":"https:\/\/api.w.org\/{rel}","templated":true}]}}