{"id":7991,"date":"2017-01-27T14:12:30","date_gmt":"2017-01-27T18:12:30","guid":{"rendered":"http:\/\/blogdalucianaoliveira.com.br\/blog\/?p=7991"},"modified":"2017-01-27T15:22:23","modified_gmt":"2017-01-27T19:22:23","slug":"a-estapafurdia-proposta-de-doria-de-burocratizar-a-arte-de-rua","status":"publish","type":"post","link":"http:\/\/blogdalucianaoliveira.com.br\/blog\/2017\/01\/27\/a-estapafurdia-proposta-de-doria-de-burocratizar-a-arte-de-rua\/","title":{"rendered":"A estapaf\u00fardia proposta de Doria de burocratizar a arte de rua"},"content":{"rendered":"<p><img data-recalc-dims=\"1\" loading=\"lazy\" decoding=\"async\" data-attachment-id=\"7994\" data-permalink=\"http:\/\/blogdalucianaoliveira.com.br\/blog\/2017\/01\/27\/a-estapafurdia-proposta-de-doria-de-burocratizar-a-arte-de-rua\/img_1013\/\" data-orig-file=\"https:\/\/i0.wp.com\/blogdalucianaoliveira.com.br\/blog\/wp-content\/uploads\/2017\/01\/IMG_1013.jpg?fit=500%2C500\" data-orig-size=\"500,500\" data-comments-opened=\"0\" data-image-meta=\"{&quot;aperture&quot;:&quot;0&quot;,&quot;credit&quot;:&quot;&quot;,&quot;camera&quot;:&quot;&quot;,&quot;caption&quot;:&quot;&quot;,&quot;created_timestamp&quot;:&quot;0&quot;,&quot;copyright&quot;:&quot;&quot;,&quot;focal_length&quot;:&quot;0&quot;,&quot;iso&quot;:&quot;0&quot;,&quot;shutter_speed&quot;:&quot;0&quot;,&quot;title&quot;:&quot;&quot;,&quot;orientation&quot;:&quot;1&quot;}\" data-image-title=\"IMG_1013\" data-image-description=\"\" data-image-caption=\"\" data-medium-file=\"https:\/\/i0.wp.com\/blogdalucianaoliveira.com.br\/blog\/wp-content\/uploads\/2017\/01\/IMG_1013.jpg?fit=300%2C300\" data-large-file=\"https:\/\/i0.wp.com\/blogdalucianaoliveira.com.br\/blog\/wp-content\/uploads\/2017\/01\/IMG_1013.jpg?fit=500%2C500\" src=\"https:\/\/i0.wp.com\/blogdalucianaoliveira.com.br\/blog\/wp-content\/uploads\/2017\/01\/IMG_1013.jpg?resize=500%2C500\" alt=\"IMG_1013\" width=\"500\" height=\"500\" class=\"alignnone size-full wp-image-7994\" srcset=\"https:\/\/i0.wp.com\/blogdalucianaoliveira.com.br\/blog\/wp-content\/uploads\/2017\/01\/IMG_1013.jpg?w=500 500w, https:\/\/i0.wp.com\/blogdalucianaoliveira.com.br\/blog\/wp-content\/uploads\/2017\/01\/IMG_1013.jpg?resize=150%2C150 150w, https:\/\/i0.wp.com\/blogdalucianaoliveira.com.br\/blog\/wp-content\/uploads\/2017\/01\/IMG_1013.jpg?resize=300%2C300 300w\" sizes=\"auto, (max-width: 500px) 100vw, 500px\" \/><\/p>\n<p>O grande barato da arte de rua \u00e9 a liberdade com que ela se manifesta, seja atrav\u00e9s de murais de grafiteiros, esculturas ou qualquer tipo de instala\u00e7\u00e3o fora de padr\u00f5es est\u00e9ticos que surja para enviar uma mensagem \u00e0 sociedade.<!--more--><\/p>\n<p>A beleza e a for\u00e7a dessas interven\u00e7\u00f5es art\u00edsticas urbanas est\u00e1 na aus\u00eancia de controle sobre onde, quando e como acontecem.<\/p>\n<p>O que o prefeito Jo\u00e3o Doria prop\u00f4s pra acabar com a guerra que come\u00e7ou como se n\u00e3o tivesse nada mais importante pra fazer, foi a burocratiza\u00e7\u00e3o da arte de rua.<\/p>\n<p>Ao ver que n\u00e3o pode vencer no grito e com amea\u00e7as, anunciou que vai instalar uma comiss\u00e3o atrav\u00e9s da Secretaria Municipal de Cultura pra decidir a cada tr\u00eas meses onde ser\u00e1 permitido e a quem ser\u00e1 permitido grafitar.<\/p>\n<p>Segundo o secret\u00e1rio de Cultura, Andr\u00e9 Sturm, &#8220;Eles ser\u00e3o escolhidos em fun\u00e7\u00e3o do curr\u00edculo e do hist\u00f3rico. Mas a ideia \u00e9 que seja um n\u00famero grande (de artistas).&#8221;<\/p>\n<p>Ah, v\u00e1!<br \/>\nArtistas de rua, \u00e0s favas a proposta indecente de Doria!<\/p>\n<p>O cinza que emporcalhou a cidade deve ter sido extra\u00eddo da massa encef\u00e1lica de baix\u00edssima qualidade desse prefeito, s\u00f3 pode.<br \/>\nEle ainda n\u00e3o compreendeu que a sua mensagem repressiva jamais ser\u00e1 admitida.<\/p>\n<p>Pelo contr\u00e1rio, serviu como inspira\u00e7\u00e3o a quem jamais teve inten\u00e7\u00e3o de desobedecer armado com spray, senso cr\u00edtico e muita criatividade.<\/p>\n<p>Falta pouco pra repetir em muros a travessura da elei\u00e7\u00e3o de 2012, quando eu meus filhos transformamos cavaletes com propaganda pol\u00edtica em r\u00e9plicas de Portinari, Bajado e Tarsila do Amaral. A cidade amanheceu com uma exposi\u00e7\u00e3o de quadros de artistas at\u00e9 agora an\u00f4nimos. Nossa ideia era provocar com o belo uma cr\u00edtica ao que a cada elei\u00e7\u00e3o deixa a cidade feia.<\/p>\n<p>Foi um protesto \u00e0 polui\u00e7\u00e3o visual e \u00e0 estupidez da ocupa\u00e7\u00e3o de canteiros e cal\u00e7adas com propagandas de candidatos.<\/p>\n<p>A mensagem virou not\u00edcia em Rond\u00f4nia, muita gente apoiou a censura \u00e0 invas\u00e3o dos cavaletes nos espa\u00e7os destinados \u00e0 pessoas.<\/p>\n<p>Se Doria n\u00e3o compreendeu nenhum conceito pol\u00edtico ou po\u00e9tico nos murais que mandou apagar, que siga a guerra.<\/p>\n<p>Que que pintem, apaguem, pintem, apaguem, pintem, apaguem, pintem, apaguem&#8230;<\/p>\n","protected":false},"excerpt":{"rendered":"<p>O grande barato da arte de rua \u00e9 a liberdade com que ela se manifesta, seja atrav\u00e9s de murais de grafiteiros, esculturas ou qualquer tipo de instala\u00e7\u00e3o fora de padr\u00f5es est\u00e9ticos que surja para enviar uma mensagem \u00e0 sociedade.<\/p>\n","protected":false},"author":1,"featured_media":0,"comment_status":"closed","ping_status":"open","sticky":false,"template":"","format":"standard","meta":{"_exactmetrics_skip_tracking":false,"_exactmetrics_sitenote_active":false,"_exactmetrics_sitenote_note":"","_exactmetrics_sitenote_category":0,"jetpack_post_was_ever_published":false,"_jetpack_newsletter_access":"","_jetpack_dont_email_post_to_subs":false,"_jetpack_newsletter_tier_id":0,"_jetpack_memberships_contains_paywalled_content":false,"_jetpack_memberships_contains_paid_content":false,"footnotes":"","jetpack_publicize_message":"","jetpack_publicize_feature_enabled":true,"jetpack_social_post_already_shared":true,"jetpack_social_options":{"image_generator_settings":{"template":"highway","enabled":false},"version":2}},"categories":[1],"tags":[],"class_list":["post-7991","post","type-post","status-publish","format-standard","hentry","category-notas"],"jetpack_publicize_connections":[],"jetpack_sharing_enabled":true,"jetpack_featured_media_url":"","jetpack_shortlink":"https:\/\/wp.me\/p7wKYW-24T","jetpack-related-posts":[],"_links":{"self":[{"href":"http:\/\/blogdalucianaoliveira.com.br\/blog\/wp-json\/wp\/v2\/posts\/7991","targetHints":{"allow":["GET"]}}],"collection":[{"href":"http:\/\/blogdalucianaoliveira.com.br\/blog\/wp-json\/wp\/v2\/posts"}],"about":[{"href":"http:\/\/blogdalucianaoliveira.com.br\/blog\/wp-json\/wp\/v2\/types\/post"}],"author":[{"embeddable":true,"href":"http:\/\/blogdalucianaoliveira.com.br\/blog\/wp-json\/wp\/v2\/users\/1"}],"replies":[{"embeddable":true,"href":"http:\/\/blogdalucianaoliveira.com.br\/blog\/wp-json\/wp\/v2\/comments?post=7991"}],"version-history":[{"count":4,"href":"http:\/\/blogdalucianaoliveira.com.br\/blog\/wp-json\/wp\/v2\/posts\/7991\/revisions"}],"predecessor-version":[{"id":7997,"href":"http:\/\/blogdalucianaoliveira.com.br\/blog\/wp-json\/wp\/v2\/posts\/7991\/revisions\/7997"}],"wp:attachment":[{"href":"http:\/\/blogdalucianaoliveira.com.br\/blog\/wp-json\/wp\/v2\/media?parent=7991"}],"wp:term":[{"taxonomy":"category","embeddable":true,"href":"http:\/\/blogdalucianaoliveira.com.br\/blog\/wp-json\/wp\/v2\/categories?post=7991"},{"taxonomy":"post_tag","embeddable":true,"href":"http:\/\/blogdalucianaoliveira.com.br\/blog\/wp-json\/wp\/v2\/tags?post=7991"}],"curies":[{"name":"wp","href":"https:\/\/api.w.org\/{rel}","templated":true}]}}