{"id":8009,"date":"2017-01-28T11:47:07","date_gmt":"2017-01-28T15:47:07","guid":{"rendered":"http:\/\/blogdalucianaoliveira.com.br\/blog\/?p=8009"},"modified":"2017-01-28T11:47:07","modified_gmt":"2017-01-28T15:47:07","slug":"kotscho-quando-o-anormal-vira-natural-algo-esta-errado","status":"publish","type":"post","link":"http:\/\/blogdalucianaoliveira.com.br\/blog\/2017\/01\/28\/kotscho-quando-o-anormal-vira-natural-algo-esta-errado\/","title":{"rendered":"KOTSCHO: \u201cQUANDO O ANORMAL VIRA NATURAL, ALGO EST\u00c1 ERRADO\u201d"},"content":{"rendered":"<p><img data-recalc-dims=\"1\" loading=\"lazy\" decoding=\"async\" data-attachment-id=\"8010\" data-permalink=\"http:\/\/blogdalucianaoliveira.com.br\/blog\/2017\/01\/28\/kotscho-quando-o-anormal-vira-natural-algo-esta-errado\/ko\/\" data-orig-file=\"https:\/\/i0.wp.com\/blogdalucianaoliveira.com.br\/blog\/wp-content\/uploads\/2017\/01\/ko.jpg?fit=1000%2C357\" data-orig-size=\"1000,357\" data-comments-opened=\"0\" data-image-meta=\"{&quot;aperture&quot;:&quot;0&quot;,&quot;credit&quot;:&quot;&quot;,&quot;camera&quot;:&quot;&quot;,&quot;caption&quot;:&quot;&quot;,&quot;created_timestamp&quot;:&quot;0&quot;,&quot;copyright&quot;:&quot;&quot;,&quot;focal_length&quot;:&quot;0&quot;,&quot;iso&quot;:&quot;0&quot;,&quot;shutter_speed&quot;:&quot;0&quot;,&quot;title&quot;:&quot;&quot;,&quot;orientation&quot;:&quot;0&quot;}\" data-image-title=\"ko\" data-image-description=\"\" data-image-caption=\"\" data-medium-file=\"https:\/\/i0.wp.com\/blogdalucianaoliveira.com.br\/blog\/wp-content\/uploads\/2017\/01\/ko.jpg?fit=300%2C107\" data-large-file=\"https:\/\/i0.wp.com\/blogdalucianaoliveira.com.br\/blog\/wp-content\/uploads\/2017\/01\/ko.jpg?fit=600%2C214\" src=\"https:\/\/i0.wp.com\/blogdalucianaoliveira.com.br\/blog\/wp-content\/uploads\/2017\/01\/ko.jpg?resize=600%2C214\" alt=\"ko\" width=\"600\" height=\"214\" class=\"alignnone size-full wp-image-8010\" srcset=\"https:\/\/i0.wp.com\/blogdalucianaoliveira.com.br\/blog\/wp-content\/uploads\/2017\/01\/ko.jpg?w=1000 1000w, https:\/\/i0.wp.com\/blogdalucianaoliveira.com.br\/blog\/wp-content\/uploads\/2017\/01\/ko.jpg?resize=300%2C107 300w, https:\/\/i0.wp.com\/blogdalucianaoliveira.com.br\/blog\/wp-content\/uploads\/2017\/01\/ko.jpg?resize=768%2C274 768w, https:\/\/i0.wp.com\/blogdalucianaoliveira.com.br\/blog\/wp-content\/uploads\/2017\/01\/ko.jpg?resize=800%2C286 800w\" sizes=\"auto, (max-width: 600px) 100vw, 600px\" \/><\/p>\n<p>&#8220;Se a corrup\u00e7\u00e3o no pa\u00eds virou moda, eu vou embora antes que honestidade vire crime&#8221; (Nicanor Bessa da Silva, cantor de rap e pensador popular).<!--more--><\/p>\n<p>Por Ricardo Kotscho<\/p>\n<p>Como \u00e9 que o ex-bilion\u00e1rio Eike Batista sai de fininho do Brasil, assobiando no Gale\u00e3o, \u00e0s v\u00e9speras de ser preso numa opera\u00e7\u00e3o da Lava Jato batizada de &#8220;Efici\u00eancia&#8221;?<\/p>\n<p>N\u00e3o h\u00e1 mais controle de passaportes nos aeroportos? Eike j\u00e1 n\u00e3o estava &#8220;fichado&#8221; na pol\u00edcia como diz o pessoal da PF? Ou houve mais um &#8220;vazamento&#8221; na opera\u00e7\u00e3o e ele aproveitou para &#8220;vazar&#8221;?<\/p>\n<p>Agora, enquanto o empres\u00e1rio \u00e9 considerado foragido e procurado pela Interpol, a sua defesa negocia com as autoridades os termos da rendi\u00e7\u00e3o.<\/p>\n<p>Fica-se sabendo que o juiz federal Marcelo Bretas pediu sua pris\u00e3o no \u00faltimo dia 13, mas o mandado s\u00f3 chegou \u00e0 Pol\u00edcia Federal no dia 25, \u00e0s v\u00e9speras da fuga. Tudo coincid\u00eancia?<\/p>\n<p>No mesmo dia em que Sergio Cabral \u00e9 mais uma vez denunciado por receber propinas de Eike Batista, o governador Pez\u00e3o vai a Bras\u00edlia para implorar ajuda porque o Rio est\u00e1 quebrado, &#8220;n\u00e3o tem mais recursos para nada&#8221;.<\/p>\n<p>Por que n\u00e3o pede a devolu\u00e7\u00e3o da arca de d\u00f3lares, barras de ouro e diamantes que seu padrinho pol\u00edtico roubou?<\/p>\n<p>De uns tempos para c\u00e1, habituamo-nos a conviver com as maiores barbaridades, como se tudo fosse muito natural, assim como tomar um copo d\u00b4\u00e1gua ou puxar a descarga no banheiro.<\/p>\n<p>Nada mais \u00e9 capaz de chocar a distinta plat\u00e9ia nativa neste teatro do absurdo encenado em Bras\u00edlia que parece tomada por um ex\u00e9rcito de ocupa\u00e7\u00e3o \u00e1vido e faminto.<\/p>\n<p>Ministros do Supremo Tribunal Federal, ju\u00edzes, procuradores, partidos pol\u00edticos, associa\u00e7\u00f5es corporativas em geral e at\u00e9 excel\u00eancias denunciadas na Lava Jato anunciam listas com seus favoritos para a vaga deixada por Teori Zawascki, como se fosse um concurso de miss.<\/p>\n<p>Quando o anormal vira uma coisa natural, algo est\u00e1 errado. Isto n\u00e3o \u00e9 normal.<\/p>\n<p>Citado 43 vezes por um \u00fanico delator da Odebrecht, o presidente Michel Temer d\u00e1 uma carona para o ministro Gilmar Mendes no avi\u00e3o da FAB at\u00e9 Lisboa e, na mesma semana, o recebe para um jantar  de domingo na resid\u00eancia oficial.<\/p>\n<p>Quando se sabe que Mendes, presidente do Tribunal Superior Eleitoral, em breve poder\u00e1 ser chamado a julgar Temer, a explica\u00e7\u00e3o de que s\u00e3o amigos h\u00e1 mais de 30 anos parece uma coisa natural, mas n\u00e3o \u00e9 normal numa democracia minimamente civilizada.<\/p>\n<p>Quando o delegado Igor de Paula, da for\u00e7a-tarefa da Lava Jato, que fez campanha para A\u00e9cio Neves nas redes sociais em 2014, anuncia que a pris\u00e3o do ex-presidente Lula deve ocorrer entre 30 e 60 dias, ningu\u00e9m pergunta em que se baseia a sua previs\u00e3o.<\/p>\n<p>Desde quando existe pris\u00e3o com prazo pr\u00e9-estabelecido numa investiga\u00e7\u00e3o ainda em andamento?<\/p>\n<p>D\u00e1-se de barato que Rodrigo Maia, o &#8220;Botafogo&#8221; da lista da Odebrecht, continue na presid\u00eancia da C\u00e2mara por mais dois anos, embora a Constitui\u00e7\u00e3o impe\u00e7a a reelei\u00e7\u00e3o na mesma legislatura.<\/p>\n<p>Se a dire\u00e7\u00e3o do PT admite apoiar o candidato do governo que chama de golpista, algo realmente est\u00e1 errado. N\u00e3o \u00e9 normal.<\/p>\n<p>Em fevereiro, tem carnaval.<\/p>\n<p>Bom fim de semana.<\/p>\n<p>Vida que segue.<\/p>\n","protected":false},"excerpt":{"rendered":"<p>&#8220;Se a corrup\u00e7\u00e3o no pa\u00eds virou moda, eu vou embora antes que honestidade vire crime&#8221; (Nicanor Bessa da Silva, cantor de rap e pensador popular).<\/p>\n","protected":false},"author":1,"featured_media":0,"comment_status":"closed","ping_status":"open","sticky":false,"template":"","format":"standard","meta":{"_exactmetrics_skip_tracking":false,"_exactmetrics_sitenote_active":false,"_exactmetrics_sitenote_note":"","_exactmetrics_sitenote_category":0,"jetpack_post_was_ever_published":false,"_jetpack_newsletter_access":"","_jetpack_dont_email_post_to_subs":false,"_jetpack_newsletter_tier_id":0,"_jetpack_memberships_contains_paywalled_content":false,"_jetpack_memberships_contains_paid_content":false,"footnotes":"","jetpack_publicize_message":"","jetpack_publicize_feature_enabled":true,"jetpack_social_post_already_shared":true,"jetpack_social_options":{"image_generator_settings":{"template":"highway","enabled":false},"version":2}},"categories":[1],"tags":[],"class_list":["post-8009","post","type-post","status-publish","format-standard","hentry","category-notas"],"jetpack_publicize_connections":[],"jetpack_sharing_enabled":true,"jetpack_featured_media_url":"","jetpack_shortlink":"https:\/\/wp.me\/p7wKYW-25b","jetpack-related-posts":[],"_links":{"self":[{"href":"http:\/\/blogdalucianaoliveira.com.br\/blog\/wp-json\/wp\/v2\/posts\/8009","targetHints":{"allow":["GET"]}}],"collection":[{"href":"http:\/\/blogdalucianaoliveira.com.br\/blog\/wp-json\/wp\/v2\/posts"}],"about":[{"href":"http:\/\/blogdalucianaoliveira.com.br\/blog\/wp-json\/wp\/v2\/types\/post"}],"author":[{"embeddable":true,"href":"http:\/\/blogdalucianaoliveira.com.br\/blog\/wp-json\/wp\/v2\/users\/1"}],"replies":[{"embeddable":true,"href":"http:\/\/blogdalucianaoliveira.com.br\/blog\/wp-json\/wp\/v2\/comments?post=8009"}],"version-history":[{"count":1,"href":"http:\/\/blogdalucianaoliveira.com.br\/blog\/wp-json\/wp\/v2\/posts\/8009\/revisions"}],"predecessor-version":[{"id":8011,"href":"http:\/\/blogdalucianaoliveira.com.br\/blog\/wp-json\/wp\/v2\/posts\/8009\/revisions\/8011"}],"wp:attachment":[{"href":"http:\/\/blogdalucianaoliveira.com.br\/blog\/wp-json\/wp\/v2\/media?parent=8009"}],"wp:term":[{"taxonomy":"category","embeddable":true,"href":"http:\/\/blogdalucianaoliveira.com.br\/blog\/wp-json\/wp\/v2\/categories?post=8009"},{"taxonomy":"post_tag","embeddable":true,"href":"http:\/\/blogdalucianaoliveira.com.br\/blog\/wp-json\/wp\/v2\/tags?post=8009"}],"curies":[{"name":"wp","href":"https:\/\/api.w.org\/{rel}","templated":true}]}}