{"id":8019,"date":"2017-01-28T19:35:23","date_gmt":"2017-01-28T23:35:23","guid":{"rendered":"http:\/\/blogdalucianaoliveira.com.br\/blog\/?p=8019"},"modified":"2017-01-28T19:35:23","modified_gmt":"2017-01-28T23:35:23","slug":"thiago-flores-ignorou-orientacao-do-mp","status":"publish","type":"post","link":"http:\/\/blogdalucianaoliveira.com.br\/blog\/2017\/01\/28\/thiago-flores-ignorou-orientacao-do-mp\/","title":{"rendered":"Thiago Flores ignorou orienta\u00e7\u00e3o do MP"},"content":{"rendered":"<p><img data-recalc-dims=\"1\" loading=\"lazy\" decoding=\"async\" data-attachment-id=\"7899\" data-permalink=\"http:\/\/blogdalucianaoliveira.com.br\/blog\/2017\/01\/25\/prefeitura-vai-rasgar-paginas-de-livros-do-mec-que-tratem-de-homossexualidade\/img_0947\/\" data-orig-file=\"https:\/\/i0.wp.com\/blogdalucianaoliveira.com.br\/blog\/wp-content\/uploads\/2017\/01\/IMG_0947.jpg?fit=620%2C465\" data-orig-size=\"620,465\" data-comments-opened=\"0\" data-image-meta=\"{&quot;aperture&quot;:&quot;0&quot;,&quot;credit&quot;:&quot;&quot;,&quot;camera&quot;:&quot;&quot;,&quot;caption&quot;:&quot;&quot;,&quot;created_timestamp&quot;:&quot;0&quot;,&quot;copyright&quot;:&quot;&quot;,&quot;focal_length&quot;:&quot;0&quot;,&quot;iso&quot;:&quot;0&quot;,&quot;shutter_speed&quot;:&quot;0&quot;,&quot;title&quot;:&quot;&quot;,&quot;orientation&quot;:&quot;1&quot;}\" data-image-title=\"IMG_0947\" data-image-description=\"\" data-image-caption=\"\" data-medium-file=\"https:\/\/i0.wp.com\/blogdalucianaoliveira.com.br\/blog\/wp-content\/uploads\/2017\/01\/IMG_0947.jpg?fit=300%2C225\" data-large-file=\"https:\/\/i0.wp.com\/blogdalucianaoliveira.com.br\/blog\/wp-content\/uploads\/2017\/01\/IMG_0947.jpg?fit=600%2C450\" src=\"https:\/\/i0.wp.com\/blogdalucianaoliveira.com.br\/blog\/wp-content\/uploads\/2017\/01\/IMG_0947.jpg?resize=600%2C450\" alt=\"IMG_0947\" width=\"600\" height=\"450\" class=\"alignnone size-full wp-image-7899\" srcset=\"https:\/\/i0.wp.com\/blogdalucianaoliveira.com.br\/blog\/wp-content\/uploads\/2017\/01\/IMG_0947.jpg?w=620 620w, https:\/\/i0.wp.com\/blogdalucianaoliveira.com.br\/blog\/wp-content\/uploads\/2017\/01\/IMG_0947.jpg?resize=300%2C225 300w, https:\/\/i0.wp.com\/blogdalucianaoliveira.com.br\/blog\/wp-content\/uploads\/2017\/01\/IMG_0947.jpg?resize=400%2C300 400w\" sizes=\"auto, (max-width: 600px) 100vw, 600px\" \/><\/p>\n<p>Minist\u00e9rio P\u00fablico se re\u00fane com prefeito de Ariquemes para discutir distribui\u00e7\u00e3o de livros did\u00e1ticos na rede municipal de ensino<!--more--><\/p>\n<p>As Promotoras de Justi\u00e7a Priscila Matzenbacher Tibes Machado e Joice Gushy Mota Azevedo se reuniram com o prefeito de Ariquemes, Thiago Leite Flores Pereira, na tarde de sexta-feira, 27 de janeiro, na sede do Minist\u00e9rio P\u00fablico do Estado de Rond\u00f4nia, para discutir a distribui\u00e7\u00e3o dos livros did\u00e1ticos na rede municipal de ensino, em virtude do conte\u00fado que trata sobre organiza\u00e7\u00e3o e multiplicidade familiar, contemplando a mat\u00e9ria de identidade de g\u00eanero.<\/p>\n<p>Durante a reuni\u00e3o, mesmo sendo dados todos esclarecimentos sobre a ilegalidade de uma poss\u00edvel supress\u00e3o das p\u00e1ginas dos livros did\u00e1ticos que tratam da identidade de g\u00eanero, o prefeito de Ariquemes optou por n\u00e3o assinar o Termo de Ajustamento de Conduta (TAC), proposto pelo Minist\u00e9rio P\u00fablico do Estado de Rond\u00f4nia para que tal medida n\u00e3o fosse adotada.<\/p>\n<p>Diante da posi\u00e7\u00e3o do prefeito, o Minist\u00e9rio P\u00fablico do Estado de Rond\u00f4nia, por meio da Promotoria de Justi\u00e7a de Ariquemes, informou que vai adotar as medidas judiciais cab\u00edveis, visando assegurar o fundamento constitucional da promo\u00e7\u00e3o da igualdade e da sociedade livre de qualquer preconceito.<\/p>\n<p>O Minist\u00e9rio P\u00fablico reafirma que tais violam os princ\u00edpios constitucionais e a pr\u00f3pria jurisprud\u00eancia do Supremo Tribunal Federal atos causam preju\u00edzos a alunos, seus pais e professores que se veem no meio de um verdadeiro processo inquisitorial medieval, na contram\u00e3o de toda a literatura pedag\u00f3gica que visa esclarecer e preparar jovens para sociedade atual, sem qualquer carga de preconceito.<\/p>\n<p>Fonte: MP\/RO<\/p>\n","protected":false},"excerpt":{"rendered":"<p>Minist\u00e9rio P\u00fablico se re\u00fane com prefeito de Ariquemes para discutir distribui\u00e7\u00e3o de livros did\u00e1ticos na rede municipal de ensino<\/p>\n","protected":false},"author":1,"featured_media":0,"comment_status":"closed","ping_status":"open","sticky":false,"template":"","format":"standard","meta":{"_exactmetrics_skip_tracking":false,"_exactmetrics_sitenote_active":false,"_exactmetrics_sitenote_note":"","_exactmetrics_sitenote_category":0,"jetpack_post_was_ever_published":false,"_jetpack_newsletter_access":"","_jetpack_dont_email_post_to_subs":false,"_jetpack_newsletter_tier_id":0,"_jetpack_memberships_contains_paywalled_content":false,"_jetpack_memberships_contains_paid_content":false,"footnotes":"","jetpack_publicize_message":"","jetpack_publicize_feature_enabled":true,"jetpack_social_post_already_shared":true,"jetpack_social_options":{"image_generator_settings":{"template":"highway","enabled":false},"version":2}},"categories":[1],"tags":[],"class_list":["post-8019","post","type-post","status-publish","format-standard","hentry","category-notas"],"jetpack_publicize_connections":[],"jetpack_sharing_enabled":true,"jetpack_featured_media_url":"","jetpack_shortlink":"https:\/\/wp.me\/p7wKYW-25l","jetpack-related-posts":[],"_links":{"self":[{"href":"http:\/\/blogdalucianaoliveira.com.br\/blog\/wp-json\/wp\/v2\/posts\/8019","targetHints":{"allow":["GET"]}}],"collection":[{"href":"http:\/\/blogdalucianaoliveira.com.br\/blog\/wp-json\/wp\/v2\/posts"}],"about":[{"href":"http:\/\/blogdalucianaoliveira.com.br\/blog\/wp-json\/wp\/v2\/types\/post"}],"author":[{"embeddable":true,"href":"http:\/\/blogdalucianaoliveira.com.br\/blog\/wp-json\/wp\/v2\/users\/1"}],"replies":[{"embeddable":true,"href":"http:\/\/blogdalucianaoliveira.com.br\/blog\/wp-json\/wp\/v2\/comments?post=8019"}],"version-history":[{"count":1,"href":"http:\/\/blogdalucianaoliveira.com.br\/blog\/wp-json\/wp\/v2\/posts\/8019\/revisions"}],"predecessor-version":[{"id":8020,"href":"http:\/\/blogdalucianaoliveira.com.br\/blog\/wp-json\/wp\/v2\/posts\/8019\/revisions\/8020"}],"wp:attachment":[{"href":"http:\/\/blogdalucianaoliveira.com.br\/blog\/wp-json\/wp\/v2\/media?parent=8019"}],"wp:term":[{"taxonomy":"category","embeddable":true,"href":"http:\/\/blogdalucianaoliveira.com.br\/blog\/wp-json\/wp\/v2\/categories?post=8019"},{"taxonomy":"post_tag","embeddable":true,"href":"http:\/\/blogdalucianaoliveira.com.br\/blog\/wp-json\/wp\/v2\/tags?post=8019"}],"curies":[{"name":"wp","href":"https:\/\/api.w.org\/{rel}","templated":true}]}}