{"id":8027,"date":"2017-01-30T10:43:18","date_gmt":"2017-01-30T14:43:18","guid":{"rendered":"http:\/\/blogdalucianaoliveira.com.br\/blog\/?p=8027"},"modified":"2017-01-30T10:45:35","modified_gmt":"2017-01-30T14:45:35","slug":"prefeitura-tem-ate-amanha-para-se-manifestar-sobre-embargo-da-reforma-na-efmm","status":"publish","type":"post","link":"http:\/\/blogdalucianaoliveira.com.br\/blog\/2017\/01\/30\/prefeitura-tem-ate-amanha-para-se-manifestar-sobre-embargo-da-reforma-na-efmm\/","title":{"rendered":"PREFEITURA TEM AT\u00c9 AMANH\u00c3 PARA SE MANIFESTAR SOBRE EMBARGO DA REFORMA NA EFMM"},"content":{"rendered":"<p> <img data-recalc-dims=\"1\" loading=\"lazy\" decoding=\"async\" data-attachment-id=\"8029\" data-permalink=\"http:\/\/blogdalucianaoliveira.com.br\/blog\/2017\/01\/30\/prefeitura-tem-ate-amanha-para-se-manifestar-sobre-embargo-da-reforma-na-efmm\/dec\/\" data-orig-file=\"https:\/\/i0.wp.com\/blogdalucianaoliveira.com.br\/blog\/wp-content\/uploads\/2017\/01\/dec.jpg?fit=1200%2C900\" data-orig-size=\"1200,900\" data-comments-opened=\"0\" data-image-meta=\"{&quot;aperture&quot;:&quot;0&quot;,&quot;credit&quot;:&quot;&quot;,&quot;camera&quot;:&quot;&quot;,&quot;caption&quot;:&quot;&quot;,&quot;created_timestamp&quot;:&quot;0&quot;,&quot;copyright&quot;:&quot;&quot;,&quot;focal_length&quot;:&quot;0&quot;,&quot;iso&quot;:&quot;0&quot;,&quot;shutter_speed&quot;:&quot;0&quot;,&quot;title&quot;:&quot;&quot;,&quot;orientation&quot;:&quot;0&quot;}\" data-image-title=\"dec\" data-image-description=\"\" data-image-caption=\"\" data-medium-file=\"https:\/\/i0.wp.com\/blogdalucianaoliveira.com.br\/blog\/wp-content\/uploads\/2017\/01\/dec.jpg?fit=300%2C225\" data-large-file=\"https:\/\/i0.wp.com\/blogdalucianaoliveira.com.br\/blog\/wp-content\/uploads\/2017\/01\/dec.jpg?fit=600%2C450\" src=\"https:\/\/i0.wp.com\/blogdalucianaoliveira.com.br\/blog\/wp-content\/uploads\/2017\/01\/dec.jpg?resize=600%2C450\" alt=\"dec\" width=\"600\" height=\"450\" class=\"alignnone size-full wp-image-8029\" srcset=\"https:\/\/i0.wp.com\/blogdalucianaoliveira.com.br\/blog\/wp-content\/uploads\/2017\/01\/dec.jpg?w=1200 1200w, https:\/\/i0.wp.com\/blogdalucianaoliveira.com.br\/blog\/wp-content\/uploads\/2017\/01\/dec.jpg?resize=300%2C225 300w, https:\/\/i0.wp.com\/blogdalucianaoliveira.com.br\/blog\/wp-content\/uploads\/2017\/01\/dec.jpg?resize=768%2C576 768w, https:\/\/i0.wp.com\/blogdalucianaoliveira.com.br\/blog\/wp-content\/uploads\/2017\/01\/dec.jpg?resize=1024%2C768 1024w, https:\/\/i0.wp.com\/blogdalucianaoliveira.com.br\/blog\/wp-content\/uploads\/2017\/01\/dec.jpg?resize=400%2C300 400w\" sizes=\"auto, (max-width: 600px) 100vw, 600px\" \/><\/p>\n<p>A notifica\u00e7\u00e3o foi entregue no gabinete do prefeito Hildon Chaves pelo arquiteto do Iphan, Geovani Barcelos, respons\u00e1vel pela fiscaliza\u00e7\u00e3o do patrim\u00f4nio hist\u00f3rico, no \u00faltimo dia 23, v\u00e9spera do evento de comemora\u00e7\u00e3o aos 102 anos de Porto Velho.<\/p>\n<p>Por conta pr\u00f3pria, o prefeito mandou retirar o deck de madeira que serve como mirante na pra\u00e7a da Estrada de Ferro Madeira Mamor\u00e9. <\/p>\n<p>Conforme consta em mat\u00e9ria na p\u00e1gina da prefeitura, a interdi\u00e7\u00e3o do deck foi decidida pelo prefeito junto com a equipe da Defesa Civil cinco dias antes da festa.<\/p>\n<p>Foi por meio das redes sociais, inclusive atrav\u00e9s dos v\u00eddeos ao vivo que o prefeito fez, que o Iphan tomou conhecimento do trabalho de limpeza e retirada da estrutura.<\/p>\n<p>\u201cAgimos no sentido de proteger o patrim\u00f4nio hist\u00f3rico e a seguran\u00e7a dos frequentadores\u201d, disse Geovani.<\/p>\n<p>A obra foi embargada por aus\u00eancia de projeto, de respons\u00e1vel t\u00e9cnico, tapume inadequado e falta de equipamentos de seguran\u00e7a, normas que o prefeito ex-promotor conhece melhor do que ningu\u00e9m.<\/p>\n<p><img data-recalc-dims=\"1\" loading=\"lazy\" decoding=\"async\" data-attachment-id=\"8028\" data-permalink=\"http:\/\/blogdalucianaoliveira.com.br\/blog\/2017\/01\/30\/prefeitura-tem-ate-amanha-para-se-manifestar-sobre-embargo-da-reforma-na-efmm\/embargo\/\" data-orig-file=\"https:\/\/i0.wp.com\/blogdalucianaoliveira.com.br\/blog\/wp-content\/uploads\/2017\/01\/embargo.jpg?fit=640%2C799\" data-orig-size=\"640,799\" data-comments-opened=\"0\" data-image-meta=\"{&quot;aperture&quot;:&quot;0&quot;,&quot;credit&quot;:&quot;&quot;,&quot;camera&quot;:&quot;&quot;,&quot;caption&quot;:&quot;&quot;,&quot;created_timestamp&quot;:&quot;0&quot;,&quot;copyright&quot;:&quot;&quot;,&quot;focal_length&quot;:&quot;0&quot;,&quot;iso&quot;:&quot;0&quot;,&quot;shutter_speed&quot;:&quot;0&quot;,&quot;title&quot;:&quot;&quot;,&quot;orientation&quot;:&quot;0&quot;}\" data-image-title=\"embargo\" data-image-description=\"\" data-image-caption=\"\" data-medium-file=\"https:\/\/i0.wp.com\/blogdalucianaoliveira.com.br\/blog\/wp-content\/uploads\/2017\/01\/embargo.jpg?fit=240%2C300\" data-large-file=\"https:\/\/i0.wp.com\/blogdalucianaoliveira.com.br\/blog\/wp-content\/uploads\/2017\/01\/embargo.jpg?fit=600%2C749\" src=\"https:\/\/i0.wp.com\/blogdalucianaoliveira.com.br\/blog\/wp-content\/uploads\/2017\/01\/embargo.jpg?resize=600%2C749\" alt=\"embargo\" width=\"600\" height=\"749\" class=\"alignnone size-full wp-image-8028\" srcset=\"https:\/\/i0.wp.com\/blogdalucianaoliveira.com.br\/blog\/wp-content\/uploads\/2017\/01\/embargo.jpg?w=640 640w, https:\/\/i0.wp.com\/blogdalucianaoliveira.com.br\/blog\/wp-content\/uploads\/2017\/01\/embargo.jpg?resize=240%2C300 240w\" sizes=\"auto, (max-width: 600px) 100vw, 600px\" \/><\/p>\n<p>As milhares de pessoas que participaram da festa que ocorreu exatamente ao lado do deck, na beira do barranco, n\u00e3o ficaram sabendo do embargo e foram expostas a riscos por conta da inobserv\u00e2ncia da prefeitura com as normas t\u00e9cnicas para promover reformas.<\/p>\n<p>Nesta ter\u00e7a-feira (31), termina o prazo para que a prefeitura se manifeste quanto \u00e0s irregularidades apontadas na autua\u00e7\u00e3o do Iphan.<\/p>\n","protected":false},"excerpt":{"rendered":"<p>A notifica\u00e7\u00e3o foi entregue no gabinete do prefeito Hildon Chaves pelo arquiteto do Iphan, Geovani Barcelos, respons\u00e1vel pela fiscaliza\u00e7\u00e3o do patrim\u00f4nio hist\u00f3rico, no \u00faltimo dia 23, v\u00e9spera do evento de comemora\u00e7\u00e3o aos 102 anos de Porto Velho. Por conta pr\u00f3pria, o prefeito mandou retirar o deck de madeira que serve como mirante na pra\u00e7a da&#8230;<a class=\"more-link\" href=\"http:\/\/blogdalucianaoliveira.com.br\/blog\/2017\/01\/30\/prefeitura-tem-ate-amanha-para-se-manifestar-sobre-embargo-da-reforma-na-efmm\/\">Continue a leitura <span class=\"meta-nav\">&raquo;<\/span><\/a><\/p>\n","protected":false},"author":1,"featured_media":0,"comment_status":"closed","ping_status":"open","sticky":false,"template":"","format":"standard","meta":{"_exactmetrics_skip_tracking":false,"_exactmetrics_sitenote_active":false,"_exactmetrics_sitenote_note":"","_exactmetrics_sitenote_category":0,"jetpack_post_was_ever_published":false,"_jetpack_newsletter_access":"","_jetpack_dont_email_post_to_subs":false,"_jetpack_newsletter_tier_id":0,"_jetpack_memberships_contains_paywalled_content":false,"_jetpack_memberships_contains_paid_content":false,"footnotes":"","jetpack_publicize_message":"","jetpack_publicize_feature_enabled":true,"jetpack_social_post_already_shared":true,"jetpack_social_options":{"image_generator_settings":{"template":"highway","enabled":false},"version":2}},"categories":[1],"tags":[],"class_list":["post-8027","post","type-post","status-publish","format-standard","hentry","category-notas"],"jetpack_publicize_connections":[],"jetpack_sharing_enabled":true,"jetpack_featured_media_url":"","jetpack_shortlink":"https:\/\/wp.me\/p7wKYW-25t","jetpack-related-posts":[],"_links":{"self":[{"href":"http:\/\/blogdalucianaoliveira.com.br\/blog\/wp-json\/wp\/v2\/posts\/8027","targetHints":{"allow":["GET"]}}],"collection":[{"href":"http:\/\/blogdalucianaoliveira.com.br\/blog\/wp-json\/wp\/v2\/posts"}],"about":[{"href":"http:\/\/blogdalucianaoliveira.com.br\/blog\/wp-json\/wp\/v2\/types\/post"}],"author":[{"embeddable":true,"href":"http:\/\/blogdalucianaoliveira.com.br\/blog\/wp-json\/wp\/v2\/users\/1"}],"replies":[{"embeddable":true,"href":"http:\/\/blogdalucianaoliveira.com.br\/blog\/wp-json\/wp\/v2\/comments?post=8027"}],"version-history":[{"count":2,"href":"http:\/\/blogdalucianaoliveira.com.br\/blog\/wp-json\/wp\/v2\/posts\/8027\/revisions"}],"predecessor-version":[{"id":8031,"href":"http:\/\/blogdalucianaoliveira.com.br\/blog\/wp-json\/wp\/v2\/posts\/8027\/revisions\/8031"}],"wp:attachment":[{"href":"http:\/\/blogdalucianaoliveira.com.br\/blog\/wp-json\/wp\/v2\/media?parent=8027"}],"wp:term":[{"taxonomy":"category","embeddable":true,"href":"http:\/\/blogdalucianaoliveira.com.br\/blog\/wp-json\/wp\/v2\/categories?post=8027"},{"taxonomy":"post_tag","embeddable":true,"href":"http:\/\/blogdalucianaoliveira.com.br\/blog\/wp-json\/wp\/v2\/tags?post=8027"}],"curies":[{"name":"wp","href":"https:\/\/api.w.org\/{rel}","templated":true}]}}