{"id":8032,"date":"2017-01-30T10:53:42","date_gmt":"2017-01-30T14:53:42","guid":{"rendered":"http:\/\/blogdalucianaoliveira.com.br\/blog\/?p=8032"},"modified":"2017-01-30T10:53:42","modified_gmt":"2017-01-30T14:53:42","slug":"sem-sigilo-quem-sabe-a-oab-finalmente-reconheca-o-golpe","status":"publish","type":"post","link":"http:\/\/blogdalucianaoliveira.com.br\/blog\/2017\/01\/30\/sem-sigilo-quem-sabe-a-oab-finalmente-reconheca-o-golpe\/","title":{"rendered":"Sem sigilo quem sabe a OAB finalmente reconhe\u00e7a o golpe"},"content":{"rendered":"<p><img data-recalc-dims=\"1\" loading=\"lazy\" decoding=\"async\" data-attachment-id=\"8033\" data-permalink=\"http:\/\/blogdalucianaoliveira.com.br\/blog\/2017\/01\/30\/sem-sigilo-quem-sabe-a-oab-finalmente-reconheca-o-golpe\/oab1\/\" data-orig-file=\"https:\/\/i0.wp.com\/blogdalucianaoliveira.com.br\/blog\/wp-content\/uploads\/2017\/01\/oab1.jpg?fit=1000%2C357\" data-orig-size=\"1000,357\" data-comments-opened=\"0\" data-image-meta=\"{&quot;aperture&quot;:&quot;0&quot;,&quot;credit&quot;:&quot;&quot;,&quot;camera&quot;:&quot;&quot;,&quot;caption&quot;:&quot;&quot;,&quot;created_timestamp&quot;:&quot;0&quot;,&quot;copyright&quot;:&quot;&quot;,&quot;focal_length&quot;:&quot;0&quot;,&quot;iso&quot;:&quot;0&quot;,&quot;shutter_speed&quot;:&quot;0&quot;,&quot;title&quot;:&quot;&quot;,&quot;orientation&quot;:&quot;0&quot;}\" data-image-title=\"oab1\" data-image-description=\"\" data-image-caption=\"\" data-medium-file=\"https:\/\/i0.wp.com\/blogdalucianaoliveira.com.br\/blog\/wp-content\/uploads\/2017\/01\/oab1.jpg?fit=300%2C107\" data-large-file=\"https:\/\/i0.wp.com\/blogdalucianaoliveira.com.br\/blog\/wp-content\/uploads\/2017\/01\/oab1.jpg?fit=600%2C214\" src=\"https:\/\/i0.wp.com\/blogdalucianaoliveira.com.br\/blog\/wp-content\/uploads\/2017\/01\/oab1.jpg?resize=600%2C214\" alt=\"oab1\" width=\"600\" height=\"214\" class=\"alignnone size-full wp-image-8033\" srcset=\"https:\/\/i0.wp.com\/blogdalucianaoliveira.com.br\/blog\/wp-content\/uploads\/2017\/01\/oab1.jpg?w=1000 1000w, https:\/\/i0.wp.com\/blogdalucianaoliveira.com.br\/blog\/wp-content\/uploads\/2017\/01\/oab1.jpg?resize=300%2C107 300w, https:\/\/i0.wp.com\/blogdalucianaoliveira.com.br\/blog\/wp-content\/uploads\/2017\/01\/oab1.jpg?resize=768%2C274 768w, https:\/\/i0.wp.com\/blogdalucianaoliveira.com.br\/blog\/wp-content\/uploads\/2017\/01\/oab1.jpg?resize=800%2C286 800w\" sizes=\"auto, (max-width: 600px) 100vw, 600px\" \/><\/p>\n<p>OAB PEDE FIM DE SIGILO DE DELA\u00c7\u00c3O DA ODEBRECHT: LUZ DO SOL \u00c9 MELHOR DETERGENTE<!--more--><\/p>\n<p>247 &#8211; O presidente nacional da Ordem dos Advogados do Brasil, Claudio Lamachia, pediu que o Supremo Tribunal Federal (STF) derrube o sigilo e torne p\u00fablico o conte\u00fado da dela\u00e7\u00e3o premiada de 77 executivos e ex-executivos da empreiteira Odebrecht. A homologa\u00e7\u00e3o das dela\u00e7\u00f5es foi feita nesta segunda-feira (30) pela presidente do STF, ministra C\u00e1rmen L\u00facia, que manteve o sigilo dos depoimentos (leia aqui). <\/p>\n<p>&#8220;\u00c9 preciso que fique bastante claro a toda sociedade o papel de cada um dos envolvidos, seja da iniciativa privada ou dos setores p\u00fablicos. Nessas horas, a luz do sol \u00e9 o melhor detergente&#8221;, destacou.<\/p>\n<p>Segundo Lamachia, a homologa\u00e7\u00e3o \u00e9 um &#8216;ato de Justi\u00e7a&#8217; ao ministro e relator da Lava Jato no STF Teori Zavascki, falecido em um acidente a\u00e9reo no \u00faltimo dia 19. &#8220;Todos devem ser julgados com o rigor da lei, tendo preservados o amplo direito de defesa, mas n\u00e3o podemos aceitar que haja uma interrup\u00e7\u00e3o que favore\u00e7a quem tanto mal fez ao Brasil&#8221;, disse.<\/p>\n<p>&#8220;A homologa\u00e7\u00e3o \u00e9 um ato de justi\u00e7a n\u00e3o apenas \u00e0 mem\u00f3ria do ministro Teori Zavascki, mas de garantia \u00e0 sociedade de que o julgamento da Lava Jato n\u00e3o ser\u00e1 interrompido ou mesmo atrasado, beneficiando corruptos e corruptores&#8221;, completou.<\/p>\n","protected":false},"excerpt":{"rendered":"<p>OAB PEDE FIM DE SIGILO DE DELA\u00c7\u00c3O DA ODEBRECHT: LUZ DO SOL \u00c9 MELHOR DETERGENTE<\/p>\n","protected":false},"author":1,"featured_media":0,"comment_status":"closed","ping_status":"open","sticky":false,"template":"","format":"standard","meta":{"_exactmetrics_skip_tracking":false,"_exactmetrics_sitenote_active":false,"_exactmetrics_sitenote_note":"","_exactmetrics_sitenote_category":0,"jetpack_post_was_ever_published":false,"_jetpack_newsletter_access":"","_jetpack_dont_email_post_to_subs":false,"_jetpack_newsletter_tier_id":0,"_jetpack_memberships_contains_paywalled_content":false,"_jetpack_memberships_contains_paid_content":false,"footnotes":"","jetpack_publicize_message":"","jetpack_publicize_feature_enabled":true,"jetpack_social_post_already_shared":true,"jetpack_social_options":{"image_generator_settings":{"template":"highway","enabled":false},"version":2}},"categories":[1],"tags":[],"class_list":["post-8032","post","type-post","status-publish","format-standard","hentry","category-notas"],"jetpack_publicize_connections":[],"jetpack_sharing_enabled":true,"jetpack_featured_media_url":"","jetpack_shortlink":"https:\/\/wp.me\/p7wKYW-25y","jetpack-related-posts":[],"_links":{"self":[{"href":"http:\/\/blogdalucianaoliveira.com.br\/blog\/wp-json\/wp\/v2\/posts\/8032","targetHints":{"allow":["GET"]}}],"collection":[{"href":"http:\/\/blogdalucianaoliveira.com.br\/blog\/wp-json\/wp\/v2\/posts"}],"about":[{"href":"http:\/\/blogdalucianaoliveira.com.br\/blog\/wp-json\/wp\/v2\/types\/post"}],"author":[{"embeddable":true,"href":"http:\/\/blogdalucianaoliveira.com.br\/blog\/wp-json\/wp\/v2\/users\/1"}],"replies":[{"embeddable":true,"href":"http:\/\/blogdalucianaoliveira.com.br\/blog\/wp-json\/wp\/v2\/comments?post=8032"}],"version-history":[{"count":1,"href":"http:\/\/blogdalucianaoliveira.com.br\/blog\/wp-json\/wp\/v2\/posts\/8032\/revisions"}],"predecessor-version":[{"id":8034,"href":"http:\/\/blogdalucianaoliveira.com.br\/blog\/wp-json\/wp\/v2\/posts\/8032\/revisions\/8034"}],"wp:attachment":[{"href":"http:\/\/blogdalucianaoliveira.com.br\/blog\/wp-json\/wp\/v2\/media?parent=8032"}],"wp:term":[{"taxonomy":"category","embeddable":true,"href":"http:\/\/blogdalucianaoliveira.com.br\/blog\/wp-json\/wp\/v2\/categories?post=8032"},{"taxonomy":"post_tag","embeddable":true,"href":"http:\/\/blogdalucianaoliveira.com.br\/blog\/wp-json\/wp\/v2\/tags?post=8032"}],"curies":[{"name":"wp","href":"https:\/\/api.w.org\/{rel}","templated":true}]}}