{"id":8038,"date":"2017-01-30T11:02:52","date_gmt":"2017-01-30T15:02:52","guid":{"rendered":"http:\/\/blogdalucianaoliveira.com.br\/blog\/?p=8038"},"modified":"2017-01-30T11:02:52","modified_gmt":"2017-01-30T15:02:52","slug":"texto-impecavel-do-polemico-professor-nazareno","status":"publish","type":"post","link":"http:\/\/blogdalucianaoliveira.com.br\/blog\/2017\/01\/30\/texto-impecavel-do-polemico-professor-nazareno\/","title":{"rendered":"Texto impec\u00e1vel do pol\u00eamico professor Nazareno"},"content":{"rendered":"<p><img data-recalc-dims=\"1\" loading=\"lazy\" decoding=\"async\" data-attachment-id=\"8039\" data-permalink=\"http:\/\/blogdalucianaoliveira.com.br\/blog\/2017\/01\/30\/texto-impecavel-do-polemico-professor-nazareno\/naza\/\" data-orig-file=\"https:\/\/i0.wp.com\/blogdalucianaoliveira.com.br\/blog\/wp-content\/uploads\/2017\/01\/naza.jpg?fit=878%2C600\" data-orig-size=\"878,600\" data-comments-opened=\"0\" data-image-meta=\"{&quot;aperture&quot;:&quot;0&quot;,&quot;credit&quot;:&quot;&quot;,&quot;camera&quot;:&quot;&quot;,&quot;caption&quot;:&quot;&quot;,&quot;created_timestamp&quot;:&quot;0&quot;,&quot;copyright&quot;:&quot;&quot;,&quot;focal_length&quot;:&quot;0&quot;,&quot;iso&quot;:&quot;0&quot;,&quot;shutter_speed&quot;:&quot;0&quot;,&quot;title&quot;:&quot;&quot;,&quot;orientation&quot;:&quot;0&quot;}\" data-image-title=\"naza\" data-image-description=\"\" data-image-caption=\"\" data-medium-file=\"https:\/\/i0.wp.com\/blogdalucianaoliveira.com.br\/blog\/wp-content\/uploads\/2017\/01\/naza.jpg?fit=300%2C205\" data-large-file=\"https:\/\/i0.wp.com\/blogdalucianaoliveira.com.br\/blog\/wp-content\/uploads\/2017\/01\/naza.jpg?fit=600%2C410\" src=\"https:\/\/i0.wp.com\/blogdalucianaoliveira.com.br\/blog\/wp-content\/uploads\/2017\/01\/naza.jpg?resize=600%2C410\" alt=\"naza\" width=\"600\" height=\"410\" class=\"alignnone size-full wp-image-8039\" srcset=\"https:\/\/i0.wp.com\/blogdalucianaoliveira.com.br\/blog\/wp-content\/uploads\/2017\/01\/naza.jpg?w=878 878w, https:\/\/i0.wp.com\/blogdalucianaoliveira.com.br\/blog\/wp-content\/uploads\/2017\/01\/naza.jpg?resize=300%2C205 300w, https:\/\/i0.wp.com\/blogdalucianaoliveira.com.br\/blog\/wp-content\/uploads\/2017\/01\/naza.jpg?resize=768%2C525 768w, https:\/\/i0.wp.com\/blogdalucianaoliveira.com.br\/blog\/wp-content\/uploads\/2017\/01\/naza.jpg?resize=439%2C300 439w\" sizes=\"auto, (max-width: 600px) 100vw, 600px\" \/><\/p>\n<p>O que h\u00e1 comigo?<!--more--><\/p>\n<p>Professor Nazareno*<\/p>\n<p>H\u00e1 certamente algo esquisito acontecendo comigo. N\u00e3o sei o qu\u00ea \u00e9, mas muitos amigos meus j\u00e1 me advertiram com rela\u00e7\u00e3o as minhas atitudes di\u00e1rias. N\u00e3o mudei em absolutamente nada a minha opini\u00e3o em rela\u00e7\u00e3o aos fatos cotidianos. Sou brasileiro nato, n\u00e3o nasci em Rond\u00f4nia, mas sou \u201crondoniense de cora\u00e7\u00e3o\u201d e sempre estive em conson\u00e2ncia com as coisas daqui, do Brasil e do mundo. <\/p>\n<p>Sou crist\u00e3o convicto, pai de fam\u00edlia exemplar, casado h\u00e1 mais de 35 anos com a mesma pessoa, acredito cegamente em Deus todo poderoso, vou semanalmente \u00e0 igreja, refuto o Satan\u00e1s e leio diariamente a B\u00edblia. Sempre defendi os bons costumes e a conviv\u00eancia harmoniosa entre todas as pessoas. Acho que a elei\u00e7\u00e3o de Donald Trump nos Estados Unidos foi uma boa op\u00e7\u00e3o para o mundo. Com este grande estadista no poder, viveremos uma revolu\u00e7\u00e3o do bem.<\/p>\n<p>Nas \u00faltimas elei\u00e7\u00f5es, por exemplo, votei no Dr. Hildon Chaves para prefeito de Porto Velho e tamb\u00e9m num candidato a vereador que \u00e9 evang\u00e9lico, homem de Deus mesmo. Sou f\u00e3 de carteirinha deste ex-promotor de justi\u00e7a e percebo que ele \u00e9 o \u00fanico que vai resolver os poucos problemas que nossa cidade enfrenta. Vibrei com a posse de Michel Temer e sempre apoiei a sa\u00edda do PT e da Dilma Rousseff do poder. Eles queriam transformar o Brasil em uma na\u00e7\u00e3o comunista. Um absurdo isso. <\/p>\n<p>N\u00e3o entendo por que \u00e0s vezes recebo cr\u00edticas de certas pessoas. Ser\u00e1 inveja? Com rela\u00e7\u00e3o aos motins dentro das penitenci\u00e1rias acho normal que os presos se matem, pois ficar\u00e3o bem menos e a viol\u00eancia acabaria logo. Defendo que quanto mais mortes nas cadeias melhor para o Brasil. Que mal h\u00e1 em se pensar assim? Muitos tamb\u00e9m pensam assim como eu.<\/p>\n<p>Sou f\u00e3 e seguidor de Jair Bolsonaro e vou votar nele para presidente em 2018. Acho que \u201cbandido bom \u00e9 bandido morto\u201d e acredito que os \u201cDireitos Humanos\u201d foram criados para proteger bandidos e malfeitores e deviam ser extintos de nossa sociedade. Nas redes sociais \u00e0s vezes curto publica\u00e7\u00f5es ditas machistas, preconceituosas, racistas, homof\u00f3bicas e mis\u00f3ginas. <\/p>\n<p>Amo o funk e tamb\u00e9m o sertanejo universit\u00e1rio e n\u00e3o perco um s\u00f3 programa da televis\u00e3o nos domingos \u00e0 tarde. Leio muito, principalmente os colunistas de Porto Velho. Opini\u00e3o de Primeira do excelente jornalista S\u00e9rgio Pires \u00e9 minha coluna preferida. Coerente, s\u00e9rio, instrutivo e atual nunca entendi por que o eminente escriba jamais foi indicado aos pr\u00eamios Esso e Pulitzer de jornalismo. Seus ricos textos pregam a paz e a boa conviv\u00eancia entre os mais variados setores sociais.<\/p>\n<p>Como cidad\u00e3o, apoio a mutila\u00e7\u00e3o de livros \u201cimorais\u201d como determinou recentemente o prefeito de Ariquemes. Os professores que escolheram estes livros est\u00e3o totalmente errados e n\u00e3o devem ser levados em considera\u00e7\u00e3o. Simples, assim! Se o estadista Thiago Flores quiser, serei um picotador oficial dessas obras did\u00e1ticas. J\u00e1 comprei v\u00e1rias tesouras. Se existem coisas erradas na cidade como o homossexualismo e fam\u00edlias que n\u00e3o sejam as tradicionais, ningu\u00e9m deve mesmo ficar sabendo. Ali\u00e1s, se n\u00e3o forem pai, m\u00e3e e filhos biol\u00f3gicos \u00e9 fam\u00edlia? <\/p>\n<p>Essa interfer\u00eancia do Estado na cria\u00e7\u00e3o dos nossos filhos s\u00f3 pode ser coisa do PT, o \u00fanico partido envolvido em corrup\u00e7\u00e3o e desmandos em nosso pa\u00eds. Al\u00e9m do mais, os petistas querem corromper as futuras gera\u00e7\u00f5es deste pa\u00eds e \u00e9 preciso agir em nome da moral e dos bons costumes. N\u00e3o entendo por que me chamam de coxinha, reacion\u00e1rio e conservador. Estou espantado!<\/p>\n<p>*\u00c9 Professor em Porto Velho.<\/p>\n","protected":false},"excerpt":{"rendered":"<p>O que h\u00e1 comigo?<\/p>\n","protected":false},"author":1,"featured_media":0,"comment_status":"closed","ping_status":"open","sticky":false,"template":"","format":"standard","meta":{"_exactmetrics_skip_tracking":false,"_exactmetrics_sitenote_active":false,"_exactmetrics_sitenote_note":"","_exactmetrics_sitenote_category":0,"jetpack_post_was_ever_published":false,"_jetpack_newsletter_access":"","_jetpack_dont_email_post_to_subs":false,"_jetpack_newsletter_tier_id":0,"_jetpack_memberships_contains_paywalled_content":false,"_jetpack_memberships_contains_paid_content":false,"footnotes":"","jetpack_publicize_message":"","jetpack_publicize_feature_enabled":true,"jetpack_social_post_already_shared":true,"jetpack_social_options":{"image_generator_settings":{"template":"highway","enabled":false},"version":2}},"categories":[1],"tags":[],"class_list":["post-8038","post","type-post","status-publish","format-standard","hentry","category-notas"],"jetpack_publicize_connections":[],"jetpack_sharing_enabled":true,"jetpack_featured_media_url":"","jetpack_shortlink":"https:\/\/wp.me\/p7wKYW-25E","jetpack-related-posts":[],"_links":{"self":[{"href":"http:\/\/blogdalucianaoliveira.com.br\/blog\/wp-json\/wp\/v2\/posts\/8038","targetHints":{"allow":["GET"]}}],"collection":[{"href":"http:\/\/blogdalucianaoliveira.com.br\/blog\/wp-json\/wp\/v2\/posts"}],"about":[{"href":"http:\/\/blogdalucianaoliveira.com.br\/blog\/wp-json\/wp\/v2\/types\/post"}],"author":[{"embeddable":true,"href":"http:\/\/blogdalucianaoliveira.com.br\/blog\/wp-json\/wp\/v2\/users\/1"}],"replies":[{"embeddable":true,"href":"http:\/\/blogdalucianaoliveira.com.br\/blog\/wp-json\/wp\/v2\/comments?post=8038"}],"version-history":[{"count":1,"href":"http:\/\/blogdalucianaoliveira.com.br\/blog\/wp-json\/wp\/v2\/posts\/8038\/revisions"}],"predecessor-version":[{"id":8040,"href":"http:\/\/blogdalucianaoliveira.com.br\/blog\/wp-json\/wp\/v2\/posts\/8038\/revisions\/8040"}],"wp:attachment":[{"href":"http:\/\/blogdalucianaoliveira.com.br\/blog\/wp-json\/wp\/v2\/media?parent=8038"}],"wp:term":[{"taxonomy":"category","embeddable":true,"href":"http:\/\/blogdalucianaoliveira.com.br\/blog\/wp-json\/wp\/v2\/categories?post=8038"},{"taxonomy":"post_tag","embeddable":true,"href":"http:\/\/blogdalucianaoliveira.com.br\/blog\/wp-json\/wp\/v2\/tags?post=8038"}],"curies":[{"name":"wp","href":"https:\/\/api.w.org\/{rel}","templated":true}]}}