{"id":8041,"date":"2017-01-30T11:13:45","date_gmt":"2017-01-30T15:13:45","guid":{"rendered":"http:\/\/blogdalucianaoliveira.com.br\/blog\/?p=8041"},"modified":"2017-01-30T11:13:45","modified_gmt":"2017-01-30T15:13:45","slug":"nada-e-mais-covarde-que-a-riqueza","status":"publish","type":"post","link":"http:\/\/blogdalucianaoliveira.com.br\/blog\/2017\/01\/30\/nada-e-mais-covarde-que-a-riqueza\/","title":{"rendered":"Nada \u00e9 mais covarde que a riqueza"},"content":{"rendered":"<p><img data-recalc-dims=\"1\" loading=\"lazy\" decoding=\"async\" data-attachment-id=\"8042\" data-permalink=\"http:\/\/blogdalucianaoliveira.com.br\/blog\/2017\/01\/30\/nada-e-mais-covarde-que-a-riqueza\/podre\/\" data-orig-file=\"https:\/\/i0.wp.com\/blogdalucianaoliveira.com.br\/blog\/wp-content\/uploads\/2017\/01\/podre.jpg?fit=1000%2C357\" data-orig-size=\"1000,357\" data-comments-opened=\"0\" data-image-meta=\"{&quot;aperture&quot;:&quot;0&quot;,&quot;credit&quot;:&quot;&quot;,&quot;camera&quot;:&quot;&quot;,&quot;caption&quot;:&quot;&quot;,&quot;created_timestamp&quot;:&quot;0&quot;,&quot;copyright&quot;:&quot;&quot;,&quot;focal_length&quot;:&quot;0&quot;,&quot;iso&quot;:&quot;0&quot;,&quot;shutter_speed&quot;:&quot;0&quot;,&quot;title&quot;:&quot;&quot;,&quot;orientation&quot;:&quot;0&quot;}\" data-image-title=\"podre\" data-image-description=\"\" data-image-caption=\"\" data-medium-file=\"https:\/\/i0.wp.com\/blogdalucianaoliveira.com.br\/blog\/wp-content\/uploads\/2017\/01\/podre.jpg?fit=300%2C107\" data-large-file=\"https:\/\/i0.wp.com\/blogdalucianaoliveira.com.br\/blog\/wp-content\/uploads\/2017\/01\/podre.jpg?fit=600%2C214\" src=\"https:\/\/i0.wp.com\/blogdalucianaoliveira.com.br\/blog\/wp-content\/uploads\/2017\/01\/podre.jpg?resize=600%2C214\" alt=\"podre\" width=\"600\" height=\"214\" class=\"alignnone size-full wp-image-8042\" srcset=\"https:\/\/i0.wp.com\/blogdalucianaoliveira.com.br\/blog\/wp-content\/uploads\/2017\/01\/podre.jpg?w=1000 1000w, https:\/\/i0.wp.com\/blogdalucianaoliveira.com.br\/blog\/wp-content\/uploads\/2017\/01\/podre.jpg?resize=300%2C107 300w, https:\/\/i0.wp.com\/blogdalucianaoliveira.com.br\/blog\/wp-content\/uploads\/2017\/01\/podre.jpg?resize=768%2C274 768w, https:\/\/i0.wp.com\/blogdalucianaoliveira.com.br\/blog\/wp-content\/uploads\/2017\/01\/podre.jpg?resize=800%2C286 800w\" sizes=\"auto, (max-width: 600px) 100vw, 600px\" \/><\/p>\n<p>GOLPE DEVOLVE 4,3 MILH\u00d5ES DE FAM\u00cdLIAS \u00c0S CLASSES D E E<!--more--><\/p>\n<p>247 &#8211; Levantamento feito pela Tend\u00eancias Consultoria com base na Pnad e em dados da Receita Federal &#8211; divulgados at\u00e9 2015 e proje\u00e7\u00f5es para 2016 prova que golpe parlamentar produziu efeitos perversos, especialmente entre a popula\u00e7\u00e3o mais pobre. <\/p>\n<p>Segundo o estudo, divulgado pelo jornal Valor nesta segunda-feira, 30, as classes D e E ganharam 4,3 milh\u00f5es de fam\u00edlias nos \u00faltimos dois anos e voltaram a representar 56,5% do total de domic\u00edlios do pa\u00eds, n\u00edvel pr\u00f3ximo do registrado em 2011, 57,4%.<\/p>\n<p>Nestes dois anos de 2015, quando a alian\u00e7a entre o senador A\u00e9cio Neves (PSDB) e o ent\u00e3o presidente da C\u00e2mara Eduardo Cunha (PMDB) apostaram na pol\u00edtica do &#8220;quanto pior, melhor&#8221;, e de 2016, quando o produto desta irresponsabilidade foi a ascens\u00e3o de Michel Temer \u00e0 presid\u00eancia, a classe C perdeu 670 mil integrantes, a B, 1,2 milh\u00e3o &#8211; o saldo mais negativo em termos absolutos &#8211; e a A, 475 mil, retra\u00e7\u00e3o de 17,7% sobre 2014, a maior em termos percentuais.<\/p>\n<p>O economista Adriano Pitoli, autor da an\u00e1lise, diz que a mobilidade social s\u00f3 ser\u00e1 retomada a partir de 2018, e em ritmo mais lento do que o observado at\u00e9 2013. Com a mudan\u00e7a da din\u00e2mica econ\u00f4mica, menos atrelada ao consumo daqui para frente, ele diz, a classe C, por exemplo, deve ter evolu\u00e7\u00f5es modestas nos pr\u00f3ximos dez anos.<\/p>\n<p>O avan\u00e7o no grupo de menor rendimento, afirma Renato Meirelles, do Instituto Locomotiva, acompanha a alta do desemprego no pa\u00eds e revela a face mais negativa da atual recess\u00e3o. &#8220;Foi quem perdeu o emprego e hoje faz muito bico, trabalho provis\u00f3rio&#8221;.<\/p>\n","protected":false},"excerpt":{"rendered":"<p>GOLPE DEVOLVE 4,3 MILH\u00d5ES DE FAM\u00cdLIAS \u00c0S CLASSES D E E<\/p>\n","protected":false},"author":1,"featured_media":0,"comment_status":"closed","ping_status":"open","sticky":false,"template":"","format":"standard","meta":{"_exactmetrics_skip_tracking":false,"_exactmetrics_sitenote_active":false,"_exactmetrics_sitenote_note":"","_exactmetrics_sitenote_category":0,"jetpack_post_was_ever_published":false,"_jetpack_newsletter_access":"","_jetpack_dont_email_post_to_subs":false,"_jetpack_newsletter_tier_id":0,"_jetpack_memberships_contains_paywalled_content":false,"_jetpack_memberships_contains_paid_content":false,"footnotes":"","jetpack_publicize_message":"","jetpack_publicize_feature_enabled":true,"jetpack_social_post_already_shared":true,"jetpack_social_options":{"image_generator_settings":{"template":"highway","enabled":false},"version":2}},"categories":[1],"tags":[],"class_list":["post-8041","post","type-post","status-publish","format-standard","hentry","category-notas"],"jetpack_publicize_connections":[],"jetpack_sharing_enabled":true,"jetpack_featured_media_url":"","jetpack_shortlink":"https:\/\/wp.me\/p7wKYW-25H","jetpack-related-posts":[],"_links":{"self":[{"href":"http:\/\/blogdalucianaoliveira.com.br\/blog\/wp-json\/wp\/v2\/posts\/8041","targetHints":{"allow":["GET"]}}],"collection":[{"href":"http:\/\/blogdalucianaoliveira.com.br\/blog\/wp-json\/wp\/v2\/posts"}],"about":[{"href":"http:\/\/blogdalucianaoliveira.com.br\/blog\/wp-json\/wp\/v2\/types\/post"}],"author":[{"embeddable":true,"href":"http:\/\/blogdalucianaoliveira.com.br\/blog\/wp-json\/wp\/v2\/users\/1"}],"replies":[{"embeddable":true,"href":"http:\/\/blogdalucianaoliveira.com.br\/blog\/wp-json\/wp\/v2\/comments?post=8041"}],"version-history":[{"count":1,"href":"http:\/\/blogdalucianaoliveira.com.br\/blog\/wp-json\/wp\/v2\/posts\/8041\/revisions"}],"predecessor-version":[{"id":8043,"href":"http:\/\/blogdalucianaoliveira.com.br\/blog\/wp-json\/wp\/v2\/posts\/8041\/revisions\/8043"}],"wp:attachment":[{"href":"http:\/\/blogdalucianaoliveira.com.br\/blog\/wp-json\/wp\/v2\/media?parent=8041"}],"wp:term":[{"taxonomy":"category","embeddable":true,"href":"http:\/\/blogdalucianaoliveira.com.br\/blog\/wp-json\/wp\/v2\/categories?post=8041"},{"taxonomy":"post_tag","embeddable":true,"href":"http:\/\/blogdalucianaoliveira.com.br\/blog\/wp-json\/wp\/v2\/tags?post=8041"}],"curies":[{"name":"wp","href":"https:\/\/api.w.org\/{rel}","templated":true}]}}