{"id":8068,"date":"2017-01-30T23:03:39","date_gmt":"2017-01-31T03:03:39","guid":{"rendered":"http:\/\/blogdalucianaoliveira.com.br\/blog\/?p=8068"},"modified":"2017-01-31T08:57:22","modified_gmt":"2017-01-31T12:57:22","slug":"globo-mostra-eike-batista-como-vitima-do-sistema","status":"publish","type":"post","link":"http:\/\/blogdalucianaoliveira.com.br\/blog\/2017\/01\/30\/globo-mostra-eike-batista-como-vitima-do-sistema\/","title":{"rendered":"Globo mostra Eike Batista como v\u00edtima do &#8216;sistema&#8217;"},"content":{"rendered":"<p><img data-recalc-dims=\"1\" loading=\"lazy\" decoding=\"async\" data-attachment-id=\"8069\" data-permalink=\"http:\/\/blogdalucianaoliveira.com.br\/blog\/2017\/01\/30\/globo-mostra-eike-batista-como-vitima-do-sistema\/eikebatista-viagem-novayork-rio-felipesantana-globo-2\/\" data-orig-file=\"https:\/\/i0.wp.com\/blogdalucianaoliveira.com.br\/blog\/wp-content\/uploads\/2017\/01\/eikebatista-viagem-novayork-rio-felipesantana-globo-2.jpg?fit=640%2C320\" data-orig-size=\"640,320\" data-comments-opened=\"0\" data-image-meta=\"{&quot;aperture&quot;:&quot;0&quot;,&quot;credit&quot;:&quot;&quot;,&quot;camera&quot;:&quot;&quot;,&quot;caption&quot;:&quot;&quot;,&quot;created_timestamp&quot;:&quot;0&quot;,&quot;copyright&quot;:&quot;&quot;,&quot;focal_length&quot;:&quot;0&quot;,&quot;iso&quot;:&quot;0&quot;,&quot;shutter_speed&quot;:&quot;0&quot;,&quot;title&quot;:&quot;&quot;,&quot;orientation&quot;:&quot;0&quot;}\" data-image-title=\"eikebatista-viagem-novayork-rio-felipesantana-globo (2)\" data-image-description=\"\" data-image-caption=\"\" data-medium-file=\"https:\/\/i0.wp.com\/blogdalucianaoliveira.com.br\/blog\/wp-content\/uploads\/2017\/01\/eikebatista-viagem-novayork-rio-felipesantana-globo-2.jpg?fit=300%2C150\" data-large-file=\"https:\/\/i0.wp.com\/blogdalucianaoliveira.com.br\/blog\/wp-content\/uploads\/2017\/01\/eikebatista-viagem-novayork-rio-felipesantana-globo-2.jpg?fit=600%2C300\" src=\"https:\/\/i0.wp.com\/blogdalucianaoliveira.com.br\/blog\/wp-content\/uploads\/2017\/01\/eikebatista-viagem-novayork-rio-felipesantana-globo-2.jpg?resize=600%2C300\" alt=\"eikebatista-viagem-novayork-rio-felipesantana-globo (2)\" width=\"600\" height=\"300\" class=\"alignnone size-full wp-image-8069\" srcset=\"https:\/\/i0.wp.com\/blogdalucianaoliveira.com.br\/blog\/wp-content\/uploads\/2017\/01\/eikebatista-viagem-novayork-rio-felipesantana-globo-2.jpg?w=640 640w, https:\/\/i0.wp.com\/blogdalucianaoliveira.com.br\/blog\/wp-content\/uploads\/2017\/01\/eikebatista-viagem-novayork-rio-felipesantana-globo-2.jpg?resize=300%2C150 300w, https:\/\/i0.wp.com\/blogdalucianaoliveira.com.br\/blog\/wp-content\/uploads\/2017\/01\/eikebatista-viagem-novayork-rio-felipesantana-globo-2.jpg?resize=600%2C300 600w\" sizes=\"auto, (max-width: 600px) 100vw, 600px\" \/><\/p>\n<p>Quase senti pena do ex-bilion\u00e1rio Eike Batista ao ver o Jornal Nacional detalhar seus \u00faltimos passos em liberdade entre os aeroportos JFK, em Nova Iorque e, Tom Jobim, no Rio de Janeiro.<!--more--><\/p>\n<p>O homem que manteve durante toda a vida rela\u00e7\u00f5es com o estreito c\u00edrculo da plutocracia brasileira e s\u00f3 por isso chegou ao ranking da Forbes como um dos 10 mais ricos do mundo, se entregou \u00e0 pol\u00edcia sozinho, forjando calma e humildade.<\/p>\n<p>Eike driblou todos que o procuravam, mas viajou na companhia de um rep\u00f3rter da Globo, Felipe Santana, que fez quest\u00e3o de mostrar antes do embarque a tietagem de brasileiros ao procurado na lista vermelha da Interpol.<\/p>\n<p>\u201cE a\u00ed saiu agora que voc\u00ea estava voltando, falei assim: legal, o cara \u00e9 firme, n\u00e3o deve nada, n\u00e3o teme\u201d, elogiou um brasileiro.<\/p>\n<p>O rep\u00f3rter tamb\u00e9m mostrou um passageiro que ironizou Eike, mas fez quest\u00e3o de deixar claro que ele foi parado mais pra atender pedidos de selfies do que para receber cr\u00edticas. \u201cNo clima quase amistoso\u201d.<\/p>\n<p>A edi\u00e7\u00e3o da reportagem caiu como uma luva \u00e0 imagem fr\u00e1gil, por\u00e9m tranquila, que o empres\u00e1rio foragido pretendia passar antes de pisar no solo em que causou um rombo de mais de 29 bilh\u00f5es, quase 8 bilh\u00f5es de preju\u00edzos s\u00f3 aos bancos.<\/p>\n<p>\u201cO empres\u00e1rio diz que nunca pensou em fugir\u201d e que est\u00e1 \u201c\u00e0 disposi\u00e7\u00e3o da Justi\u00e7a como um brasileiro\u201d, que cumpre seu dever, sua obriga\u00e7\u00e3o.<\/p>\n<p>Da\u00ed pra frente no di\u00e1logo com o rep\u00f3rter o empres\u00e1rio se queixa do \u2018sistema\u2019, diz que que no Brasil pra ser bem sucedido no ramo n\u00e3o h\u00e1 como fugir ao pagamento de propinas. Se portou como v\u00edtima da voracidade do establishment.<\/p>\n<p>Foi preso por isso, \u00e9 acusado de ter trocado apoio a seus investimentos por propina ao ex-governador do Rio S\u00e9rgio Cabral, algo em torno de US$ 16,5 milh\u00f5es  ou R$ 52 milh\u00f5es. <\/p>\n<p>Era s\u00f3 o que faltava pra completar o festival de hipocrisia patrocinado pela grande m\u00eddia, um Eike Batista sinceramente arrependido a ponto de contar como funcionam as rela\u00e7\u00f5es prom\u00edscuas entre o poder p\u00fablico e privado.<\/p>\n<p>E pra fechar com chave de ouro, o rep\u00f3rter diz que \u201cAgora, ele (Eike) acha que o Brasil vai mudar.\u201d<\/p>\n<p>\u201cOlha, eu digo que o Brasil que est\u00e1 nascendo agora vai ser diferente porque voc\u00ea vai pedir as suas licen\u00e7as, voc\u00ea vai passar pelos procedimentos normais, transparentes e, se voc\u00ea for melhor, voc\u00ea ganhou e acabou a hist\u00f3ria\u201d, disse.<\/p>\n<p><img data-recalc-dims=\"1\" loading=\"lazy\" decoding=\"async\" data-attachment-id=\"8070\" data-permalink=\"http:\/\/blogdalucianaoliveira.com.br\/blog\/2017\/01\/30\/globo-mostra-eike-batista-como-vitima-do-sistema\/eike1\/\" data-orig-file=\"https:\/\/i0.wp.com\/blogdalucianaoliveira.com.br\/blog\/wp-content\/uploads\/2017\/01\/eike1.jpg?fit=699%2C420\" data-orig-size=\"699,420\" data-comments-opened=\"0\" data-image-meta=\"{&quot;aperture&quot;:&quot;0&quot;,&quot;credit&quot;:&quot;&quot;,&quot;camera&quot;:&quot;&quot;,&quot;caption&quot;:&quot;&quot;,&quot;created_timestamp&quot;:&quot;0&quot;,&quot;copyright&quot;:&quot;&quot;,&quot;focal_length&quot;:&quot;0&quot;,&quot;iso&quot;:&quot;0&quot;,&quot;shutter_speed&quot;:&quot;0&quot;,&quot;title&quot;:&quot;&quot;,&quot;orientation&quot;:&quot;0&quot;}\" data-image-title=\"eike1\" data-image-description=\"\" data-image-caption=\"\" data-medium-file=\"https:\/\/i0.wp.com\/blogdalucianaoliveira.com.br\/blog\/wp-content\/uploads\/2017\/01\/eike1.jpg?fit=300%2C180\" data-large-file=\"https:\/\/i0.wp.com\/blogdalucianaoliveira.com.br\/blog\/wp-content\/uploads\/2017\/01\/eike1.jpg?fit=600%2C361\" src=\"https:\/\/i0.wp.com\/blogdalucianaoliveira.com.br\/blog\/wp-content\/uploads\/2017\/01\/eike1.jpg?resize=600%2C361\" alt=\"eike1\" width=\"600\" height=\"361\" class=\"alignnone size-full wp-image-8070\" srcset=\"https:\/\/i0.wp.com\/blogdalucianaoliveira.com.br\/blog\/wp-content\/uploads\/2017\/01\/eike1.jpg?w=699 699w, https:\/\/i0.wp.com\/blogdalucianaoliveira.com.br\/blog\/wp-content\/uploads\/2017\/01\/eike1.jpg?resize=300%2C180 300w, https:\/\/i0.wp.com\/blogdalucianaoliveira.com.br\/blog\/wp-content\/uploads\/2017\/01\/eike1.jpg?resize=499%2C300 499w\" sizes=\"auto, (max-width: 600px) 100vw, 600px\" \/><\/p>\n<p>Pausa pro cochilo na classe executiva, mas n\u00e3o sem um uma pergunta relevante:<\/p>\n<p>Rep\u00f3rter: Tem sono bom?<br \/>\nEike: Tenho, gra\u00e7as a Deus.<\/p>\n","protected":false},"excerpt":{"rendered":"<p>Quase senti pena do ex-bilion\u00e1rio Eike Batista ao ver o Jornal Nacional detalhar seus \u00faltimos passos em liberdade entre os aeroportos JFK, em Nova Iorque e, Tom Jobim, no Rio de Janeiro.<\/p>\n","protected":false},"author":1,"featured_media":0,"comment_status":"closed","ping_status":"open","sticky":false,"template":"","format":"standard","meta":{"_exactmetrics_skip_tracking":false,"_exactmetrics_sitenote_active":false,"_exactmetrics_sitenote_note":"","_exactmetrics_sitenote_category":0,"jetpack_post_was_ever_published":false,"_jetpack_newsletter_access":"","_jetpack_dont_email_post_to_subs":false,"_jetpack_newsletter_tier_id":0,"_jetpack_memberships_contains_paywalled_content":false,"_jetpack_memberships_contains_paid_content":false,"footnotes":"","jetpack_publicize_message":"","jetpack_publicize_feature_enabled":true,"jetpack_social_post_already_shared":true,"jetpack_social_options":{"image_generator_settings":{"template":"highway","enabled":false},"version":2}},"categories":[1],"tags":[],"class_list":["post-8068","post","type-post","status-publish","format-standard","hentry","category-notas"],"jetpack_publicize_connections":[],"jetpack_sharing_enabled":true,"jetpack_featured_media_url":"","jetpack_shortlink":"https:\/\/wp.me\/p7wKYW-268","jetpack-related-posts":[],"_links":{"self":[{"href":"http:\/\/blogdalucianaoliveira.com.br\/blog\/wp-json\/wp\/v2\/posts\/8068","targetHints":{"allow":["GET"]}}],"collection":[{"href":"http:\/\/blogdalucianaoliveira.com.br\/blog\/wp-json\/wp\/v2\/posts"}],"about":[{"href":"http:\/\/blogdalucianaoliveira.com.br\/blog\/wp-json\/wp\/v2\/types\/post"}],"author":[{"embeddable":true,"href":"http:\/\/blogdalucianaoliveira.com.br\/blog\/wp-json\/wp\/v2\/users\/1"}],"replies":[{"embeddable":true,"href":"http:\/\/blogdalucianaoliveira.com.br\/blog\/wp-json\/wp\/v2\/comments?post=8068"}],"version-history":[{"count":4,"href":"http:\/\/blogdalucianaoliveira.com.br\/blog\/wp-json\/wp\/v2\/posts\/8068\/revisions"}],"predecessor-version":[{"id":8074,"href":"http:\/\/blogdalucianaoliveira.com.br\/blog\/wp-json\/wp\/v2\/posts\/8068\/revisions\/8074"}],"wp:attachment":[{"href":"http:\/\/blogdalucianaoliveira.com.br\/blog\/wp-json\/wp\/v2\/media?parent=8068"}],"wp:term":[{"taxonomy":"category","embeddable":true,"href":"http:\/\/blogdalucianaoliveira.com.br\/blog\/wp-json\/wp\/v2\/categories?post=8068"},{"taxonomy":"post_tag","embeddable":true,"href":"http:\/\/blogdalucianaoliveira.com.br\/blog\/wp-json\/wp\/v2\/tags?post=8068"}],"curies":[{"name":"wp","href":"https:\/\/api.w.org\/{rel}","templated":true}]}}