{"id":8082,"date":"2017-01-31T11:41:08","date_gmt":"2017-01-31T15:41:08","guid":{"rendered":"http:\/\/blogdalucianaoliveira.com.br\/blog\/?p=8082"},"modified":"2017-01-31T11:52:19","modified_gmt":"2017-01-31T15:52:19","slug":"8082","status":"publish","type":"post","link":"http:\/\/blogdalucianaoliveira.com.br\/blog\/2017\/01\/31\/8082\/","title":{"rendered":"ARIQUEMES: PREFEITO E VEREADORES V\u00c3O DIZER QUEM PODE USAR PRA\u00c7A"},"content":{"rendered":"<p><img data-recalc-dims=\"1\" loading=\"lazy\" decoding=\"async\" data-attachment-id=\"8083\" data-permalink=\"http:\/\/blogdalucianaoliveira.com.br\/blog\/2017\/01\/31\/8082\/praca\/\" data-orig-file=\"https:\/\/i0.wp.com\/blogdalucianaoliveira.com.br\/blog\/wp-content\/uploads\/2017\/01\/pra%C3%A7a.jpg?fit=1280%2C720\" data-orig-size=\"1280,720\" data-comments-opened=\"0\" data-image-meta=\"{&quot;aperture&quot;:&quot;0&quot;,&quot;credit&quot;:&quot;&quot;,&quot;camera&quot;:&quot;&quot;,&quot;caption&quot;:&quot;&quot;,&quot;created_timestamp&quot;:&quot;0&quot;,&quot;copyright&quot;:&quot;&quot;,&quot;focal_length&quot;:&quot;0&quot;,&quot;iso&quot;:&quot;0&quot;,&quot;shutter_speed&quot;:&quot;0&quot;,&quot;title&quot;:&quot;&quot;,&quot;orientation&quot;:&quot;0&quot;}\" data-image-title=\"pra\u00e7a\" data-image-description=\"\" data-image-caption=\"\" data-medium-file=\"https:\/\/i0.wp.com\/blogdalucianaoliveira.com.br\/blog\/wp-content\/uploads\/2017\/01\/pra%C3%A7a.jpg?fit=300%2C169\" data-large-file=\"https:\/\/i0.wp.com\/blogdalucianaoliveira.com.br\/blog\/wp-content\/uploads\/2017\/01\/pra%C3%A7a.jpg?fit=600%2C338\" src=\"https:\/\/i0.wp.com\/blogdalucianaoliveira.com.br\/blog\/wp-content\/uploads\/2017\/01\/pra%C3%A7a.jpg?resize=600%2C338\" alt=\"pra\u00e7a\" width=\"600\" height=\"338\" class=\"alignnone size-full wp-image-8083\" srcset=\"https:\/\/i0.wp.com\/blogdalucianaoliveira.com.br\/blog\/wp-content\/uploads\/2017\/01\/pra%C3%A7a.jpg?w=1280 1280w, https:\/\/i0.wp.com\/blogdalucianaoliveira.com.br\/blog\/wp-content\/uploads\/2017\/01\/pra%C3%A7a.jpg?resize=300%2C169 300w, https:\/\/i0.wp.com\/blogdalucianaoliveira.com.br\/blog\/wp-content\/uploads\/2017\/01\/pra%C3%A7a.jpg?resize=768%2C432 768w, https:\/\/i0.wp.com\/blogdalucianaoliveira.com.br\/blog\/wp-content\/uploads\/2017\/01\/pra%C3%A7a.jpg?resize=1024%2C576 1024w, https:\/\/i0.wp.com\/blogdalucianaoliveira.com.br\/blog\/wp-content\/uploads\/2017\/01\/pra%C3%A7a.jpg?resize=533%2C300 533w, https:\/\/i0.wp.com\/blogdalucianaoliveira.com.br\/blog\/wp-content\/uploads\/2017\/01\/pra%C3%A7a.jpg?w=1200 1200w\" sizes=\"auto, (max-width: 600px) 100vw, 600px\" \/><\/p>\n<p>Est\u00e1 agendado um Ato Em defesa da Fam\u00edlia (dia 04\/02) e uma reuni\u00e3o com o prefeito, vereadores e lideran\u00e7as religiosas de Ariquemes pra definir quem pode usar e quais eventos podem ser realizados na Pra\u00e7a da B\u00edblia.<!--more--><\/p>\n<p>O an\u00fancio est\u00e1 na p\u00e1gina do facebook do vereador Amalec da Costa, o mesmo que liderou a cruzada moralista pra impedir o uso de livros did\u00e1ticos com temas como homossexualismo e diversidade familiar na rede p\u00fablica de ensino.<\/p>\n<p><img data-recalc-dims=\"1\" loading=\"lazy\" decoding=\"async\" data-attachment-id=\"8084\" data-permalink=\"http:\/\/blogdalucianaoliveira.com.br\/blog\/2017\/01\/31\/8082\/urg\/\" data-orig-file=\"https:\/\/i0.wp.com\/blogdalucianaoliveira.com.br\/blog\/wp-content\/uploads\/2017\/01\/URG.jpg?fit=495%2C600\" data-orig-size=\"495,600\" data-comments-opened=\"0\" data-image-meta=\"{&quot;aperture&quot;:&quot;0&quot;,&quot;credit&quot;:&quot;&quot;,&quot;camera&quot;:&quot;&quot;,&quot;caption&quot;:&quot;&quot;,&quot;created_timestamp&quot;:&quot;0&quot;,&quot;copyright&quot;:&quot;&quot;,&quot;focal_length&quot;:&quot;0&quot;,&quot;iso&quot;:&quot;0&quot;,&quot;shutter_speed&quot;:&quot;0&quot;,&quot;title&quot;:&quot;&quot;,&quot;orientation&quot;:&quot;0&quot;}\" data-image-title=\"URG\" data-image-description=\"\" data-image-caption=\"\" data-medium-file=\"https:\/\/i0.wp.com\/blogdalucianaoliveira.com.br\/blog\/wp-content\/uploads\/2017\/01\/URG.jpg?fit=248%2C300\" data-large-file=\"https:\/\/i0.wp.com\/blogdalucianaoliveira.com.br\/blog\/wp-content\/uploads\/2017\/01\/URG.jpg?fit=495%2C600\" src=\"https:\/\/i0.wp.com\/blogdalucianaoliveira.com.br\/blog\/wp-content\/uploads\/2017\/01\/URG.jpg?resize=495%2C600\" alt=\"URG\" width=\"495\" height=\"600\" class=\"alignnone size-full wp-image-8084\" srcset=\"https:\/\/i0.wp.com\/blogdalucianaoliveira.com.br\/blog\/wp-content\/uploads\/2017\/01\/URG.jpg?w=495 495w, https:\/\/i0.wp.com\/blogdalucianaoliveira.com.br\/blog\/wp-content\/uploads\/2017\/01\/URG.jpg?resize=248%2C300 248w\" sizes=\"auto, (max-width: 495px) 100vw, 495px\" \/><\/p>\n<p>Foi ele tamb\u00e9m que anunciou a compra de outros livros por meio de uma vaquinha com empres\u00e1rios, em resposta ao TAC sugerido pelo do Minist\u00e9rio P\u00fablico para impedir a censura e destrui\u00e7\u00e3o de livros produzidos pelo Minist\u00e9rio da Educa\u00e7\u00e3o.<\/p>\n<p>No centro da nova pol\u00eamica, ele declarou que o uso seletivo da pra\u00e7a \u201cal\u00e9m de gerar entretenimento aos mun\u00edcipes, a presen\u00e7a da popula\u00e7\u00e3o de forma ordeira ir\u00e1 inibir a\u00e7\u00f5es de vandalismo a estruturas p\u00fablica.\u201d<\/p>\n<p>N\u00e3o \u00e9 de hoje que evang\u00e9licos reclamam exclusividade para realizar eventos na pra\u00e7a que tem banheiro, bancos, arquibancadas, camarins e at\u00e9 um palco pra shows.<\/p>\n<p>Uma obra que resultou de conv\u00eanio entre a prefeitura e o governo do estado e que as lideran\u00e7as evang\u00e9licas n\u00e3o admitem que seja utilizada em evento que n\u00e3o seja religioso.<\/p>\n<p>Consta no portal da prefeitura que a \u00e1rea foi doada em 2005, atrav\u00e9s da Lei Municipal N\u00ba 865\/2000, \u00e0 Associa\u00e7\u00e3o de Ministros Evang\u00e9licos de Ariquemes, a AMEAR.<\/p>\n<p>Art. 1\u00ba &#8211; Fica o Executivo Municipal autorizado a proceder doa~ao da seguinte \u00e1rea urbana a AMEAR- ASSOCIA\u00c7\u00c3O DE MINISTROS EVANG\u00c9LICOS DE ARIQUEMES, devidamente inscrita no CNPJ sob o n0 03.133.815\/0001-37, com endere\u00e7o \u00e1 Rua 04 setor 02, 1823, nesta Cidade de Ariquemes-RO, os im\u00f3veis Av. Juscelino Kubitschek, Lote 03-A, Quadra 06- setor Institucional, com 70,OOm de frente para a Av. Juscelino Kubitschek, com 70,OOm de fundos divisando com o Lote 02, com 100,00m de lateral direita com a Rua Uni\u00e3o, e com 100,OOm lateral esquerda com Lote 03\/03\/B, perfazendo um total de 7.000,00,m2; O Lote 03\/13 &#8211; Quadra 06, setor Institucional, com 30,OOm de frente para a Travessa Aquariquara, e 30,OOm de fundos, divisando com o lote 031A, com 70,00 m do lado direito com o lote 03 e 70,OOm de lateral esquerda com o lote 02, perfazendo um total de 3.100,00m2.<\/p>\n<p>A pra\u00e7a inaugurada em 2014 teve cerim\u00f4nia com autoridades, prega\u00e7\u00e3o da palavra, louvor, adora\u00e7\u00e3o, e apresenta\u00e7\u00e3o com banda e cantor gospel.<\/p>\n<p>A obra na pra\u00e7a constru\u00edda em terreno ao lado da antiga prefeitura, custou R$ 624.752,76 para atender com exclusividade o interesse das comunidades evang\u00e9licas. <\/p>\n<p><img data-recalc-dims=\"1\" loading=\"lazy\" decoding=\"async\" data-attachment-id=\"8086\" data-permalink=\"http:\/\/blogdalucianaoliveira.com.br\/blog\/2017\/01\/31\/8082\/ji_parana_parada\/\" data-orig-file=\"https:\/\/i0.wp.com\/blogdalucianaoliveira.com.br\/blog\/wp-content\/uploads\/2017\/01\/ji_parana_parada.jpg?fit=550%2C321\" data-orig-size=\"550,321\" data-comments-opened=\"0\" data-image-meta=\"{&quot;aperture&quot;:&quot;0&quot;,&quot;credit&quot;:&quot;&quot;,&quot;camera&quot;:&quot;&quot;,&quot;caption&quot;:&quot;&quot;,&quot;created_timestamp&quot;:&quot;0&quot;,&quot;copyright&quot;:&quot;&quot;,&quot;focal_length&quot;:&quot;0&quot;,&quot;iso&quot;:&quot;0&quot;,&quot;shutter_speed&quot;:&quot;0&quot;,&quot;title&quot;:&quot;&quot;,&quot;orientation&quot;:&quot;0&quot;}\" data-image-title=\"ji_parana_parada\" data-image-description=\"\" data-image-caption=\"\" data-medium-file=\"https:\/\/i0.wp.com\/blogdalucianaoliveira.com.br\/blog\/wp-content\/uploads\/2017\/01\/ji_parana_parada.jpg?fit=300%2C175\" data-large-file=\"https:\/\/i0.wp.com\/blogdalucianaoliveira.com.br\/blog\/wp-content\/uploads\/2017\/01\/ji_parana_parada.jpg?fit=550%2C321\" src=\"https:\/\/i0.wp.com\/blogdalucianaoliveira.com.br\/blog\/wp-content\/uploads\/2017\/01\/ji_parana_parada.jpg?resize=550%2C321\" alt=\"ji_parana_parada\" width=\"550\" height=\"321\" class=\"alignnone size-full wp-image-8086\" srcset=\"https:\/\/i0.wp.com\/blogdalucianaoliveira.com.br\/blog\/wp-content\/uploads\/2017\/01\/ji_parana_parada.jpg?w=550 550w, https:\/\/i0.wp.com\/blogdalucianaoliveira.com.br\/blog\/wp-content\/uploads\/2017\/01\/ji_parana_parada.jpg?resize=300%2C175 300w, https:\/\/i0.wp.com\/blogdalucianaoliveira.com.br\/blog\/wp-content\/uploads\/2017\/01\/ji_parana_parada.jpg?resize=514%2C300 514w\" sizes=\"auto, (max-width: 550px) 100vw, 550px\" \/><\/p>\n<p>Em J\u00ed-Paran\u00e1, onde lei municipal garante uso exclusivo \u00e0 outra Pra\u00e7a da B\u00edblia, a justi\u00e7a concedeu para garantir a realiza\u00e7\u00e3o da 5\u00aa Parada do Orgulho de L\u00e9sbicas, Gays, Bissexuais, Travestis e Transexuais (LGBTT) em outubro de 2015.<\/p>\n<p>Na decis\u00e3o o juiz Edson Yukishigue Sassamoto argumentou que \u201cSe tratando da Pra\u00e7a da B\u00edblia, espa\u00e7o p\u00fablico por excel\u00eancia, n\u00e3o h\u00e1 porque impedir a realiza\u00e7\u00e3o de qualquer evento de manifesta\u00e7\u00e3o popular pac\u00edfica em referido local, havendo de ser reconhecida inconstitucional a Lei Municipal\u201d<\/p>\n","protected":false},"excerpt":{"rendered":"<p>Est\u00e1 agendado um Ato Em defesa da Fam\u00edlia (dia 04\/02) e uma reuni\u00e3o com o prefeito, vereadores e lideran\u00e7as religiosas de Ariquemes pra definir quem pode usar e quais eventos podem ser realizados na Pra\u00e7a da B\u00edblia.<\/p>\n","protected":false},"author":1,"featured_media":0,"comment_status":"closed","ping_status":"open","sticky":false,"template":"","format":"standard","meta":{"_exactmetrics_skip_tracking":false,"_exactmetrics_sitenote_active":false,"_exactmetrics_sitenote_note":"","_exactmetrics_sitenote_category":0,"jetpack_post_was_ever_published":false,"_jetpack_newsletter_access":"","_jetpack_dont_email_post_to_subs":false,"_jetpack_newsletter_tier_id":0,"_jetpack_memberships_contains_paywalled_content":false,"_jetpack_memberships_contains_paid_content":false,"footnotes":"","jetpack_publicize_message":"","jetpack_publicize_feature_enabled":true,"jetpack_social_post_already_shared":true,"jetpack_social_options":{"image_generator_settings":{"template":"highway","enabled":false},"version":2}},"categories":[1],"tags":[],"class_list":["post-8082","post","type-post","status-publish","format-standard","hentry","category-notas"],"jetpack_publicize_connections":[],"jetpack_sharing_enabled":true,"jetpack_featured_media_url":"","jetpack_shortlink":"https:\/\/wp.me\/s7wKYW-8082","jetpack-related-posts":[],"_links":{"self":[{"href":"http:\/\/blogdalucianaoliveira.com.br\/blog\/wp-json\/wp\/v2\/posts\/8082","targetHints":{"allow":["GET"]}}],"collection":[{"href":"http:\/\/blogdalucianaoliveira.com.br\/blog\/wp-json\/wp\/v2\/posts"}],"about":[{"href":"http:\/\/blogdalucianaoliveira.com.br\/blog\/wp-json\/wp\/v2\/types\/post"}],"author":[{"embeddable":true,"href":"http:\/\/blogdalucianaoliveira.com.br\/blog\/wp-json\/wp\/v2\/users\/1"}],"replies":[{"embeddable":true,"href":"http:\/\/blogdalucianaoliveira.com.br\/blog\/wp-json\/wp\/v2\/comments?post=8082"}],"version-history":[{"count":4,"href":"http:\/\/blogdalucianaoliveira.com.br\/blog\/wp-json\/wp\/v2\/posts\/8082\/revisions"}],"predecessor-version":[{"id":8089,"href":"http:\/\/blogdalucianaoliveira.com.br\/blog\/wp-json\/wp\/v2\/posts\/8082\/revisions\/8089"}],"wp:attachment":[{"href":"http:\/\/blogdalucianaoliveira.com.br\/blog\/wp-json\/wp\/v2\/media?parent=8082"}],"wp:term":[{"taxonomy":"category","embeddable":true,"href":"http:\/\/blogdalucianaoliveira.com.br\/blog\/wp-json\/wp\/v2\/categories?post=8082"},{"taxonomy":"post_tag","embeddable":true,"href":"http:\/\/blogdalucianaoliveira.com.br\/blog\/wp-json\/wp\/v2\/tags?post=8082"}],"curies":[{"name":"wp","href":"https:\/\/api.w.org\/{rel}","templated":true}]}}