{"id":8090,"date":"2017-01-31T12:00:35","date_gmt":"2017-01-31T16:00:35","guid":{"rendered":"http:\/\/blogdalucianaoliveira.com.br\/blog\/?p=8090"},"modified":"2017-01-31T12:01:51","modified_gmt":"2017-01-31T16:01:51","slug":"livros-gays-livros-santos","status":"publish","type":"post","link":"http:\/\/blogdalucianaoliveira.com.br\/blog\/2017\/01\/31\/livros-gays-livros-santos\/","title":{"rendered":"Livros gays, livros santos"},"content":{"rendered":"<p><img data-recalc-dims=\"1\" loading=\"lazy\" decoding=\"async\" data-attachment-id=\"8091\" data-permalink=\"http:\/\/blogdalucianaoliveira.com.br\/blog\/2017\/01\/31\/livros-gays-livros-santos\/menina-roubava-livros5\/\" data-orig-file=\"https:\/\/i0.wp.com\/blogdalucianaoliveira.com.br\/blog\/wp-content\/uploads\/2017\/01\/menina-roubava-livros5.jpg?fit=720%2C404\" data-orig-size=\"720,404\" data-comments-opened=\"0\" data-image-meta=\"{&quot;aperture&quot;:&quot;0&quot;,&quot;credit&quot;:&quot;&quot;,&quot;camera&quot;:&quot;&quot;,&quot;caption&quot;:&quot;&quot;,&quot;created_timestamp&quot;:&quot;0&quot;,&quot;copyright&quot;:&quot;&quot;,&quot;focal_length&quot;:&quot;0&quot;,&quot;iso&quot;:&quot;0&quot;,&quot;shutter_speed&quot;:&quot;0&quot;,&quot;title&quot;:&quot;&quot;,&quot;orientation&quot;:&quot;0&quot;}\" data-image-title=\"menina-roubava-livros5\" data-image-description=\"\" data-image-caption=\"\" data-medium-file=\"https:\/\/i0.wp.com\/blogdalucianaoliveira.com.br\/blog\/wp-content\/uploads\/2017\/01\/menina-roubava-livros5.jpg?fit=300%2C168\" data-large-file=\"https:\/\/i0.wp.com\/blogdalucianaoliveira.com.br\/blog\/wp-content\/uploads\/2017\/01\/menina-roubava-livros5.jpg?fit=600%2C337\" src=\"https:\/\/i0.wp.com\/blogdalucianaoliveira.com.br\/blog\/wp-content\/uploads\/2017\/01\/menina-roubava-livros5.jpg?resize=600%2C337\" alt=\"menina-roubava-livros5\" width=\"600\" height=\"337\" class=\"alignnone size-full wp-image-8091\" srcset=\"https:\/\/i0.wp.com\/blogdalucianaoliveira.com.br\/blog\/wp-content\/uploads\/2017\/01\/menina-roubava-livros5.jpg?w=720 720w, https:\/\/i0.wp.com\/blogdalucianaoliveira.com.br\/blog\/wp-content\/uploads\/2017\/01\/menina-roubava-livros5.jpg?resize=300%2C168 300w, https:\/\/i0.wp.com\/blogdalucianaoliveira.com.br\/blog\/wp-content\/uploads\/2017\/01\/menina-roubava-livros5.jpg?resize=535%2C300 535w\" sizes=\"auto, (max-width: 600px) 100vw, 600px\" \/><\/p>\n<p>Do blog do tio Naza<\/p>\n<p>O caso medieval dos \u201clivros de Ariquemes\u201d ainda dar\u00e1 muito que falar. Vergonha nacional e at\u00e9 internacional, a mutila\u00e7\u00e3o dos livros did\u00e1ticos a pedido do prefeito Thiago Flores e de um grupo de vereadores evang\u00e9licos daquela simp\u00e1tica cidade rondoniense entrar\u00e1 para os anais da hist\u00f3ria como uma das maiores viol\u00eancias contra o bom senso e as liberdades individuais reinantes no pa\u00eds neste in\u00edcio de s\u00e9culo XXI. <!--more--><\/p>\n<p>Desde a queima de livros pelos nazistas em 1933 na Alemanha que n\u00e3o se via tamanha estupidez e imoralidade em nome da moral e dos bons costumes. O PMDB, partido de Flores e herdeiro \u00fanico do MDB de Ulysses Guimar\u00e3es, lutou heroicamente durante a Ditadura Militar contra a censura e a falta de liberdade de express\u00e3o. N\u00e3o poderia ter entrado nesta fria e nem permitido esta vergonha absurda e anacr\u00f4nica.<\/p>\n<p>A volta da censura por motivos religiosos lembra os duros tempos dos Tribunais da Santa Inquisi\u00e7\u00e3o e tamb\u00e9m da Ditadura Militar. E n\u00e3o adianta invocar a vontade do povo soberano de Ariquemes para tomar medida t\u00e3o esdr\u00faxula. Um munic\u00edpio n\u00e3o pode criar leis que contrariem a Constitui\u00e7\u00e3o do pa\u00eds. O artigo 220 em seu segundo par\u00e1grafo \u00e9 claro: \u201ccensura \u00e9 todo procedimento oficial visando a impedir a livre circula\u00e7\u00e3o de ideias contr\u00e1rias aos interesses dos detentores do Poder P\u00fablico\u201d. Se os vereadores evang\u00e9licos e o prefeito Thiago Flores n\u00e3o gostaram do que leram (se \u00e9 que leram) nos livros, por princ\u00edpios constitucionais est\u00e3o impedidos de censurar, vetar ou mutilar qualquer parte dessas obras. Ali\u00e1s, eles pediram a autoriza\u00e7\u00e3o dos autores ou da editora para fazer isso? E os professores que fizeram a escolha, por que n\u00e3o foram ouvidos?<\/p>\n<p>Al\u00e9m do mais, Ariquemes tem uns 90 mil habitantes. Pouco mais de 27 mil apenas votou no atual prefeito. Ser\u00e1 que destes, todos concordam com a decis\u00e3o absurda e cerceadora da express\u00e3o alheia? At\u00e9 parece que na cidade n\u00e3o h\u00e1 bons advogados para ter orientado melhor o prefeito censor. Pior: n\u00e3o vi at\u00e9 agora nenhum professor da cidade reclamar do fato. Nem os que escolheram os livros. Falar que existem fam\u00edlias diferentes das tradicionais n\u00e3o pode. Falar que existem homossexuais e minorias tamb\u00e9m n\u00e3o. Mas assistir ao BBB e navegar em sites pornogr\u00e1ficos da internet parece que pode. N\u00e3o \u00e9 incr\u00edvel? Pior mesmo \u00e9 um cara metido a jornalista defender a atitude insana do prefeito. Um comunicador defender publicamente a censura \u00e9 o fim dos tempos. Ser\u00e1 que se sua coluna fosse adulterada ou censurada ele ficaria feliz e alegre?<\/p>\n<p>Mas se a moda de Ariquemes pegasse, seria interessante ver obras inteiras sendo maculadas, cortadas, tesouradas, censuradas. Dom Casmurro de Machado de Assis teria outro nome ou simplesmente as p\u00e1ginas \u201cinconvenientes\u201d do livro de \u201cBentinho e Capitu\u201d seriam suprimidas. Obras inteiras consagradas pelas literaturas nacional e mundial seriam picotadas, mudadas e adulteradas sem a permiss\u00e3o de autores e editoras e ainda teria a coniv\u00eancia burra de jornalistas desinformados. Clarice, Drummond, o pr\u00f3prio Machado, Euclides da Cunha, Lima Barreto, E\u00e7a de Queir\u00f3s, Fernando Pessoa e tantos outros sendo modificados por causa da religi\u00e3o e do obscurantismo seria uma curiosa volta aos tempos medievais. N\u00e3o existem livros gays nem santos. O que existem s\u00e3o mentes doentes, bitoladas, m\u00e1 f\u00e9, o desejo de obscurantismo, burrice e hipocrisia. Muita hipocrisia. Ser\u00e1 que j\u00e1 marcaram o dia do \u00edndex l\u00e1 em Ariquemes? Vou l\u00e1 ver.<\/p>\n<p>*\u00c9 Professor em Porto Velho<\/p>\n","protected":false},"excerpt":{"rendered":"<p>Do blog do tio Naza O caso medieval dos \u201clivros de Ariquemes\u201d ainda dar\u00e1 muito que falar. Vergonha nacional e at\u00e9 internacional, a mutila\u00e7\u00e3o dos livros did\u00e1ticos a pedido do prefeito Thiago Flores e de um grupo de vereadores evang\u00e9licos daquela simp\u00e1tica cidade rondoniense entrar\u00e1 para os anais da hist\u00f3ria como uma das maiores viol\u00eancias&#8230;<a class=\"more-link\" href=\"http:\/\/blogdalucianaoliveira.com.br\/blog\/2017\/01\/31\/livros-gays-livros-santos\/\">Continue a leitura <span class=\"meta-nav\">&raquo;<\/span><\/a><\/p>\n","protected":false},"author":1,"featured_media":0,"comment_status":"closed","ping_status":"open","sticky":false,"template":"","format":"standard","meta":{"_exactmetrics_skip_tracking":false,"_exactmetrics_sitenote_active":false,"_exactmetrics_sitenote_note":"","_exactmetrics_sitenote_category":0,"jetpack_post_was_ever_published":false,"_jetpack_newsletter_access":"","_jetpack_dont_email_post_to_subs":false,"_jetpack_newsletter_tier_id":0,"_jetpack_memberships_contains_paywalled_content":false,"_jetpack_memberships_contains_paid_content":false,"footnotes":"","jetpack_publicize_message":"","jetpack_publicize_feature_enabled":true,"jetpack_social_post_already_shared":true,"jetpack_social_options":{"image_generator_settings":{"template":"highway","enabled":false},"version":2}},"categories":[1],"tags":[],"class_list":["post-8090","post","type-post","status-publish","format-standard","hentry","category-notas"],"jetpack_publicize_connections":[],"jetpack_sharing_enabled":true,"jetpack_featured_media_url":"","jetpack_shortlink":"https:\/\/wp.me\/p7wKYW-26u","jetpack-related-posts":[],"_links":{"self":[{"href":"http:\/\/blogdalucianaoliveira.com.br\/blog\/wp-json\/wp\/v2\/posts\/8090","targetHints":{"allow":["GET"]}}],"collection":[{"href":"http:\/\/blogdalucianaoliveira.com.br\/blog\/wp-json\/wp\/v2\/posts"}],"about":[{"href":"http:\/\/blogdalucianaoliveira.com.br\/blog\/wp-json\/wp\/v2\/types\/post"}],"author":[{"embeddable":true,"href":"http:\/\/blogdalucianaoliveira.com.br\/blog\/wp-json\/wp\/v2\/users\/1"}],"replies":[{"embeddable":true,"href":"http:\/\/blogdalucianaoliveira.com.br\/blog\/wp-json\/wp\/v2\/comments?post=8090"}],"version-history":[{"count":1,"href":"http:\/\/blogdalucianaoliveira.com.br\/blog\/wp-json\/wp\/v2\/posts\/8090\/revisions"}],"predecessor-version":[{"id":8092,"href":"http:\/\/blogdalucianaoliveira.com.br\/blog\/wp-json\/wp\/v2\/posts\/8090\/revisions\/8092"}],"wp:attachment":[{"href":"http:\/\/blogdalucianaoliveira.com.br\/blog\/wp-json\/wp\/v2\/media?parent=8090"}],"wp:term":[{"taxonomy":"category","embeddable":true,"href":"http:\/\/blogdalucianaoliveira.com.br\/blog\/wp-json\/wp\/v2\/categories?post=8090"},{"taxonomy":"post_tag","embeddable":true,"href":"http:\/\/blogdalucianaoliveira.com.br\/blog\/wp-json\/wp\/v2\/tags?post=8090"}],"curies":[{"name":"wp","href":"https:\/\/api.w.org\/{rel}","templated":true}]}}