{"id":8094,"date":"2017-01-31T13:52:13","date_gmt":"2017-01-31T17:52:13","guid":{"rendered":"http:\/\/blogdalucianaoliveira.com.br\/blog\/?p=8094"},"modified":"2017-01-31T17:06:59","modified_gmt":"2017-01-31T21:06:59","slug":"michel-e-o-grande-acordo-nacional-com-supremo-com-tudo","status":"publish","type":"post","link":"http:\/\/blogdalucianaoliveira.com.br\/blog\/2017\/01\/31\/michel-e-o-grande-acordo-nacional-com-supremo-com-tudo\/","title":{"rendered":"Michel e o &#8220;grande acordo nacional, com Supremo, com tudo&#8221;"},"content":{"rendered":"<p><img data-recalc-dims=\"1\" loading=\"lazy\" decoding=\"async\" data-attachment-id=\"8095\" data-permalink=\"http:\/\/blogdalucianaoliveira.com.br\/blog\/2017\/01\/31\/michel-e-o-grande-acordo-nacional-com-supremo-com-tudo\/img_1268\/\" data-orig-file=\"https:\/\/i0.wp.com\/blogdalucianaoliveira.com.br\/blog\/wp-content\/uploads\/2017\/01\/IMG_1268.jpg?fit=495%2C297\" data-orig-size=\"495,297\" data-comments-opened=\"0\" data-image-meta=\"{&quot;aperture&quot;:&quot;0&quot;,&quot;credit&quot;:&quot;&quot;,&quot;camera&quot;:&quot;&quot;,&quot;caption&quot;:&quot;&quot;,&quot;created_timestamp&quot;:&quot;0&quot;,&quot;copyright&quot;:&quot;&quot;,&quot;focal_length&quot;:&quot;0&quot;,&quot;iso&quot;:&quot;0&quot;,&quot;shutter_speed&quot;:&quot;0&quot;,&quot;title&quot;:&quot;&quot;,&quot;orientation&quot;:&quot;0&quot;}\" data-image-title=\"IMG_1268\" data-image-description=\"\" data-image-caption=\"\" data-medium-file=\"https:\/\/i0.wp.com\/blogdalucianaoliveira.com.br\/blog\/wp-content\/uploads\/2017\/01\/IMG_1268.jpg?fit=300%2C180\" data-large-file=\"https:\/\/i0.wp.com\/blogdalucianaoliveira.com.br\/blog\/wp-content\/uploads\/2017\/01\/IMG_1268.jpg?fit=495%2C297\" src=\"https:\/\/i0.wp.com\/blogdalucianaoliveira.com.br\/blog\/wp-content\/uploads\/2017\/01\/IMG_1268.jpg?resize=495%2C297\" alt=\"IMG_1268\" width=\"495\" height=\"297\" class=\"alignnone size-full wp-image-8095\" srcset=\"https:\/\/i0.wp.com\/blogdalucianaoliveira.com.br\/blog\/wp-content\/uploads\/2017\/01\/IMG_1268.jpg?w=495 495w, https:\/\/i0.wp.com\/blogdalucianaoliveira.com.br\/blog\/wp-content\/uploads\/2017\/01\/IMG_1268.jpg?resize=300%2C180 300w\" sizes=\"auto, (max-width: 495px) 100vw, 495px\" \/><\/p>\n<p>Por que o sigilo nas dela\u00e7\u00f5es? <!--more--><\/p>\n<p>O golpe se provaria at\u00e9 ao mais fan\u00e1tico da direita, o PT n\u00e3o seria mais foco \u00fanico da revolta contra a corrup\u00e7\u00e3o, o desmonte por meio de reformas que ir\u00e3o \u00e0 vota\u00e7\u00e3o estaria comprometido, o Congresso Nacional seria desmoralizado e a Comiss\u00e3o de \u00c9tica iria trabalhar o dobro desde que foi criada, haveria queda em efeito domin\u00f3 de ministros, a cabe\u00e7a do Temer iria parar no cadafalso e o poder judici\u00e1rio estaria sob press\u00e3o e desconfian\u00e7a. <\/p>\n<p><img data-recalc-dims=\"1\" loading=\"lazy\" decoding=\"async\" data-attachment-id=\"8099\" data-permalink=\"http:\/\/blogdalucianaoliveira.com.br\/blog\/2017\/01\/31\/michel-e-o-grande-acordo-nacional-com-supremo-com-tudo\/img_1269\/\" data-orig-file=\"https:\/\/i0.wp.com\/blogdalucianaoliveira.com.br\/blog\/wp-content\/uploads\/2017\/01\/IMG_1269.jpg?fit=744%2C836\" data-orig-size=\"744,836\" data-comments-opened=\"0\" data-image-meta=\"{&quot;aperture&quot;:&quot;0&quot;,&quot;credit&quot;:&quot;&quot;,&quot;camera&quot;:&quot;&quot;,&quot;caption&quot;:&quot;&quot;,&quot;created_timestamp&quot;:&quot;0&quot;,&quot;copyright&quot;:&quot;&quot;,&quot;focal_length&quot;:&quot;0&quot;,&quot;iso&quot;:&quot;0&quot;,&quot;shutter_speed&quot;:&quot;0&quot;,&quot;title&quot;:&quot;&quot;,&quot;orientation&quot;:&quot;0&quot;}\" data-image-title=\"IMG_1269\" data-image-description=\"\" data-image-caption=\"\" data-medium-file=\"https:\/\/i0.wp.com\/blogdalucianaoliveira.com.br\/blog\/wp-content\/uploads\/2017\/01\/IMG_1269.jpg?fit=267%2C300\" data-large-file=\"https:\/\/i0.wp.com\/blogdalucianaoliveira.com.br\/blog\/wp-content\/uploads\/2017\/01\/IMG_1269.jpg?fit=600%2C674\" src=\"https:\/\/i0.wp.com\/blogdalucianaoliveira.com.br\/blog\/wp-content\/uploads\/2017\/01\/IMG_1269.jpg?resize=600%2C674\" alt=\"IMG_1269\" width=\"600\" height=\"674\" class=\"alignnone size-full wp-image-8099\" srcset=\"https:\/\/i0.wp.com\/blogdalucianaoliveira.com.br\/blog\/wp-content\/uploads\/2017\/01\/IMG_1269.jpg?w=744 744w, https:\/\/i0.wp.com\/blogdalucianaoliveira.com.br\/blog\/wp-content\/uploads\/2017\/01\/IMG_1269.jpg?resize=267%2C300 267w\" sizes=\"auto, (max-width: 600px) 100vw, 600px\" \/><\/p>\n<p>Ou t\u00e1 na cara que as dela\u00e7\u00f5es envolvem o poder judici\u00e1rio? <\/p>\n<p>Talvez uma sess\u00e3o pra psicografar mensagem do Teori seja a solu\u00e7\u00e3o a quem tem d\u00favidas sobre o golpe. <\/p>\n<p>Cad\u00ea a porra da &#8216;maioria&#8217; que tirou Dilma pelo fim da corrup\u00e7\u00e3o? <\/p>\n<p>Por que n\u00e3o pedem o fim do sigilo?<\/p>\n","protected":false},"excerpt":{"rendered":"<p>Por que o sigilo nas dela\u00e7\u00f5es?<\/p>\n","protected":false},"author":1,"featured_media":0,"comment_status":"closed","ping_status":"open","sticky":false,"template":"","format":"standard","meta":{"_exactmetrics_skip_tracking":false,"_exactmetrics_sitenote_active":false,"_exactmetrics_sitenote_note":"","_exactmetrics_sitenote_category":0,"jetpack_post_was_ever_published":false,"_jetpack_newsletter_access":"","_jetpack_dont_email_post_to_subs":false,"_jetpack_newsletter_tier_id":0,"_jetpack_memberships_contains_paywalled_content":false,"_jetpack_memberships_contains_paid_content":false,"footnotes":"","jetpack_publicize_message":"","jetpack_publicize_feature_enabled":true,"jetpack_social_post_already_shared":true,"jetpack_social_options":{"image_generator_settings":{"template":"highway","enabled":false},"version":2}},"categories":[1],"tags":[],"class_list":["post-8094","post","type-post","status-publish","format-standard","hentry","category-notas"],"jetpack_publicize_connections":[],"jetpack_sharing_enabled":true,"jetpack_featured_media_url":"","jetpack_shortlink":"https:\/\/wp.me\/p7wKYW-26y","jetpack-related-posts":[],"_links":{"self":[{"href":"http:\/\/blogdalucianaoliveira.com.br\/blog\/wp-json\/wp\/v2\/posts\/8094","targetHints":{"allow":["GET"]}}],"collection":[{"href":"http:\/\/blogdalucianaoliveira.com.br\/blog\/wp-json\/wp\/v2\/posts"}],"about":[{"href":"http:\/\/blogdalucianaoliveira.com.br\/blog\/wp-json\/wp\/v2\/types\/post"}],"author":[{"embeddable":true,"href":"http:\/\/blogdalucianaoliveira.com.br\/blog\/wp-json\/wp\/v2\/users\/1"}],"replies":[{"embeddable":true,"href":"http:\/\/blogdalucianaoliveira.com.br\/blog\/wp-json\/wp\/v2\/comments?post=8094"}],"version-history":[{"count":6,"href":"http:\/\/blogdalucianaoliveira.com.br\/blog\/wp-json\/wp\/v2\/posts\/8094\/revisions"}],"predecessor-version":[{"id":8102,"href":"http:\/\/blogdalucianaoliveira.com.br\/blog\/wp-json\/wp\/v2\/posts\/8094\/revisions\/8102"}],"wp:attachment":[{"href":"http:\/\/blogdalucianaoliveira.com.br\/blog\/wp-json\/wp\/v2\/media?parent=8094"}],"wp:term":[{"taxonomy":"category","embeddable":true,"href":"http:\/\/blogdalucianaoliveira.com.br\/blog\/wp-json\/wp\/v2\/categories?post=8094"},{"taxonomy":"post_tag","embeddable":true,"href":"http:\/\/blogdalucianaoliveira.com.br\/blog\/wp-json\/wp\/v2\/tags?post=8094"}],"curies":[{"name":"wp","href":"https:\/\/api.w.org\/{rel}","templated":true}]}}