{"id":810,"date":"2016-05-14T07:42:38","date_gmt":"2016-05-14T11:42:38","guid":{"rendered":"http:\/\/blogdalucianaoliveira.com.br\/blog\/?p=810"},"modified":"2016-05-14T07:43:49","modified_gmt":"2016-05-14T11:43:49","slug":"a-visao-de-fora-para-jornal-britanico-machismo-e-rancor-da-direita-derrubaram-dilma","status":"publish","type":"post","link":"http:\/\/blogdalucianaoliveira.com.br\/blog\/2016\/05\/14\/a-visao-de-fora-para-jornal-britanico-machismo-e-rancor-da-direita-derrubaram-dilma\/","title":{"rendered":"A vis\u00e3o de fora: para jornal brit\u00e2nico, machismo e rancor da direita derrubaram Dilma"},"content":{"rendered":"<p>Do UOL<\/p>\n<p><img data-recalc-dims=\"1\" loading=\"lazy\" decoding=\"async\" data-attachment-id=\"811\" data-permalink=\"http:\/\/blogdalucianaoliveira.com.br\/blog\/2016\/05\/14\/a-visao-de-fora-para-jornal-britanico-machismo-e-rancor-da-direita-derrubaram-dilma\/image-167\/\" data-orig-file=\"https:\/\/i0.wp.com\/blogdalucianaoliveira.com.br\/blog\/wp-content\/uploads\/2016\/05\/image-143.jpeg?fit=468%2C499\" data-orig-size=\"468,499\" data-comments-opened=\"0\" data-image-meta=\"{&quot;aperture&quot;:&quot;0&quot;,&quot;credit&quot;:&quot;&quot;,&quot;camera&quot;:&quot;&quot;,&quot;caption&quot;:&quot;&quot;,&quot;created_timestamp&quot;:&quot;0&quot;,&quot;copyright&quot;:&quot;&quot;,&quot;focal_length&quot;:&quot;0&quot;,&quot;iso&quot;:&quot;0&quot;,&quot;shutter_speed&quot;:&quot;0&quot;,&quot;title&quot;:&quot;&quot;,&quot;orientation&quot;:&quot;1&quot;}\" data-image-title=\"image\" data-image-description=\"\" data-image-caption=\"\" data-medium-file=\"https:\/\/i0.wp.com\/blogdalucianaoliveira.com.br\/blog\/wp-content\/uploads\/2016\/05\/image-143.jpeg?fit=281%2C300\" data-large-file=\"https:\/\/i0.wp.com\/blogdalucianaoliveira.com.br\/blog\/wp-content\/uploads\/2016\/05\/image-143.jpeg?fit=468%2C499\" src=\"https:\/\/i0.wp.com\/blogdalucianaoliveira.com.br\/blog\/wp-content\/uploads\/2016\/05\/image-143.jpeg?resize=468%2C499\" alt=\"image\" width=\"468\" height=\"499\" class=\"alignnone size-full wp-image-811\" srcset=\"https:\/\/i0.wp.com\/blogdalucianaoliveira.com.br\/blog\/wp-content\/uploads\/2016\/05\/image-143.jpeg?w=468 468w, https:\/\/i0.wp.com\/blogdalucianaoliveira.com.br\/blog\/wp-content\/uploads\/2016\/05\/image-143.jpeg?resize=281%2C300 281w\" sizes=\"auto, (max-width: 468px) 100vw, 468px\" \/><\/p>\n<p>A m\u00eddia internacional deu grande destaque \u00e0 troca de poder ocorrida no Brasil na quinta-feira (12) ap\u00f3s o afastamento pelo Senado da presidente Dilma Rousseff.<!--more--><\/p>\n<p>Como era esperado, a repercuss\u00e3o foi dominada pela percep\u00e7\u00e3o de que o governo de Michel Temer precisar\u00e1 investir pesado em um arrefecimento do clima de polariza\u00e7\u00e3o pol\u00edtica no pa\u00eds, ao mesmo tempo em que busca a estabiliza\u00e7\u00e3o econ\u00f4mica.<\/p>\n<p>Mas novamente houve espa\u00e7o para cr\u00edticas ao establishment pol\u00edtico brasileiro. Abaixo, um resumo da vis\u00e3o de algumas dos principais ve\u00edculos de m\u00eddia do mundo.<\/p>\n<p>&#8220;The Guardian&#8221;, Reino Unido<br \/>\nEm editorial com o t\u00edtulo &#8220;O sistema pol\u00edtico deveria ir a julgamento, n\u00e3o apenas uma mulher&#8221;, o jornal brit\u00e2nico diz que o Brasil &#8220;meteu-se em uma imensa bagun\u00e7a e \u00e9 dif\u00edcil ver como pode sair dela&#8221;.<\/p>\n<p>Apesar de ressaltar que a presidente cometeu erros que, na opini\u00e3o do jornal, contribu\u00edram para sua queda, o &#8220;Guardian&#8221; classifica o impeachment como prova clara de problemas estruturais na pol\u00edtica brasileira.<\/p>\n<p>&#8220;N\u00e3o foi apenas a carreira de Dilma que caiu, mas o sistema democr\u00e1tico brasileiro como um todo&#8221;.<\/p>\n<p>Para o jornal, &#8220;o preconceito contra uma l\u00edder mulher e rancores de uma direita que nunca aceitou totalmente a ascens\u00e3o do PT&#8221; tiveram papel nessa queda.<\/p>\n<p>O jornal classifica o sistema pol\u00edtico brasileiro como &#8220;disfuncional ao ponto de tornar a corrup\u00e7\u00e3o virtualmente inevit\u00e1vel e obstruir a boa governan\u00e7a&#8221;.<\/p>\n<p>O &#8220;Guardian&#8221; defende a necessidade de mudan\u00e7as constitucionais radicais para tornar a pol\u00edtica mais execut\u00e1vel e &#8220;honesta&#8221; no Brasil, mas disse duvidar da capacidade do governo Temer de fazer o que definiu como uma guinada.<\/p>\n<p>&#8220;New York Times&#8221;, EUA<br \/>\nCom uma reportagem de seu correspondente no Brasil, Simon Romero, o &#8220;NYT&#8221; d\u00e1 destaque para o an\u00fancio do minist\u00e9rio de Temer, mencionando a aus\u00eancia de mulheres, negros e a escolha do l\u00edder ruralista e megaprodutor Blairo Maggi para o Minist\u00e9rio da Agricultura.<\/p>\n<p>Mas v\u00ea como positiva a escolha do ex-presidente do Banco Central Henrique Meirelles para a pasta da Fazenda, lembrando que este havia feito parte do governo de Luiz In\u00e1cio Lula da Silva.<\/p>\n<p>Em editorial, o jornal diz que Dilma &#8220;est\u00e1 certa ao questionar as motiva\u00e7\u00f5es e autoridade moral dos pol\u00edticos que a querem tirar do poder&#8221;, apesar de classificar a agora presidente suspensa como uma &#8220;p\u00e9ssima pol\u00edtica&#8221;.<\/p>\n<p>O &#8220;NYT&#8221; considera que Dilma parece destinada a pagar &#8220;um pre\u00e7o altamente desproporcional por seus problemas administrativos enquanto seus acusadores mais ardentes s\u00e3o acusados crimes mais graves&#8221;.<\/p>\n<p>&#8220;Eles podem descobrir que muito da ira dirigida a ela poder\u00e1 em breve ser redirecionada&#8221;, diz o jornal.<\/p>\n<p>&#8220;Wall Street Journal&#8221;, EUA<br \/>\nAdotando um tom mais pragm\u00e1tico, apesar de identificar Temer como um &#8220;orquestrador&#8221; do impeachment de Dilma, a publica\u00e7\u00e3o americana diz que o principal desafio do presidente interino \u00e9 demonstrar se a troca de poder poder\u00e1 reanimar a economia brasileira tendo em vista sua falta de apoio popular e o fato de que ter\u00e1 pela frente o PT na oposi\u00e7\u00e3o &#8211; que \u00e9 o segundo maior partido do Congresso.<\/p>\n<p>&#8220;Financial Times&#8221;, Reino Unido<br \/>\nCom o t\u00edtulo &#8220;Novo l\u00edder do Brasil enfrenta crise tripla&#8221;, o &#8220;FT&#8221; volta a defender a realiza\u00e7\u00e3o de novas elei\u00e7\u00f5es e reforma pol\u00edtica com a melhor sa\u00edda para o pa\u00eds. Mas elogia a escolha do que chamou de &#8220;equipe econ\u00f4mica com credibilidade&#8221;, destacando a escolha de Henrique Meirelles para a Fazenda e prevendo uma mensagem positiva para o mercado.<\/p>\n<p>O jornal brit\u00e2nico diz ainda que Temer precisa permitir que a Opera\u00e7\u00e3o Lava Jato prossiga, mesmo que isso possa deixar o presidente interino &#8220;mais exposto&#8221;.<\/p>\n<p>&#8220;La Naci\u00f3n&#8221;, Argentina<br \/>\nA publica\u00e7\u00e3o sul-americana destaca a troca de poder como uma &#8220;demonstra\u00e7\u00e3o da face anacr\u00f4nica de um pa\u00eds de aspira\u00e7\u00f5es modernas&#8221;.<\/p>\n<p>&#8220;Na bandeira do Brasil h\u00e1 o lema &#8216;Ordem e Progresso&#8217;, mas a imagens deixadas pelas sess\u00f5es do processo de impeachment de Dilma Rousseff mostraram o contr\u00e1rio&#8221;, escreve o correspondente no Brasil, Alberto Almendariz.<\/p>\n<p>&#8220;Le Monde&#8221;, Fran\u00e7a<br \/>\nO jornal europeu destaca a pol\u00eamica forma\u00e7\u00e3o do minist\u00e9rio de Temer (&#8220;23 homens, todos brancos&#8221;), mencionando ainda as liga\u00e7\u00f5es da Opera\u00e7\u00e3o Lava Jato com o novo partido do governo, o PMDB.<\/p>\n<p>O &#8220;Le Monde&#8221; elogia a inten\u00e7\u00e3o de Temer de criar um governo de uni\u00e3o nacional ao abrir espa\u00e7o para Meirelles e Jos\u00e9 Serra. Mas diz ver o Brasil em uma crise de confian\u00e7a e classifica a suspens\u00e3o de Dilma como &#8220;resultado de manobras de uma classe pol\u00edtica altamente desacreditada&#8221;.<\/p>\n","protected":false},"excerpt":{"rendered":"<p>Do UOL A m\u00eddia internacional deu grande destaque \u00e0 troca de poder ocorrida no Brasil na quinta-feira (12) ap\u00f3s o afastamento pelo Senado da presidente Dilma Rousseff.<\/p>\n","protected":false},"author":1,"featured_media":0,"comment_status":"closed","ping_status":"open","sticky":false,"template":"","format":"standard","meta":{"_exactmetrics_skip_tracking":false,"_exactmetrics_sitenote_active":false,"_exactmetrics_sitenote_note":"","_exactmetrics_sitenote_category":0,"jetpack_post_was_ever_published":false,"_jetpack_newsletter_access":"","_jetpack_dont_email_post_to_subs":false,"_jetpack_newsletter_tier_id":0,"_jetpack_memberships_contains_paywalled_content":false,"_jetpack_memberships_contains_paid_content":false,"footnotes":"","jetpack_publicize_message":"","jetpack_publicize_feature_enabled":true,"jetpack_social_post_already_shared":true,"jetpack_social_options":{"image_generator_settings":{"template":"highway","enabled":false},"version":2}},"categories":[1],"tags":[],"class_list":["post-810","post","type-post","status-publish","format-standard","hentry","category-notas"],"jetpack_publicize_connections":[],"jetpack_sharing_enabled":true,"jetpack_featured_media_url":"","jetpack_shortlink":"https:\/\/wp.me\/p7wKYW-d4","jetpack-related-posts":[],"_links":{"self":[{"href":"http:\/\/blogdalucianaoliveira.com.br\/blog\/wp-json\/wp\/v2\/posts\/810","targetHints":{"allow":["GET"]}}],"collection":[{"href":"http:\/\/blogdalucianaoliveira.com.br\/blog\/wp-json\/wp\/v2\/posts"}],"about":[{"href":"http:\/\/blogdalucianaoliveira.com.br\/blog\/wp-json\/wp\/v2\/types\/post"}],"author":[{"embeddable":true,"href":"http:\/\/blogdalucianaoliveira.com.br\/blog\/wp-json\/wp\/v2\/users\/1"}],"replies":[{"embeddable":true,"href":"http:\/\/blogdalucianaoliveira.com.br\/blog\/wp-json\/wp\/v2\/comments?post=810"}],"version-history":[{"count":2,"href":"http:\/\/blogdalucianaoliveira.com.br\/blog\/wp-json\/wp\/v2\/posts\/810\/revisions"}],"predecessor-version":[{"id":813,"href":"http:\/\/blogdalucianaoliveira.com.br\/blog\/wp-json\/wp\/v2\/posts\/810\/revisions\/813"}],"wp:attachment":[{"href":"http:\/\/blogdalucianaoliveira.com.br\/blog\/wp-json\/wp\/v2\/media?parent=810"}],"wp:term":[{"taxonomy":"category","embeddable":true,"href":"http:\/\/blogdalucianaoliveira.com.br\/blog\/wp-json\/wp\/v2\/categories?post=810"},{"taxonomy":"post_tag","embeddable":true,"href":"http:\/\/blogdalucianaoliveira.com.br\/blog\/wp-json\/wp\/v2\/tags?post=810"}],"curies":[{"name":"wp","href":"https:\/\/api.w.org\/{rel}","templated":true}]}}