{"id":8118,"date":"2017-02-01T12:53:26","date_gmt":"2017-02-01T16:53:26","guid":{"rendered":"http:\/\/blogdalucianaoliveira.com.br\/blog\/?p=8118"},"modified":"2017-02-01T12:55:25","modified_gmt":"2017-02-01T16:55:25","slug":"kotscho-pessoas-de-bem-e-novo-brasil-do-que-se-trata","status":"publish","type":"post","link":"http:\/\/blogdalucianaoliveira.com.br\/blog\/2017\/02\/01\/kotscho-pessoas-de-bem-e-novo-brasil-do-que-se-trata\/","title":{"rendered":"KOTSCHO: \u201cPESSOAS DE BEM\u201d E \u201cNOVO BRASIL\u201d: DO QUE SE TRATA?"},"content":{"rendered":"<p><img data-recalc-dims=\"1\" loading=\"lazy\" decoding=\"async\" data-attachment-id=\"8119\" data-permalink=\"http:\/\/blogdalucianaoliveira.com.br\/blog\/2017\/02\/01\/kotscho-pessoas-de-bem-e-novo-brasil-do-que-se-trata\/kot\/\" data-orig-file=\"https:\/\/i0.wp.com\/blogdalucianaoliveira.com.br\/blog\/wp-content\/uploads\/2017\/02\/kot.jpg?fit=1001%2C357\" data-orig-size=\"1001,357\" data-comments-opened=\"0\" data-image-meta=\"{&quot;aperture&quot;:&quot;0&quot;,&quot;credit&quot;:&quot;&quot;,&quot;camera&quot;:&quot;&quot;,&quot;caption&quot;:&quot;&quot;,&quot;created_timestamp&quot;:&quot;0&quot;,&quot;copyright&quot;:&quot;&quot;,&quot;focal_length&quot;:&quot;0&quot;,&quot;iso&quot;:&quot;0&quot;,&quot;shutter_speed&quot;:&quot;0&quot;,&quot;title&quot;:&quot;&quot;,&quot;orientation&quot;:&quot;0&quot;}\" data-image-title=\"kot\" data-image-description=\"\" data-image-caption=\"\" data-medium-file=\"https:\/\/i0.wp.com\/blogdalucianaoliveira.com.br\/blog\/wp-content\/uploads\/2017\/02\/kot.jpg?fit=300%2C107\" data-large-file=\"https:\/\/i0.wp.com\/blogdalucianaoliveira.com.br\/blog\/wp-content\/uploads\/2017\/02\/kot.jpg?fit=600%2C214\" src=\"https:\/\/i0.wp.com\/blogdalucianaoliveira.com.br\/blog\/wp-content\/uploads\/2017\/02\/kot.jpg?resize=600%2C214\" alt=\"kot\" width=\"600\" height=\"214\" class=\"alignnone size-full wp-image-8119\" srcset=\"https:\/\/i0.wp.com\/blogdalucianaoliveira.com.br\/blog\/wp-content\/uploads\/2017\/02\/kot.jpg?w=1001 1001w, https:\/\/i0.wp.com\/blogdalucianaoliveira.com.br\/blog\/wp-content\/uploads\/2017\/02\/kot.jpg?resize=300%2C107 300w, https:\/\/i0.wp.com\/blogdalucianaoliveira.com.br\/blog\/wp-content\/uploads\/2017\/02\/kot.jpg?resize=768%2C274 768w, https:\/\/i0.wp.com\/blogdalucianaoliveira.com.br\/blog\/wp-content\/uploads\/2017\/02\/kot.jpg?resize=800%2C285 800w\" sizes=\"auto, (max-width: 600px) 100vw, 600px\" \/><\/p>\n<p>Por Ricardo Kotscho<\/p>\n<p>De uns tempos para c\u00e1, multiplicam-se por toda parte os que se autointitulam e falam em nome das &#8220;pessoas de bem&#8221; ou dos &#8220;brasileiros decentes&#8221;.<!--more--><\/p>\n<p>H\u00e1 muitos tamb\u00e9m que se apresentam como porta-vozes de um &#8220;novo Brasil&#8221;, a se contrapor, imagino, ao que consideram velho e deve morrer.<\/p>\n<p>Do que se trata? \u00c9 o embri\u00e3o de um novo partido (mais um?!), uma nascente corrente filos\u00f3fica ou seriam membros de algum desses institutos que pululam por a\u00ed defendendo a liberdade de express\u00e3o e o livre mercado?<\/p>\n<p>Podem ser encontrados nas redes sociais, em colunas de leitores dos jornais e em blogs diversos. Curiosamente, apresentam-se todos como &#8220;apol\u00edticos&#8221; e &#8220;apartid\u00e1rios&#8221;.<\/p>\n<p>A bandeira que os une \u00e9 um discurso enfezado contra os corruptos e a corrup\u00e7\u00e3o (dos outros), como se todos eles e seus amigos pagassem seus impostos em dia, fossem respeitadores das leis trabalhistas e do tr\u00e2nsito, e vivessem em estado de gra\u00e7a permanente, sem pecados.<\/p>\n<p>Alguns eu at\u00e9 conhe\u00e7o, e sei que n\u00e3o \u00e9 bem assim.<\/p>\n<p>\u00c0 parte a hipocrisia e o cinismo inerentes a esta postura de zeladores dos bons costumes, da fam\u00edlia e da propriedade, t\u00edpica da triunfante nova ordem trumpiana, o que esta turma estimula \u00e9 a intoler\u00e2ncia, a divis\u00e3o e a viol\u00eancia.<\/p>\n<p>Quem pensa diferente \u00e9 inimigo a ser abatido pelos donos da p\u00f3s-verdade que dividem o mundo entre quem manda e quem obedece, que se danem os fatos, os n\u00fameros e a realidade.<\/p>\n<p>Onde fica este &#8220;Novo Brasil&#8221; habitado unicamente por &#8220;pessoas de bem&#8221;?<\/p>\n<p>Os &#8220;outros&#8221;, todos aqueles que n\u00e3o pertencem a esta corte de eleitos virtuosos, s\u00f3 podem ser do mal. N\u00e3o deveriam frequentar os mesmos clubes, restaurantes e avi\u00f5es. S\u00e3o a raz\u00e3o da nossa desgra\u00e7a.<\/p>\n<p>S\u00f3 gostaria de saber quem foi que elegeu ou nomeou esta nova legi\u00e3o de imaculados guardi\u00e3es da p\u00e1tria, sempre se colocando acima dos simples mortais para dizer quem presta e quem n\u00e3o presta.<\/p>\n<p>Nas horas ociosas, dedicam-se a ensinar aos donos dos poderes o que devem fazer para salvar o pa\u00eds. Pelo jeito, n\u00e3o est\u00e3o sendo muito ouvidos.<\/p>\n<p>***<\/p>\n<p>Mauro Guimar\u00e3es<\/p>\n<p>Ao escrever este texto, me lembrei e senti falta do meu amigo Mauro Guimar\u00e3es, ele que foi um antenado e implac\u00e1vel observador das contradi\u00e7\u00f5es e fraquezas da nossa paisagem humana, falando baixinho como se contasse um segredo e o sorriso discreto no canto da boca.<\/p>\n<p>Grande contador de casos da vida real, me divertia muito com ele e seus coment\u00e1rios sarc\u00e1sticos sobre estas tais &#8220;pessoas de bem&#8221; nas diferentes reda\u00e7\u00f5es em que trabalhamos juntos, ele sempre como chefe.<\/p>\n<p>Mauro nos deixou na sexta-feira, aos 80 anos, com mais de 50 de jornalismo, como eu tamb\u00e9m gostaria de morrer: dormindo.<\/p>\n<p>Um beijo para a grande Thereza, que zelou n\u00e3o s\u00f3 pelo Mauro, mas tamb\u00e9m por seus muitos amigos de copo e de bar.<\/p>\n<p>Vida que segue.<\/p>\n","protected":false},"excerpt":{"rendered":"<p>Por Ricardo Kotscho De uns tempos para c\u00e1, multiplicam-se por toda parte os que se autointitulam e falam em nome das &#8220;pessoas de bem&#8221; ou dos &#8220;brasileiros decentes&#8221;.<\/p>\n","protected":false},"author":1,"featured_media":0,"comment_status":"closed","ping_status":"open","sticky":false,"template":"","format":"standard","meta":{"_exactmetrics_skip_tracking":false,"_exactmetrics_sitenote_active":false,"_exactmetrics_sitenote_note":"","_exactmetrics_sitenote_category":0,"jetpack_post_was_ever_published":false,"_jetpack_newsletter_access":"","_jetpack_dont_email_post_to_subs":false,"_jetpack_newsletter_tier_id":0,"_jetpack_memberships_contains_paywalled_content":false,"_jetpack_memberships_contains_paid_content":false,"footnotes":"","jetpack_publicize_message":"","jetpack_publicize_feature_enabled":true,"jetpack_social_post_already_shared":true,"jetpack_social_options":{"image_generator_settings":{"template":"highway","enabled":false},"version":2}},"categories":[1],"tags":[],"class_list":["post-8118","post","type-post","status-publish","format-standard","hentry","category-notas"],"jetpack_publicize_connections":[],"jetpack_sharing_enabled":true,"jetpack_featured_media_url":"","jetpack_shortlink":"https:\/\/wp.me\/p7wKYW-26W","jetpack-related-posts":[],"_links":{"self":[{"href":"http:\/\/blogdalucianaoliveira.com.br\/blog\/wp-json\/wp\/v2\/posts\/8118","targetHints":{"allow":["GET"]}}],"collection":[{"href":"http:\/\/blogdalucianaoliveira.com.br\/blog\/wp-json\/wp\/v2\/posts"}],"about":[{"href":"http:\/\/blogdalucianaoliveira.com.br\/blog\/wp-json\/wp\/v2\/types\/post"}],"author":[{"embeddable":true,"href":"http:\/\/blogdalucianaoliveira.com.br\/blog\/wp-json\/wp\/v2\/users\/1"}],"replies":[{"embeddable":true,"href":"http:\/\/blogdalucianaoliveira.com.br\/blog\/wp-json\/wp\/v2\/comments?post=8118"}],"version-history":[{"count":1,"href":"http:\/\/blogdalucianaoliveira.com.br\/blog\/wp-json\/wp\/v2\/posts\/8118\/revisions"}],"predecessor-version":[{"id":8120,"href":"http:\/\/blogdalucianaoliveira.com.br\/blog\/wp-json\/wp\/v2\/posts\/8118\/revisions\/8120"}],"wp:attachment":[{"href":"http:\/\/blogdalucianaoliveira.com.br\/blog\/wp-json\/wp\/v2\/media?parent=8118"}],"wp:term":[{"taxonomy":"category","embeddable":true,"href":"http:\/\/blogdalucianaoliveira.com.br\/blog\/wp-json\/wp\/v2\/categories?post=8118"},{"taxonomy":"post_tag","embeddable":true,"href":"http:\/\/blogdalucianaoliveira.com.br\/blog\/wp-json\/wp\/v2\/tags?post=8118"}],"curies":[{"name":"wp","href":"https:\/\/api.w.org\/{rel}","templated":true}]}}